{"id":9968,"date":"2023-05-01T16:41:43","date_gmt":"2023-05-01T14:41:43","guid":{"rendered":"https:\/\/www.ckiopodkowa.pl\/?p=9968"},"modified":"2023-05-15T12:52:45","modified_gmt":"2023-05-15T10:52:45","slug":"urodziny-stanislawa-moniuszki-koncert-muzyki-klasycznej","status":"publish","type":"post","link":"https:\/\/www.ckiopodkowa.pl\/index.php\/2023\/05\/01\/urodziny-stanislawa-moniuszki-koncert-muzyki-klasycznej\/","title":{"rendered":"Urodziny Stanis\u0142awa Moniuszki &#8211; koncert muzyki klasycznej"},"content":{"rendered":"\n<h2 class=\"wp-block-heading\" id=\"h-w-niedziel-14-maja-o-godz-16-00-zapraszamy-do-pa-acyku-kasyno-na-koncert-muzyki-klasycznej-z-okazji-rocznicy-urodzin-stanis-awa-moniuszki-wyst-pi-studenci-wydzia-u-wokalnego-uniwersytetu-uniwersytetu-muzycznego-fryderyka-chopina-wst-p-wolny\">W niedziel\u0119 14 maja o godz. 16.00 zapraszamy do Pa\u0142acyku Kasyno na koncert muzyki klasycznej z okazji rocznicy urodzin Stanis\u0142awa Moniuszki. Wyst\u0105pi\u0105 studenci wydzia\u0142u wokalnego Uniwersytetu Uniwersytetu Muzycznego Fryderyka Chopina. Wst\u0119p wolny.<\/h2>\n\n\n\n<p>SOPRANY: Ariadna Laddy \/ Zuzanna Telakowiec \/ Maja Wi\u0119ckowska \/ Joanna Zdroik<br>MEZZOSOPRAN: Katarzyna Prokopczyk<br>TENORY: Ernest Tymczyszyn \/ Adam Walasek<br>BARYTONY: Mateusz Kulczy\u0144ski \/ Mateusz Stachowiak<br>BAS: Piotr Bujnowski<br>GO\u015aCIE ZAGRANICZNI: Yeyoung Sohn (Korea P\u0142d.) &#8211; sopran \/ Xiongjie Wu (Chiny) \u2013 bas<br>PIANI\u015aCI: Szymon Kowalczyk \/ Jolanta Pszcz\u00f3\u0142kowska-Pawlik<br>KIEROWNICTWO ARTYSTYCZNE: Jolanta Pszcz\u00f3\u0142kowska-Pawlik<\/p>\n\n\n\n<p>Organizator: <strong>CKiIO <\/strong><br>Wsp\u00f3\u0142praca: <strong>Uniwersytet Muzyczny Fryderyka Chopina | Across Music Foundation | Pawlik Relations Agency<\/strong><\/p>\n","protected":false},"excerpt":{"rendered":"<p>W niedziel\u0119 14 maja o godz. 16.00 zapraszamy do Pa\u0142acyku Kasyno na koncert muzyki klasycznej z okazji rocznicy urodzin Stanis\u0142awa Moniuszki. Wyst\u0105pi\u0105 studenci wydzia\u0142u wokalnego Uniwersytetu Uniwersytetu Muzycznego Fryderyka Chopina. Wst\u0119p wolny. SOPRANY: Ariadna Laddy \/ Zuzanna Telakowiec \/ Maja Wi\u0119ckowska \/ Joanna ZdroikMEZZOSOPRAN: Katarzyna ProkopczykTENORY: Ernest Tymczyszyn \/ Adam WalasekBARYTONY: Mateusz Kulczy\u0144ski \/ Mateusz [&hellip;]<\/p>\n","protected":false},"author":3,"featured_media":9970,"comment_status":"closed","ping_status":"closed","sticky":false,"template":"","format":"standard","meta":{"ocean_post_layout":"","ocean_both_sidebars_style":"","ocean_both_sidebars_content_width":0,"ocean_both_sidebars_sidebars_width":0,"ocean_sidebar":"0","ocean_second_sidebar":"0","ocean_disable_margins":"enable","ocean_add_body_class":"","ocean_shortcode_before_top_bar":"","ocean_shortcode_after_top_bar":"","ocean_shortcode_before_header":"","ocean_shortcode_after_header":"","ocean_has_shortcode":"","ocean_shortcode_after_title":"","ocean_shortcode_before_footer_widgets":"","ocean_shortcode_after_footer_widgets":"","ocean_shortcode_before_footer_bottom":"","ocean_shortcode_after_footer_bottom":"","ocean_display_top_bar":"default","ocean_display_header":"default","ocean_header_style":"","ocean_center_header_left_menu":"0","ocean_custom_header_template":"0","ocean_custom_logo":0,"ocean_custom_retina_logo":0,"ocean_custom_logo_max_width":0,"ocean_custom_logo_tablet_max_width":0,"ocean_custom_logo_mobile_max_width":0,"ocean_custom_logo_max_height":0,"ocean_custom_logo_tablet_max_height":0,"ocean_custom_logo_mobile_max_height":0,"ocean_header_custom_menu":"0","ocean_menu_typo_font_family":"0","ocean_menu_typo_font_subset":"","ocean_menu_typo_font_size":0,"ocean_menu_typo_font_size_tablet":0,"ocean_menu_typo_font_size_mobile":0,"ocean_menu_typo_font_size_unit":"px","ocean_menu_typo_font_weight":"","ocean_menu_typo_font_weight_tablet":"","ocean_menu_typo_font_weight_mobile":"","ocean_menu_typo_transform":"","ocean_menu_typo_transform_tablet":"","ocean_menu_typo_transform_mobile":"","ocean_menu_typo_line_height":0,"ocean_menu_typo_line_height_tablet":0,"ocean_menu_typo_line_height_mobile":0,"ocean_menu_typo_line_height_unit":"","ocean_menu_typo_spacing":0,"ocean_menu_typo_spacing_tablet":0,"ocean_menu_typo_spacing_mobile":0,"ocean_menu_typo_spacing_unit":"","ocean_menu_link_color":"","ocean_menu_link_color_hover":"","ocean_menu_link_color_active":"","ocean_menu_link_background":"","ocean_menu_link_hover_background":"","ocean_menu_link_active_background":"","ocean_menu_social_links_bg":"","ocean_menu_social_hover_links_bg":"","ocean_menu_social_links_color":"","ocean_menu_social_hover_links_color":"","ocean_disable_title":"default","ocean_disable_heading":"default","ocean_post_title":"","ocean_post_subheading":"","ocean_post_title_style":"","ocean_post_title_background_color":"","ocean_post_title_background":0,"ocean_post_title_bg_image_position":"","ocean_post_title_bg_image_attachment":"","ocean_post_title_bg_image_repeat":"","ocean_post_title_bg_image_size":"","ocean_post_title_height":0,"ocean_post_title_bg_overlay":0.5,"ocean_post_title_bg_overlay_color":"","ocean_disable_breadcrumbs":"default","ocean_breadcrumbs_color":"","ocean_breadcrumbs_separator_color":"","ocean_breadcrumbs_links_color":"","ocean_breadcrumbs_links_hover_color":"","ocean_display_footer_widgets":"default","ocean_display_footer_bottom":"default","ocean_custom_footer_template":"0","ocean_post_oembed":"","ocean_post_self_hosted_media":"","ocean_post_video_embed":"","ocean_link_format":"","ocean_link_format_target":"self","ocean_quote_format":"","ocean_quote_format_link":"post","ocean_gallery_link_images":"off","ocean_gallery_id":[],"footnotes":""},"categories":[26,17],"tags":[38,54,491,197,237,80,37,489,490],"class_list":["post-9968","post","type-post","status-publish","format-standard","has-post-thumbnail","hentry","category-aktualnosci","category-koncerty","tag-centrum-kultury-i-inicjatyw-obywatelskich-w-podkowie-lesnej","tag-ckiio","tag-jolanta-pawlik","tag-koncerty","tag-muzyka-klasyczna","tag-palacyk-kasyno","tag-podkowa-lesna","tag-stanislaw-moniuszko","tag-uniwersytet-muzyczny","entry","has-media"],"yoast_head":"<!-- This site is optimized with the Yoast SEO Premium plugin v15.2.1 - https:\/\/yoast.com\/wordpress\/plugins\/seo\/ -->\n<title>Urodziny Stanis\u0142awa Moniuszki - koncert muzyki klasycznej - CKiO Podkowa Le\u015bna<\/title>\n<meta name=\"robots\" content=\"index, follow, max-snippet:-1, max-image-preview:large, max-video-preview:-1\" \/>\n<link rel=\"canonical\" href=\"https:\/\/www.ckiopodkowa.pl\/index.php\/2023\/05\/01\/urodziny-stanislawa-moniuszki-koncert-muzyki-klasycznej\/\" \/>\n<meta property=\"og:locale\" content=\"pl_PL\" \/>\n<meta property=\"og:type\" content=\"article\" \/>\n<meta property=\"og:title\" content=\"Urodziny Stanis\u0142awa Moniuszki - koncert muzyki klasycznej - CKiO Podkowa Le\u015bna\" \/>\n<meta property=\"og:description\" content=\"W niedziel\u0119 14 maja o godz. 16.00 zapraszamy do Pa\u0142acyku Kasyno na koncert muzyki klasycznej z okazji rocznicy urodzin Stanis\u0142awa Moniuszki. Wyst\u0105pi\u0105 studenci wydzia\u0142u wokalnego Uniwersytetu Uniwersytetu Muzycznego Fryderyka Chopina. Wst\u0119p wolny. SOPRANY: Ariadna Laddy \/ Zuzanna Telakowiec \/ Maja Wi\u0119ckowska \/ Joanna ZdroikMEZZOSOPRAN: Katarzyna ProkopczykTENORY: Ernest Tymczyszyn \/ Adam WalasekBARYTONY: Mateusz Kulczy\u0144ski \/ Mateusz [&hellip;]\" \/>\n<meta property=\"og:url\" content=\"https:\/\/www.ckiopodkowa.pl\/index.php\/2023\/05\/01\/urodziny-stanislawa-moniuszki-koncert-muzyki-klasycznej\/\" \/>\n<meta property=\"og:site_name\" content=\"CKiO Podkowa Le\u015bna\" \/>\n<meta property=\"article:published_time\" content=\"2023-05-01T14:41:43+00:00\" \/>\n<meta property=\"article:modified_time\" content=\"2023-05-15T10:52:45+00:00\" \/>\n<meta property=\"og:image\" content=\"https:\/\/www.ckiopodkowa.pl\/wp-content\/uploads\/2023\/05\/Moniuszko_Podkowa-Lesna-scaled.jpg\" \/>\n\t<meta property=\"og:image:width\" content=\"1789\" \/>\n\t<meta property=\"og:image:height\" content=\"2560\" \/>\n<meta name=\"twitter:card\" content=\"summary_large_image\" \/>\n<meta name=\"twitter:label1\" content=\"Napisane przez\">\n\t<meta name=\"twitter:data1\" content=\"Micha\u0142 Burszta\">\n\t<meta name=\"twitter:label2\" content=\"Szacowany czas czytania\">\n\t<meta name=\"twitter:data2\" content=\"0 minut\">\n<script type=\"application\/ld+json\" class=\"yoast-schema-graph\">{\"@context\":\"https:\/\/schema.org\",\"@graph\":[{\"@type\":\"WebSite\",\"@id\":\"https:\/\/www.ckiopodkowa.pl\/#website\",\"url\":\"https:\/\/www.ckiopodkowa.pl\/\",\"name\":\"CKiO Podkowa Le\\u015bna\",\"description\":\"\",\"potentialAction\":[{\"@type\":\"SearchAction\",\"target\":\"https:\/\/www.ckiopodkowa.pl\/?s={search_term_string}\",\"query-input\":\"required name=search_term_string\"}],\"inLanguage\":\"pl-PL\"},{\"@type\":\"ImageObject\",\"@id\":\"https:\/\/www.ckiopodkowa.pl\/index.php\/2023\/05\/01\/urodziny-stanislawa-moniuszki-koncert-muzyki-klasycznej\/#primaryimage\",\"inLanguage\":\"pl-PL\",\"url\":\"https:\/\/www.ckiopodkowa.pl\/wp-content\/uploads\/2023\/05\/Moniuszko_Podkowa-Lesna-scaled.jpg\",\"width\":1789,\"height\":2560},{\"@type\":\"WebPage\",\"@id\":\"https:\/\/www.ckiopodkowa.pl\/index.php\/2023\/05\/01\/urodziny-stanislawa-moniuszki-koncert-muzyki-klasycznej\/#webpage\",\"url\":\"https:\/\/www.ckiopodkowa.pl\/index.php\/2023\/05\/01\/urodziny-stanislawa-moniuszki-koncert-muzyki-klasycznej\/\",\"name\":\"Urodziny Stanis\\u0142awa Moniuszki - koncert muzyki klasycznej - CKiO Podkowa Le\\u015bna\",\"isPartOf\":{\"@id\":\"https:\/\/www.ckiopodkowa.pl\/#website\"},\"primaryImageOfPage\":{\"@id\":\"https:\/\/www.ckiopodkowa.pl\/index.php\/2023\/05\/01\/urodziny-stanislawa-moniuszki-koncert-muzyki-klasycznej\/#primaryimage\"},\"datePublished\":\"2023-05-01T14:41:43+00:00\",\"dateModified\":\"2023-05-15T10:52:45+00:00\",\"author\":{\"@id\":\"https:\/\/www.ckiopodkowa.pl\/#\/schema\/person\/c86f9e496f06965599cdf61c3f0d7353\"},\"breadcrumb\":{\"@id\":\"https:\/\/www.ckiopodkowa.pl\/index.php\/2023\/05\/01\/urodziny-stanislawa-moniuszki-koncert-muzyki-klasycznej\/#breadcrumb\"},\"inLanguage\":\"pl-PL\",\"potentialAction\":[{\"@type\":\"ReadAction\",\"target\":[\"https:\/\/www.ckiopodkowa.pl\/index.php\/2023\/05\/01\/urodziny-stanislawa-moniuszki-koncert-muzyki-klasycznej\/\"]}]},{\"@type\":\"BreadcrumbList\",\"@id\":\"https:\/\/www.ckiopodkowa.pl\/index.php\/2023\/05\/01\/urodziny-stanislawa-moniuszki-koncert-muzyki-klasycznej\/#breadcrumb\",\"itemListElement\":[{\"@type\":\"ListItem\",\"position\":1,\"item\":{\"@type\":\"WebPage\",\"@id\":\"https:\/\/www.ckiopodkowa.pl\/\",\"url\":\"https:\/\/www.ckiopodkowa.pl\/\",\"name\":\"Strona g\\u0142\\u00f3wna\"}},{\"@type\":\"ListItem\",\"position\":2,\"item\":{\"@type\":\"WebPage\",\"@id\":\"https:\/\/www.ckiopodkowa.pl\/index.php\/2023\/05\/01\/urodziny-stanislawa-moniuszki-koncert-muzyki-klasycznej\/\",\"url\":\"https:\/\/www.ckiopodkowa.pl\/index.php\/2023\/05\/01\/urodziny-stanislawa-moniuszki-koncert-muzyki-klasycznej\/\",\"name\":\"Urodziny Stanis\\u0142awa Moniuszki &#8211; koncert muzyki klasycznej\"}}]},{\"@type\":\"Person\",\"@id\":\"https:\/\/www.ckiopodkowa.pl\/#\/schema\/person\/c86f9e496f06965599cdf61c3f0d7353\",\"name\":\"Micha\\u0142 Burszta\",\"image\":{\"@type\":\"ImageObject\",\"@id\":\"https:\/\/www.ckiopodkowa.pl\/#personlogo\",\"inLanguage\":\"pl-PL\",\"url\":\"https:\/\/secure.gravatar.com\/avatar\/f1f4d167c304c69158a01101acd802fb2136a0a7ace154aa5a365dff7ecbce61?s=96&d=mm&r=g\",\"caption\":\"Micha\\u0142 Burszta\"}}]}<\/script>\n<!-- \/ Yoast SEO Premium plugin. -->","_links":{"self":[{"href":"https:\/\/www.ckiopodkowa.pl\/index.php\/wp-json\/wp\/v2\/posts\/9968","targetHints":{"allow":["GET"]}}],"collection":[{"href":"https:\/\/www.ckiopodkowa.pl\/index.php\/wp-json\/wp\/v2\/posts"}],"about":[{"href":"https:\/\/www.ckiopodkowa.pl\/index.php\/wp-json\/wp\/v2\/types\/post"}],"author":[{"embeddable":true,"href":"https:\/\/www.ckiopodkowa.pl\/index.php\/wp-json\/wp\/v2\/users\/3"}],"replies":[{"embeddable":true,"href":"https:\/\/www.ckiopodkowa.pl\/index.php\/wp-json\/wp\/v2\/comments?post=9968"}],"version-history":[{"count":1,"href":"https:\/\/www.ckiopodkowa.pl\/index.php\/wp-json\/wp\/v2\/posts\/9968\/revisions"}],"predecessor-version":[{"id":9969,"href":"https:\/\/www.ckiopodkowa.pl\/index.php\/wp-json\/wp\/v2\/posts\/9968\/revisions\/9969"}],"wp:featuredmedia":[{"embeddable":true,"href":"https:\/\/www.ckiopodkowa.pl\/index.php\/wp-json\/wp\/v2\/media\/9970"}],"wp:attachment":[{"href":"https:\/\/www.ckiopodkowa.pl\/index.php\/wp-json\/wp\/v2\/media?parent=9968"}],"wp:term":[{"taxonomy":"category","embeddable":true,"href":"https:\/\/www.ckiopodkowa.pl\/index.php\/wp-json\/wp\/v2\/categories?post=9968"},{"taxonomy":"post_tag","embeddable":true,"href":"https:\/\/www.ckiopodkowa.pl\/index.php\/wp-json\/wp\/v2\/tags?post=9968"}],"curies":[{"name":"wp","href":"https:\/\/api.w.org\/{rel}","templated":true}]}}