{"id":9897,"date":"2023-05-01T09:17:09","date_gmt":"2023-05-01T07:17:09","guid":{"rendered":"https:\/\/www.ckiopodkowa.pl\/?p=9897"},"modified":"2023-05-08T11:53:53","modified_gmt":"2023-05-08T09:53:53","slug":"teatr-i-my-kukla-z-wiejskiego-podworza","status":"publish","type":"post","link":"https:\/\/www.ckiopodkowa.pl\/index.php\/2023\/05\/01\/teatr-i-my-kukla-z-wiejskiego-podworza\/","title":{"rendered":"TEATR I MY: Kuk\u0142a z wiejskiego podw\u00f3rza"},"content":{"rendered":"\t\t<div data-elementor-type=\"wp-post\" data-elementor-id=\"9897\" class=\"elementor elementor-9897\" data-elementor-post-type=\"post\">\n\t\t\t\t\t\t<section class=\"elementor-section elementor-top-section elementor-element elementor-element-618feab elementor-section-boxed elementor-section-height-default elementor-section-height-default\" data-id=\"618feab\" data-element_type=\"section\">\n\t\t\t\t\t\t<div class=\"elementor-container elementor-column-gap-default\">\n\t\t\t\t\t<div class=\"elementor-column elementor-col-100 elementor-top-column elementor-element elementor-element-162a37e\" data-id=\"162a37e\" data-element_type=\"column\">\n\t\t\t<div class=\"elementor-widget-wrap elementor-element-populated\">\n\t\t\t\t\t\t<div class=\"elementor-element elementor-element-2efef74 elementor-widget elementor-widget-heading\" data-id=\"2efef74\" data-element_type=\"widget\" data-widget_type=\"heading.default\">\n\t\t\t\t<div class=\"elementor-widget-container\">\n\t\t\t\t\t<h2 class=\"elementor-heading-title elementor-size-default\">W pierwsz\u0105 majow\u0105 niedziel\u0119 zapraszamy na \u015awierkow\u0105 1 na spektakl w wykonaniu znakomitego Teatru pod Orze\u0142kiem. Obejrzymy przedstawienie \"Kuk\u0142a z wiejskiego podw\u00f3rza\". Pocz\u0105tek o godz. 12.30. Wst\u0119p wolny.<\/h2>\t\t\t\t<\/div>\n\t\t\t\t<\/div>\n\t\t\t\t\t<\/div>\n\t\t<\/div>\n\t\t\t\t\t<\/div>\n\t\t<\/section>\n\t\t\t\t<section class=\"elementor-section elementor-top-section elementor-element elementor-element-413e326 elementor-section-boxed elementor-section-height-default elementor-section-height-default\" data-id=\"413e326\" data-element_type=\"section\">\n\t\t\t\t\t\t<div class=\"elementor-container elementor-column-gap-default\">\n\t\t\t\t\t<div class=\"elementor-column elementor-col-100 elementor-top-column elementor-element elementor-element-635ae9d\" data-id=\"635ae9d\" data-element_type=\"column\">\n\t\t\t<div class=\"elementor-widget-wrap elementor-element-populated\">\n\t\t\t\t\t\t<div class=\"elementor-element elementor-element-b3fe833 elementor-widget elementor-widget-text-editor\" data-id=\"b3fe833\" data-element_type=\"widget\" data-widget_type=\"text-editor.default\">\n\t\t\t\t<div class=\"elementor-widget-container\">\n\t\t\t\t\t\t\t\t\tProfesor Hilary Szczebrzeszy\u0144ski wyrusza na&nbsp;wie\u015b do&nbsp;Kukie\u0142kowa, gdzie \nbawi si\u0119 z&nbsp;widzami w&nbsp;teatr kukie\u0142kowy. Dzieci zapoznaj\u0105 si\u0119 z&nbsp;ludowymi \nobrz\u0119dami i&nbsp;tradycyjn\u0105 polsk\u0105 lalk\u0105-kuk\u0142\u0105. Uczestnicy zabawy wyst\u0119puj\u0105 \nw&nbsp;Teatrze Jarzynowym im. Kr\u00f3lowej Bony, spotykaj\u0105 Stracha Na&nbsp;Wr\u00f3ble, \nta\u0144cz\u0105 z&nbsp;lalkami podczas Nocy \u015awi\u0119tego Jana. Ca\u0142o\u015bci dope\u0142ni\u0105 piosenki \nnapisane przez Agnieszk\u0119 Gli\u0144sk\u0105.\t\t\t\t\t\t\t\t<\/div>\n\t\t\t\t<\/div>\n\t\t\t\t\t<\/div>\n\t\t<\/div>\n\t\t\t\t\t<\/div>\n\t\t<\/section>\n\t\t\t\t<section class=\"elementor-section elementor-top-section elementor-element elementor-element-bc50f23 elementor-section-boxed elementor-section-height-default elementor-section-height-default\" data-id=\"bc50f23\" data-element_type=\"section\">\n\t\t\t\t\t\t<div class=\"elementor-container elementor-column-gap-default\">\n\t\t\t\t\t<div class=\"elementor-column elementor-col-100 elementor-top-column elementor-element elementor-element-a7be251\" data-id=\"a7be251\" data-element_type=\"column\">\n\t\t\t<div class=\"elementor-widget-wrap\">\n\t\t\t\t\t\t\t<\/div>\n\t\t<\/div>\n\t\t\t\t\t<\/div>\n\t\t<\/section>\n\t\t\t\t<\/div>\n\t\t","protected":false},"excerpt":{"rendered":"<p>W pierwsz\u0105 majow\u0105 niedziel\u0119 zapraszamy na \u015awierkow\u0105 1 na spektakl w wykonaniu znakomitego Teatru pod Orze\u0142kiem. Obejrzymy przedstawienie &#8222;Kuk\u0142a z wiejskiego podw\u00f3rza&#8221;. Pocz\u0105tek o godz. 12.30. Wst\u0119p wolny. Profesor Hilary Szczebrzeszy\u0144ski wyrusza na&nbsp;wie\u015b do&nbsp;Kukie\u0142kowa, gdzie bawi si\u0119 z&nbsp;widzami w&nbsp;teatr kukie\u0142kowy. Dzieci zapoznaj\u0105 si\u0119 z&nbsp;ludowymi obrz\u0119dami i&nbsp;tradycyjn\u0105 polsk\u0105 lalk\u0105-kuk\u0142\u0105. Uczestnicy zabawy wyst\u0119puj\u0105 w&nbsp;Teatrze Jarzynowym im. Kr\u00f3lowej [&hellip;]<\/p>\n","protected":false},"author":7,"featured_media":9898,"comment_status":"closed","ping_status":"closed","sticky":false,"template":"","format":"standard","meta":{"ocean_post_layout":"","ocean_both_sidebars_style":"","ocean_both_sidebars_content_width":0,"ocean_both_sidebars_sidebars_width":0,"ocean_sidebar":"0","ocean_second_sidebar":"0","ocean_disable_margins":"enable","ocean_add_body_class":"","ocean_shortcode_before_top_bar":"","ocean_shortcode_after_top_bar":"","ocean_shortcode_before_header":"","ocean_shortcode_after_header":"","ocean_has_shortcode":"","ocean_shortcode_after_title":"","ocean_shortcode_before_footer_widgets":"","ocean_shortcode_after_footer_widgets":"","ocean_shortcode_before_footer_bottom":"","ocean_shortcode_after_footer_bottom":"","ocean_display_top_bar":"default","ocean_display_header":"default","ocean_header_style":"","ocean_center_header_left_menu":"0","ocean_custom_header_template":"0","ocean_custom_logo":0,"ocean_custom_retina_logo":0,"ocean_custom_logo_max_width":0,"ocean_custom_logo_tablet_max_width":0,"ocean_custom_logo_mobile_max_width":0,"ocean_custom_logo_max_height":0,"ocean_custom_logo_tablet_max_height":0,"ocean_custom_logo_mobile_max_height":0,"ocean_header_custom_menu":"0","ocean_menu_typo_font_family":"0","ocean_menu_typo_font_subset":"","ocean_menu_typo_font_size":0,"ocean_menu_typo_font_size_tablet":0,"ocean_menu_typo_font_size_mobile":0,"ocean_menu_typo_font_size_unit":"px","ocean_menu_typo_font_weight":"","ocean_menu_typo_font_weight_tablet":"","ocean_menu_typo_font_weight_mobile":"","ocean_menu_typo_transform":"","ocean_menu_typo_transform_tablet":"","ocean_menu_typo_transform_mobile":"","ocean_menu_typo_line_height":0,"ocean_menu_typo_line_height_tablet":0,"ocean_menu_typo_line_height_mobile":0,"ocean_menu_typo_line_height_unit":"","ocean_menu_typo_spacing":0,"ocean_menu_typo_spacing_tablet":0,"ocean_menu_typo_spacing_mobile":0,"ocean_menu_typo_spacing_unit":"","ocean_menu_link_color":"","ocean_menu_link_color_hover":"","ocean_menu_link_color_active":"","ocean_menu_link_background":"","ocean_menu_link_hover_background":"","ocean_menu_link_active_background":"","ocean_menu_social_links_bg":"","ocean_menu_social_hover_links_bg":"","ocean_menu_social_links_color":"","ocean_menu_social_hover_links_color":"","ocean_disable_title":"default","ocean_disable_heading":"default","ocean_post_title":"","ocean_post_subheading":"","ocean_post_title_style":"","ocean_post_title_background_color":"","ocean_post_title_background":0,"ocean_post_title_bg_image_position":"","ocean_post_title_bg_image_attachment":"","ocean_post_title_bg_image_repeat":"","ocean_post_title_bg_image_size":"","ocean_post_title_height":0,"ocean_post_title_bg_overlay":0.5,"ocean_post_title_bg_overlay_color":"","ocean_disable_breadcrumbs":"default","ocean_breadcrumbs_color":"","ocean_breadcrumbs_separator_color":"","ocean_breadcrumbs_links_color":"","ocean_breadcrumbs_links_hover_color":"","ocean_display_footer_widgets":"default","ocean_display_footer_bottom":"default","ocean_custom_footer_template":"0","ocean_post_oembed":"","ocean_post_self_hosted_media":"","ocean_post_video_embed":"","ocean_link_format":"","ocean_link_format_target":"self","ocean_quote_format":"","ocean_quote_format_link":"post","ocean_gallery_link_images":"off","ocean_gallery_id":[],"footnotes":""},"categories":[26,18],"tags":[38,54,113,37],"class_list":["post-9897","post","type-post","status-publish","format-standard","has-post-thumbnail","hentry","category-aktualnosci","category-spektakle","tag-centrum-kultury-i-inicjatyw-obywatelskich-w-podkowie-lesnej","tag-ckiio","tag-dzieci","tag-podkowa-lesna","entry","has-media"],"yoast_head":"<!-- This site is optimized with the Yoast SEO Premium plugin v15.2.1 - https:\/\/yoast.com\/wordpress\/plugins\/seo\/ -->\n<title>TEATR I MY: Kuk\u0142a z wiejskiego podw\u00f3rza - CKiO Podkowa Le\u015bna<\/title>\n<meta name=\"robots\" content=\"index, follow, max-snippet:-1, max-image-preview:large, max-video-preview:-1\" \/>\n<link rel=\"canonical\" href=\"https:\/\/www.ckiopodkowa.pl\/index.php\/2023\/05\/01\/teatr-i-my-kukla-z-wiejskiego-podworza\/\" \/>\n<meta property=\"og:locale\" content=\"pl_PL\" \/>\n<meta property=\"og:type\" content=\"article\" \/>\n<meta property=\"og:title\" content=\"TEATR I MY: Kuk\u0142a z wiejskiego podw\u00f3rza - CKiO Podkowa Le\u015bna\" \/>\n<meta property=\"og:description\" content=\"W pierwsz\u0105 majow\u0105 niedziel\u0119 zapraszamy na \u015awierkow\u0105 1 na spektakl w wykonaniu znakomitego Teatru pod Orze\u0142kiem. Obejrzymy przedstawienie &#8222;Kuk\u0142a z wiejskiego podw\u00f3rza&#8221;. Pocz\u0105tek o godz. 12.30. Wst\u0119p wolny. Profesor Hilary Szczebrzeszy\u0144ski wyrusza na&nbsp;wie\u015b do&nbsp;Kukie\u0142kowa, gdzie bawi si\u0119 z&nbsp;widzami w&nbsp;teatr kukie\u0142kowy. Dzieci zapoznaj\u0105 si\u0119 z&nbsp;ludowymi obrz\u0119dami i&nbsp;tradycyjn\u0105 polsk\u0105 lalk\u0105-kuk\u0142\u0105. Uczestnicy zabawy wyst\u0119puj\u0105 w&nbsp;Teatrze Jarzynowym im. Kr\u00f3lowej [&hellip;]\" \/>\n<meta property=\"og:url\" content=\"https:\/\/www.ckiopodkowa.pl\/index.php\/2023\/05\/01\/teatr-i-my-kukla-z-wiejskiego-podworza\/\" \/>\n<meta property=\"og:site_name\" content=\"CKiO Podkowa Le\u015bna\" \/>\n<meta property=\"article:published_time\" content=\"2023-05-01T07:17:09+00:00\" \/>\n<meta property=\"article:modified_time\" content=\"2023-05-08T09:53:53+00:00\" \/>\n<meta property=\"og:image\" content=\"https:\/\/www.ckiopodkowa.pl\/wp-content\/uploads\/2023\/04\/Teatr-i-My-maj-scaled.jpg\" \/>\n\t<meta property=\"og:image:width\" content=\"1778\" \/>\n\t<meta property=\"og:image:height\" content=\"2560\" \/>\n<meta name=\"twitter:card\" content=\"summary_large_image\" \/>\n<meta name=\"twitter:label1\" content=\"Napisane przez\">\n\t<meta name=\"twitter:data1\" content=\"Barbara Potka\u0144ska\">\n\t<meta name=\"twitter:label2\" content=\"Szacowany czas czytania\">\n\t<meta name=\"twitter:data2\" content=\"0 minut\">\n<script type=\"application\/ld+json\" class=\"yoast-schema-graph\">{\"@context\":\"https:\/\/schema.org\",\"@graph\":[{\"@type\":\"WebSite\",\"@id\":\"https:\/\/www.ckiopodkowa.pl\/#website\",\"url\":\"https:\/\/www.ckiopodkowa.pl\/\",\"name\":\"CKiO Podkowa Le\\u015bna\",\"description\":\"\",\"potentialAction\":[{\"@type\":\"SearchAction\",\"target\":\"https:\/\/www.ckiopodkowa.pl\/?s={search_term_string}\",\"query-input\":\"required name=search_term_string\"}],\"inLanguage\":\"pl-PL\"},{\"@type\":\"ImageObject\",\"@id\":\"https:\/\/www.ckiopodkowa.pl\/index.php\/2023\/05\/01\/teatr-i-my-kukla-z-wiejskiego-podworza\/#primaryimage\",\"inLanguage\":\"pl-PL\",\"url\":\"https:\/\/www.ckiopodkowa.pl\/wp-content\/uploads\/2023\/04\/Teatr-i-My-maj-scaled.jpg\",\"width\":1778,\"height\":2560},{\"@type\":\"WebPage\",\"@id\":\"https:\/\/www.ckiopodkowa.pl\/index.php\/2023\/05\/01\/teatr-i-my-kukla-z-wiejskiego-podworza\/#webpage\",\"url\":\"https:\/\/www.ckiopodkowa.pl\/index.php\/2023\/05\/01\/teatr-i-my-kukla-z-wiejskiego-podworza\/\",\"name\":\"TEATR I MY: Kuk\\u0142a z wiejskiego podw\\u00f3rza - CKiO Podkowa Le\\u015bna\",\"isPartOf\":{\"@id\":\"https:\/\/www.ckiopodkowa.pl\/#website\"},\"primaryImageOfPage\":{\"@id\":\"https:\/\/www.ckiopodkowa.pl\/index.php\/2023\/05\/01\/teatr-i-my-kukla-z-wiejskiego-podworza\/#primaryimage\"},\"datePublished\":\"2023-05-01T07:17:09+00:00\",\"dateModified\":\"2023-05-08T09:53:53+00:00\",\"author\":{\"@id\":\"https:\/\/www.ckiopodkowa.pl\/#\/schema\/person\/34e0b0e10cd3f5942f19a99074ba6b93\"},\"breadcrumb\":{\"@id\":\"https:\/\/www.ckiopodkowa.pl\/index.php\/2023\/05\/01\/teatr-i-my-kukla-z-wiejskiego-podworza\/#breadcrumb\"},\"inLanguage\":\"pl-PL\",\"potentialAction\":[{\"@type\":\"ReadAction\",\"target\":[\"https:\/\/www.ckiopodkowa.pl\/index.php\/2023\/05\/01\/teatr-i-my-kukla-z-wiejskiego-podworza\/\"]}]},{\"@type\":\"BreadcrumbList\",\"@id\":\"https:\/\/www.ckiopodkowa.pl\/index.php\/2023\/05\/01\/teatr-i-my-kukla-z-wiejskiego-podworza\/#breadcrumb\",\"itemListElement\":[{\"@type\":\"ListItem\",\"position\":1,\"item\":{\"@type\":\"WebPage\",\"@id\":\"https:\/\/www.ckiopodkowa.pl\/\",\"url\":\"https:\/\/www.ckiopodkowa.pl\/\",\"name\":\"Strona g\\u0142\\u00f3wna\"}},{\"@type\":\"ListItem\",\"position\":2,\"item\":{\"@type\":\"WebPage\",\"@id\":\"https:\/\/www.ckiopodkowa.pl\/index.php\/2023\/05\/01\/teatr-i-my-kukla-z-wiejskiego-podworza\/\",\"url\":\"https:\/\/www.ckiopodkowa.pl\/index.php\/2023\/05\/01\/teatr-i-my-kukla-z-wiejskiego-podworza\/\",\"name\":\"TEATR I MY: Kuk\\u0142a z wiejskiego podw\\u00f3rza\"}}]},{\"@type\":\"Person\",\"@id\":\"https:\/\/www.ckiopodkowa.pl\/#\/schema\/person\/34e0b0e10cd3f5942f19a99074ba6b93\",\"name\":\"Barbara Potka\\u0144ska\",\"image\":{\"@type\":\"ImageObject\",\"@id\":\"https:\/\/www.ckiopodkowa.pl\/#personlogo\",\"inLanguage\":\"pl-PL\",\"url\":\"https:\/\/secure.gravatar.com\/avatar\/45e29de8d3335f4ccd5161e08ef089285ecb3860bf8c65f418eb453e6a0f93e1?s=96&d=mm&r=g\",\"caption\":\"Barbara Potka\\u0144ska\"}}]}<\/script>\n<!-- \/ Yoast SEO Premium plugin. -->","_links":{"self":[{"href":"https:\/\/www.ckiopodkowa.pl\/index.php\/wp-json\/wp\/v2\/posts\/9897","targetHints":{"allow":["GET"]}}],"collection":[{"href":"https:\/\/www.ckiopodkowa.pl\/index.php\/wp-json\/wp\/v2\/posts"}],"about":[{"href":"https:\/\/www.ckiopodkowa.pl\/index.php\/wp-json\/wp\/v2\/types\/post"}],"author":[{"embeddable":true,"href":"https:\/\/www.ckiopodkowa.pl\/index.php\/wp-json\/wp\/v2\/users\/7"}],"replies":[{"embeddable":true,"href":"https:\/\/www.ckiopodkowa.pl\/index.php\/wp-json\/wp\/v2\/comments?post=9897"}],"version-history":[{"count":19,"href":"https:\/\/www.ckiopodkowa.pl\/index.php\/wp-json\/wp\/v2\/posts\/9897\/revisions"}],"predecessor-version":[{"id":9980,"href":"https:\/\/www.ckiopodkowa.pl\/index.php\/wp-json\/wp\/v2\/posts\/9897\/revisions\/9980"}],"wp:featuredmedia":[{"embeddable":true,"href":"https:\/\/www.ckiopodkowa.pl\/index.php\/wp-json\/wp\/v2\/media\/9898"}],"wp:attachment":[{"href":"https:\/\/www.ckiopodkowa.pl\/index.php\/wp-json\/wp\/v2\/media?parent=9897"}],"wp:term":[{"taxonomy":"category","embeddable":true,"href":"https:\/\/www.ckiopodkowa.pl\/index.php\/wp-json\/wp\/v2\/categories?post=9897"},{"taxonomy":"post_tag","embeddable":true,"href":"https:\/\/www.ckiopodkowa.pl\/index.php\/wp-json\/wp\/v2\/tags?post=9897"}],"curies":[{"name":"wp","href":"https:\/\/api.w.org\/{rel}","templated":true}]}}