{"id":8790,"date":"2023-01-16T12:53:00","date_gmt":"2023-01-16T11:53:00","guid":{"rendered":"https:\/\/www.ckiopodkowa.pl\/?p=8790"},"modified":"2023-02-05T09:55:28","modified_gmt":"2023-02-05T08:55:28","slug":"slowobrazy-finisaz-wystawy","status":"publish","type":"post","link":"https:\/\/www.ckiopodkowa.pl\/index.php\/2023\/01\/16\/slowobrazy-finisaz-wystawy\/","title":{"rendered":"S\u0141OWOBRAZY &#8211; finisa\u017c wystawy"},"content":{"rendered":"\t\t<div data-elementor-type=\"wp-post\" data-elementor-id=\"8790\" class=\"elementor elementor-8790\" data-elementor-post-type=\"post\">\n\t\t\t\t\t\t<section class=\"elementor-section elementor-top-section elementor-element elementor-element-4d322a91 elementor-section-boxed elementor-section-height-default elementor-section-height-default\" data-id=\"4d322a91\" data-element_type=\"section\">\n\t\t\t\t\t\t<div class=\"elementor-container elementor-column-gap-default\">\n\t\t\t\t\t<div class=\"elementor-column elementor-col-100 elementor-top-column elementor-element elementor-element-40dbf582\" data-id=\"40dbf582\" data-element_type=\"column\">\n\t\t\t<div class=\"elementor-widget-wrap elementor-element-populated\">\n\t\t\t\t\t\t<div class=\"elementor-element elementor-element-3d86c305 elementor-widget elementor-widget-text-editor\" data-id=\"3d86c305\" data-element_type=\"widget\" data-widget_type=\"text-editor.default\">\n\t\t\t\t<div class=\"elementor-widget-container\">\n\t\t\t\t\t\t\t\t\t<p><\/p>\n<h2 class=\"wp-block-heading\" id=\"h-w-sobot-10-grudnia-o-godz-18-00-zapraszamy-na-wierkow-1-na-panel-dyskusyjny-oraz-prezentacj-prac-artyst-w-bior-cych-udzia-w-projekcie-s-owobrazy-wernisa-wystawy-odb-dzie-si-w-niedziel-11-grudnia-2022-w-samo-po-udnie-wst-p-wolny\">W sobot\u0119 4 lutego o godz. 16.00 zapraszamy na \u015awierkow\u0105 1 na finisa\u017c wystawy S\u0141OWOBRAZY. Wst\u0119p wolny.<\/h2>\n<p><\/p>\n<p><\/p>\n<p>Kuratorka: <strong>Agnieszka \u0141ukaszewska<\/strong><\/p>\n<p><\/p>\n<p><\/p>\n<p>Organizatorzy:<br \/><strong>Instytut Sztuki i Designu &#8211; Uniwersytet Pedagogiczny im. Komisji Edukacji Narodowej w Krakowie<br \/>Centrum Kultury i Inicjatyw Obywatelskich<\/strong> <strong>w Podkowie Le\u015bnej<\/strong><\/p>\n<p><\/p>\n<p><\/p>\n<p><strong>S\u0141OWOBRAZY<\/strong><br \/>Temat wystawy dotyczy szeroko rozumianego zwi\u0105zku s\u0142owa i obrazu, sztuk wizualnych oraz literatury, powi\u0105zania litery, tekstu z obrazem, tre\u015bci z form\u0105.<br \/><br \/>Zaproszeni arty\u015bci r\u00f3\u017cnych pokole\u0144, z sze\u015bciu r\u00f3\u017cnych o\u015brodk\u00f3w uniwersyteckich i akademickich z Polski odnosz\u0105 si\u0119 w odmienny spos\u00f3b do tematu, ukazuj\u0105c widzom szerokie spektrum interpretacji. Prezentowane s\u0105 wi\u0119c ksi\u0105\u017cki artystyczne, ilustracje lub prace inspirowane utworami literackimi, ale tak\u017ce takie, kt\u00f3rych autorzy tworz\u0105 w\u0142asne znaki graficzne, malarskie oraz ich znaczenia. Szczeg\u00f3lny aspekt zwi\u0105zku tekstu i obrazu stanowi\u0105 logotypy, grafiki, czy te\u017c instalacje z motywem liter. <br \/><br \/>Niekt\u00f3rzy z artyst\u00f3w wykorzystuj\u0105 do tworzenia obraz\u00f3w w\u0142asne teksty lub wiersze, kt\u00f3re stanowi\u0105 integraln\u0105 cz\u0119\u015b\u0107 dzie\u0142a. Bezpo\u015bredni zapis pozawerbalnych tre\u015bci pojawia si\u0119 w pracach wykorzystuj\u0105cych gest w procesie tw\u00f3rczym, czy te\u017c w graficznych portretach. Zaskakuj\u0105cym, ale te\u017c wa\u017cnym dope\u0142nieniem rozwa\u017ca\u0144 o przekazie tre\u015bci w obrazie s\u0105 prace o charakterze kontemplatywnym, kt\u00f3re opowiadaj\u0105 o milczeniu.<br \/><br \/>Ca\u0142o\u015b\u0107 wystawy stanowi przekr\u00f3j r\u00f3\u017cnych postaw artystycznych, odniesie\u0144 do s\u0142owa i obrazu za pomoc\u0105 odmiennych medi\u00f3w cyfrowych oraz analogowych<\/p>\n<p><\/p>\n<p><\/p>\n<p>Arty\u015bci:<\/p>\n<p><\/p>\n<p><\/p>\n<ol class=\"wp-block-list\">\n<li style=\"list-style-type: none;\">\n<ol><\/ol>\n<\/li>\n<\/ol>\n<ol>\n<li style=\"list-style-type: none;\">\n<ol>\n<li>Dominika Bobulska<\/li>\n<\/ol>\n<\/li>\n<\/ol>\n<p><\/p>\n<p><\/p>\n<ol>\n<li style=\"list-style-type: none;\">\n<ol>\n<li>Betina Bo\u017cek<\/li>\n<\/ol>\n<\/li>\n<\/ol>\n<p><\/p>\n<p><\/p>\n<ol>\n<li style=\"list-style-type: none;\">\n<ol>\n<li>Gabriela Cichowska<\/li>\n<\/ol>\n<\/li>\n<\/ol>\n<p><\/p>\n<p><\/p>\n<ol>\n<li style=\"list-style-type: none;\">\n<ol>\n<li>Agnieszka Dutka<\/li>\n<\/ol>\n<\/li>\n<\/ol>\n<p><\/p>\n<p><\/p>\n<ol>\n<li style=\"list-style-type: none;\">\n<ol>\n<li>Jacek Gaj<\/li>\n<\/ol>\n<\/li>\n<\/ol>\n<p><\/p>\n<p><\/p>\n<ol>\n<li style=\"list-style-type: none;\">\n<ol>\n<li>Barbara Janczak<\/li>\n<\/ol>\n<\/li>\n<\/ol>\n<p><\/p>\n<p><\/p>\n<ol>\n<li style=\"list-style-type: none;\">\n<ol>\n<li>Marcin Klag<\/li>\n<\/ol>\n<\/li>\n<\/ol>\n<p><\/p>\n<p><\/p>\n<ol>\n<li style=\"list-style-type: none;\">\n<ol>\n<li>Henryk Kr\u00f3likowski<\/li>\n<\/ol>\n<\/li>\n<\/ol>\n<p><\/p>\n<p><\/p>\n<ol>\n<li style=\"list-style-type: none;\">\n<ol>\n<li>Agnieszka \u0141ukaszewska<\/li>\n<\/ol>\n<\/li>\n<\/ol>\n<p><\/p>\n<p><\/p>\n<ol>\n<li style=\"list-style-type: none;\">\n<ol>\n<li>Ma\u0142gorzata Niespodziewana-Rados<\/li>\n<\/ol>\n<\/li>\n<\/ol>\n<p><\/p>\n<p><\/p>\n<ol>\n<li style=\"list-style-type: none;\">\n<ol>\n<li>Micha\u0142 Misiak<\/li>\n<\/ol>\n<\/li>\n<\/ol>\n<p><\/p>\n<p><\/p>\n<ol>\n<li style=\"list-style-type: none;\">\n<ol>\n<li>Alicja Panasiewicz<\/li>\n<\/ol>\n<\/li>\n<\/ol>\n<p><\/p>\n<p><\/p>\n<ol>\n<li style=\"list-style-type: none;\">\n<ol>\n<li>Adam Panasiewicz<\/li>\n<\/ol>\n<\/li>\n<\/ol>\n<p><\/p>\n<p><\/p>\n<ol>\n<li style=\"list-style-type: none;\">\n<ol>\n<li>Agnieszka Piksa<\/li>\n<\/ol>\n<\/li>\n<\/ol>\n<p><\/p>\n<p><\/p>\n<ol>\n<li style=\"list-style-type: none;\">\n<ol>\n<li>Anna Sadowska<\/li>\n<\/ol>\n<\/li>\n<\/ol>\n<p><\/p>\n<p><\/p>\n<ol>\n<li style=\"list-style-type: none;\">\n<ol>\n<li>Bogna Sroka-Mucha<\/li>\n<\/ol>\n<\/li>\n<\/ol>\n<p><\/p>\n<p><\/p>\n<ol>\n<li style=\"list-style-type: none;\">\n<ol>\n<li>Magdalena Szplit-Kr\u00f3likowska<\/li>\n<\/ol>\n<\/li>\n<\/ol>\n<p><\/p>\n<p><\/p>\n<ol>\n<li style=\"list-style-type: none;\">\n<ol>\n<li>Piotr To\u0142oczko<\/li>\n<\/ol>\n<\/li>\n<\/ol>\n<p><\/p>\n<p><\/p>\n<ol>\n<li style=\"list-style-type: none;\">\n<ol>\n<li>Magdalena Wosik<\/li>\n<\/ol>\n<\/li>\n<\/ol>\n<p><\/p>\n<p><\/p>\n<ol>\n<li style=\"list-style-type: none;\">\n<ol>\n<li>Olga Z\u0105bro\u0144<\/li>\n<\/ol>\n<\/li>\n<\/ol>\n<p><\/p>\n<p><\/p>\n<ol>\n<li style=\"list-style-type: none;\">\n<ol>\n<li>Magdalena \u017bmijowska<\/li>\n<\/ol>\n<\/li>\n<\/ol>\n<p><\/p>\n<p><\/p>\n<ol>\n<li style=\"list-style-type: none;\">\n<ol>\n<li>Robert \u017bbikowski\n<p>Uczelnie:<br \/>Akademia Sztuk Pi\u0119knych w Krakowie Akademia Sztuk Pi\u0119knych w \u0141odzi Akademia Sztuk Pi\u0119knych we Wroc\u0142awiu<br \/>Politechnika Bydgoska<br \/>Uniwersytet Jana Kochanowskiego w Kielcach<br \/>Uniwersytet Pedagogiczny w Krakowie<\/p>\n<\/li>\n<\/ol>\n<\/li>\n<\/ol>\n<p><\/p>\n<p><\/p>\n<p><\/p>\n<p>\u00a0<\/p>\n<p>\u00a0<\/p>\n<p><\/p>\t\t\t\t\t\t\t\t<\/div>\n\t\t\t\t<\/div>\n\t\t\t\t\t<\/div>\n\t\t<\/div>\n\t\t\t\t\t<\/div>\n\t\t<\/section>\n\t\t\t\t<section class=\"elementor-section elementor-top-section elementor-element elementor-element-2cfd1d0 elementor-section-boxed elementor-section-height-default elementor-section-height-default\" data-id=\"2cfd1d0\" data-element_type=\"section\">\n\t\t\t\t\t\t<div class=\"elementor-container elementor-column-gap-default\">\n\t\t\t\t\t<div class=\"elementor-column elementor-col-100 elementor-top-column elementor-element elementor-element-aabbaa0\" data-id=\"aabbaa0\" data-element_type=\"column\">\n\t\t\t<div class=\"elementor-widget-wrap elementor-element-populated\">\n\t\t\t\t\t\t<div class=\"elementor-element elementor-element-fb56093 elementor-widget elementor-widget-image\" data-id=\"fb56093\" data-element_type=\"widget\" data-widget_type=\"image.default\">\n\t\t\t\t<div class=\"elementor-widget-container\">\n\t\t\t\t\t\t\t\t\t\t\t\t\t\t\t<img fetchpriority=\"high\" decoding=\"async\" width=\"717\" height=\"1024\" src=\"https:\/\/www.ckiopodkowa.pl\/wp-content\/uploads\/2022\/12\/SLOWOBRAZY-plakat-717x1024.jpg\" class=\"attachment-large size-large wp-image-8792\" alt=\"\" srcset=\"https:\/\/www.ckiopodkowa.pl\/wp-content\/uploads\/2022\/12\/SLOWOBRAZY-plakat-717x1024.jpg 717w, https:\/\/www.ckiopodkowa.pl\/wp-content\/uploads\/2022\/12\/SLOWOBRAZY-plakat-420x600.jpg 420w, https:\/\/www.ckiopodkowa.pl\/wp-content\/uploads\/2022\/12\/SLOWOBRAZY-plakat-768x1096.jpg 768w, https:\/\/www.ckiopodkowa.pl\/wp-content\/uploads\/2022\/12\/SLOWOBRAZY-plakat-1076x1536.jpg 1076w, https:\/\/www.ckiopodkowa.pl\/wp-content\/uploads\/2022\/12\/SLOWOBRAZY-plakat-scaled.jpg 1794w\" sizes=\"(max-width: 717px) 100vw, 717px\" \/>\t\t\t\t\t\t\t\t\t\t\t\t\t\t\t<\/div>\n\t\t\t\t<\/div>\n\t\t\t\t\t<\/div>\n\t\t<\/div>\n\t\t\t\t\t<\/div>\n\t\t<\/section>\n\t\t\t\t<\/div>\n\t\t","protected":false},"excerpt":{"rendered":"<p>W sobot\u0119 4 lutego o godz. 16.00 zapraszamy na \u015awierkow\u0105 1 na finisa\u017c wystawy S\u0141OWOBRAZY. Wst\u0119p wolny. Kuratorka: Agnieszka \u0141ukaszewska Organizatorzy:Instytut Sztuki i Designu &#8211; Uniwersytet Pedagogiczny im. Komisji Edukacji Narodowej w KrakowieCentrum Kultury i Inicjatyw Obywatelskich w Podkowie Le\u015bnej S\u0141OWOBRAZYTemat wystawy dotyczy szeroko rozumianego zwi\u0105zku s\u0142owa i obrazu, sztuk wizualnych oraz literatury, powi\u0105zania litery, [&hellip;]<\/p>\n","protected":false},"author":3,"featured_media":9081,"comment_status":"closed","ping_status":"closed","sticky":false,"template":"","format":"standard","meta":{"ocean_post_layout":"","ocean_both_sidebars_style":"","ocean_both_sidebars_content_width":0,"ocean_both_sidebars_sidebars_width":0,"ocean_sidebar":"0","ocean_second_sidebar":"0","ocean_disable_margins":"enable","ocean_add_body_class":"","ocean_shortcode_before_top_bar":"","ocean_shortcode_after_top_bar":"","ocean_shortcode_before_header":"","ocean_shortcode_after_header":"","ocean_has_shortcode":"","ocean_shortcode_after_title":"","ocean_shortcode_before_footer_widgets":"","ocean_shortcode_after_footer_widgets":"","ocean_shortcode_before_footer_bottom":"","ocean_shortcode_after_footer_bottom":"","ocean_display_top_bar":"default","ocean_display_header":"default","ocean_header_style":"","ocean_center_header_left_menu":"0","ocean_custom_header_template":"0","ocean_custom_logo":0,"ocean_custom_retina_logo":0,"ocean_custom_logo_max_width":0,"ocean_custom_logo_tablet_max_width":0,"ocean_custom_logo_mobile_max_width":0,"ocean_custom_logo_max_height":0,"ocean_custom_logo_tablet_max_height":0,"ocean_custom_logo_mobile_max_height":0,"ocean_header_custom_menu":"0","ocean_menu_typo_font_family":"0","ocean_menu_typo_font_subset":"","ocean_menu_typo_font_size":0,"ocean_menu_typo_font_size_tablet":0,"ocean_menu_typo_font_size_mobile":0,"ocean_menu_typo_font_size_unit":"px","ocean_menu_typo_font_weight":"","ocean_menu_typo_font_weight_tablet":"","ocean_menu_typo_font_weight_mobile":"","ocean_menu_typo_transform":"","ocean_menu_typo_transform_tablet":"","ocean_menu_typo_transform_mobile":"","ocean_menu_typo_line_height":0,"ocean_menu_typo_line_height_tablet":0,"ocean_menu_typo_line_height_mobile":0,"ocean_menu_typo_line_height_unit":"","ocean_menu_typo_spacing":0,"ocean_menu_typo_spacing_tablet":0,"ocean_menu_typo_spacing_mobile":0,"ocean_menu_typo_spacing_unit":"","ocean_menu_link_color":"","ocean_menu_link_color_hover":"","ocean_menu_link_color_active":"","ocean_menu_link_background":"","ocean_menu_link_hover_background":"","ocean_menu_link_active_background":"","ocean_menu_social_links_bg":"","ocean_menu_social_hover_links_bg":"","ocean_menu_social_links_color":"","ocean_menu_social_hover_links_color":"","ocean_disable_title":"default","ocean_disable_heading":"default","ocean_post_title":"","ocean_post_subheading":"","ocean_post_title_style":"","ocean_post_title_background_color":"","ocean_post_title_background":0,"ocean_post_title_bg_image_position":"","ocean_post_title_bg_image_attachment":"","ocean_post_title_bg_image_repeat":"","ocean_post_title_bg_image_size":"","ocean_post_title_height":0,"ocean_post_title_bg_overlay":0.5,"ocean_post_title_bg_overlay_color":"","ocean_disable_breadcrumbs":"default","ocean_breadcrumbs_color":"","ocean_breadcrumbs_separator_color":"","ocean_breadcrumbs_links_color":"","ocean_breadcrumbs_links_hover_color":"","ocean_display_footer_widgets":"default","ocean_display_footer_bottom":"default","ocean_custom_footer_template":"0","ocean_post_oembed":"","ocean_post_self_hosted_media":"","ocean_post_video_embed":"","ocean_link_format":"","ocean_link_format_target":"self","ocean_quote_format":"","ocean_quote_format_link":"post","ocean_gallery_link_images":"off","ocean_gallery_id":[],"footnotes":""},"categories":[26,32,19],"tags":[38,54,390,343,37,342,74,64],"class_list":["post-8790","post","type-post","status-publish","format-standard","has-post-thumbnail","hentry","category-aktualnosci","category-spotkania","category-wystawy","tag-centrum-kultury-i-inicjatyw-obywatelskich-w-podkowie-lesnej","tag-ckiio","tag-finisaz","tag-instytut-sztuki-i-designu","tag-podkowa-lesna","tag-slowobrazy","tag-swierkowa-1","tag-wystawy","entry","has-media"],"yoast_head":"<!-- This site is optimized with the Yoast SEO Premium plugin v15.2.1 - https:\/\/yoast.com\/wordpress\/plugins\/seo\/ -->\n<title>S\u0141OWOBRAZY - finisa\u017c wystawy - CKiO Podkowa Le\u015bna<\/title>\n<meta name=\"robots\" content=\"index, follow, max-snippet:-1, max-image-preview:large, max-video-preview:-1\" \/>\n<link rel=\"canonical\" href=\"https:\/\/www.ckiopodkowa.pl\/index.php\/2023\/01\/16\/slowobrazy-finisaz-wystawy\/\" \/>\n<meta property=\"og:locale\" content=\"pl_PL\" \/>\n<meta property=\"og:type\" content=\"article\" \/>\n<meta property=\"og:title\" content=\"S\u0141OWOBRAZY - finisa\u017c wystawy - CKiO Podkowa Le\u015bna\" \/>\n<meta property=\"og:description\" content=\"W sobot\u0119 4 lutego o godz. 16.00 zapraszamy na \u015awierkow\u0105 1 na finisa\u017c wystawy S\u0141OWOBRAZY. Wst\u0119p wolny. Kuratorka: Agnieszka \u0141ukaszewska Organizatorzy:Instytut Sztuki i Designu &#8211; Uniwersytet Pedagogiczny im. Komisji Edukacji Narodowej w KrakowieCentrum Kultury i Inicjatyw Obywatelskich w Podkowie Le\u015bnej S\u0141OWOBRAZYTemat wystawy dotyczy szeroko rozumianego zwi\u0105zku s\u0142owa i obrazu, sztuk wizualnych oraz literatury, powi\u0105zania litery, [&hellip;]\" \/>\n<meta property=\"og:url\" content=\"https:\/\/www.ckiopodkowa.pl\/index.php\/2023\/01\/16\/slowobrazy-finisaz-wystawy\/\" \/>\n<meta property=\"og:site_name\" content=\"CKiO Podkowa Le\u015bna\" \/>\n<meta property=\"article:published_time\" content=\"2023-01-16T11:53:00+00:00\" \/>\n<meta property=\"article:modified_time\" content=\"2023-02-05T08:55:28+00:00\" \/>\n<meta property=\"og:image\" content=\"https:\/\/www.ckiopodkowa.pl\/wp-content\/uploads\/2022\/12\/finisaz-SLOWOBRAZY-scaled.jpg\" \/>\n\t<meta property=\"og:image:width\" content=\"1774\" \/>\n\t<meta property=\"og:image:height\" content=\"2560\" \/>\n<meta name=\"twitter:card\" content=\"summary_large_image\" \/>\n<meta name=\"twitter:label1\" content=\"Napisane przez\">\n\t<meta name=\"twitter:data1\" content=\"Micha\u0142 Burszta\">\n\t<meta name=\"twitter:label2\" content=\"Szacowany czas czytania\">\n\t<meta name=\"twitter:data2\" content=\"1 minuta\">\n<script type=\"application\/ld+json\" class=\"yoast-schema-graph\">{\"@context\":\"https:\/\/schema.org\",\"@graph\":[{\"@type\":\"WebSite\",\"@id\":\"https:\/\/www.ckiopodkowa.pl\/#website\",\"url\":\"https:\/\/www.ckiopodkowa.pl\/\",\"name\":\"CKiO Podkowa Le\\u015bna\",\"description\":\"\",\"potentialAction\":[{\"@type\":\"SearchAction\",\"target\":\"https:\/\/www.ckiopodkowa.pl\/?s={search_term_string}\",\"query-input\":\"required name=search_term_string\"}],\"inLanguage\":\"pl-PL\"},{\"@type\":\"ImageObject\",\"@id\":\"https:\/\/www.ckiopodkowa.pl\/index.php\/2023\/01\/16\/slowobrazy-finisaz-wystawy\/#primaryimage\",\"inLanguage\":\"pl-PL\",\"url\":\"https:\/\/www.ckiopodkowa.pl\/wp-content\/uploads\/2022\/12\/finisaz-SLOWOBRAZY-scaled.jpg\",\"width\":1774,\"height\":2560},{\"@type\":\"WebPage\",\"@id\":\"https:\/\/www.ckiopodkowa.pl\/index.php\/2023\/01\/16\/slowobrazy-finisaz-wystawy\/#webpage\",\"url\":\"https:\/\/www.ckiopodkowa.pl\/index.php\/2023\/01\/16\/slowobrazy-finisaz-wystawy\/\",\"name\":\"S\\u0141OWOBRAZY - finisa\\u017c wystawy - CKiO Podkowa Le\\u015bna\",\"isPartOf\":{\"@id\":\"https:\/\/www.ckiopodkowa.pl\/#website\"},\"primaryImageOfPage\":{\"@id\":\"https:\/\/www.ckiopodkowa.pl\/index.php\/2023\/01\/16\/slowobrazy-finisaz-wystawy\/#primaryimage\"},\"datePublished\":\"2023-01-16T11:53:00+00:00\",\"dateModified\":\"2023-02-05T08:55:28+00:00\",\"author\":{\"@id\":\"https:\/\/www.ckiopodkowa.pl\/#\/schema\/person\/c86f9e496f06965599cdf61c3f0d7353\"},\"breadcrumb\":{\"@id\":\"https:\/\/www.ckiopodkowa.pl\/index.php\/2023\/01\/16\/slowobrazy-finisaz-wystawy\/#breadcrumb\"},\"inLanguage\":\"pl-PL\",\"potentialAction\":[{\"@type\":\"ReadAction\",\"target\":[\"https:\/\/www.ckiopodkowa.pl\/index.php\/2023\/01\/16\/slowobrazy-finisaz-wystawy\/\"]}]},{\"@type\":\"BreadcrumbList\",\"@id\":\"https:\/\/www.ckiopodkowa.pl\/index.php\/2023\/01\/16\/slowobrazy-finisaz-wystawy\/#breadcrumb\",\"itemListElement\":[{\"@type\":\"ListItem\",\"position\":1,\"item\":{\"@type\":\"WebPage\",\"@id\":\"https:\/\/www.ckiopodkowa.pl\/\",\"url\":\"https:\/\/www.ckiopodkowa.pl\/\",\"name\":\"Strona g\\u0142\\u00f3wna\"}},{\"@type\":\"ListItem\",\"position\":2,\"item\":{\"@type\":\"WebPage\",\"@id\":\"https:\/\/www.ckiopodkowa.pl\/index.php\/2023\/01\/16\/slowobrazy-finisaz-wystawy\/\",\"url\":\"https:\/\/www.ckiopodkowa.pl\/index.php\/2023\/01\/16\/slowobrazy-finisaz-wystawy\/\",\"name\":\"S\\u0141OWOBRAZY &#8211; finisa\\u017c wystawy\"}}]},{\"@type\":\"Person\",\"@id\":\"https:\/\/www.ckiopodkowa.pl\/#\/schema\/person\/c86f9e496f06965599cdf61c3f0d7353\",\"name\":\"Micha\\u0142 Burszta\",\"image\":{\"@type\":\"ImageObject\",\"@id\":\"https:\/\/www.ckiopodkowa.pl\/#personlogo\",\"inLanguage\":\"pl-PL\",\"url\":\"https:\/\/secure.gravatar.com\/avatar\/f1f4d167c304c69158a01101acd802fb2136a0a7ace154aa5a365dff7ecbce61?s=96&d=mm&r=g\",\"caption\":\"Micha\\u0142 Burszta\"}}]}<\/script>\n<!-- \/ Yoast SEO Premium plugin. -->","_links":{"self":[{"href":"https:\/\/www.ckiopodkowa.pl\/index.php\/wp-json\/wp\/v2\/posts\/8790","targetHints":{"allow":["GET"]}}],"collection":[{"href":"https:\/\/www.ckiopodkowa.pl\/index.php\/wp-json\/wp\/v2\/posts"}],"about":[{"href":"https:\/\/www.ckiopodkowa.pl\/index.php\/wp-json\/wp\/v2\/types\/post"}],"author":[{"embeddable":true,"href":"https:\/\/www.ckiopodkowa.pl\/index.php\/wp-json\/wp\/v2\/users\/3"}],"replies":[{"embeddable":true,"href":"https:\/\/www.ckiopodkowa.pl\/index.php\/wp-json\/wp\/v2\/comments?post=8790"}],"version-history":[{"count":13,"href":"https:\/\/www.ckiopodkowa.pl\/index.php\/wp-json\/wp\/v2\/posts\/8790\/revisions"}],"predecessor-version":[{"id":9107,"href":"https:\/\/www.ckiopodkowa.pl\/index.php\/wp-json\/wp\/v2\/posts\/8790\/revisions\/9107"}],"wp:featuredmedia":[{"embeddable":true,"href":"https:\/\/www.ckiopodkowa.pl\/index.php\/wp-json\/wp\/v2\/media\/9081"}],"wp:attachment":[{"href":"https:\/\/www.ckiopodkowa.pl\/index.php\/wp-json\/wp\/v2\/media?parent=8790"}],"wp:term":[{"taxonomy":"category","embeddable":true,"href":"https:\/\/www.ckiopodkowa.pl\/index.php\/wp-json\/wp\/v2\/categories?post=8790"},{"taxonomy":"post_tag","embeddable":true,"href":"https:\/\/www.ckiopodkowa.pl\/index.php\/wp-json\/wp\/v2\/tags?post=8790"}],"curies":[{"name":"wp","href":"https:\/\/api.w.org\/{rel}","templated":true}]}}