{"id":8647,"date":"2022-11-17T14:20:02","date_gmt":"2022-11-17T13:20:02","guid":{"rendered":"https:\/\/www.ckiopodkowa.pl\/?p=8647"},"modified":"2022-11-18T20:27:14","modified_gmt":"2022-11-18T19:27:14","slug":"kraksa-spektakl-nieformalnej-grupy-teatralnej-miedzy-slowami","status":"publish","type":"post","link":"https:\/\/www.ckiopodkowa.pl\/index.php\/2022\/11\/17\/kraksa-spektakl-nieformalnej-grupy-teatralnej-miedzy-slowami\/","title":{"rendered":"&#8222;Kraksa&#8221; &#8211; spektakl Nieformalnej Grupy Teatralnej Mi\u0119dzy S\u0142owami"},"content":{"rendered":"\n<h2 class=\"wp-block-heading\" id=\"h-ju-w-najbli-sz-niedziel-20-listopada-na-scenie-przy-wierkowej-1-b-dzie-mo-na-obejrze-najnowszy-spektakl-nieformalnej-grupy-teatralnej-mi-dzy-s-owami-kraksa-na-motywach-opowiadania-friedricha-durrenmatta-pocz-tek-o-godz-17-00-wst-p-wolny\">Ju\u017c w najbli\u017csz\u0105 niedziel\u0119 20 listopada na scenie przy \u015awierkowej 1 b\u0119dzie mo\u017cna obejrze\u0107 najnowszy spektakl Nieformalnej Grupy Teatralnej Mi\u0119dzy S\u0142owami &#8222;Kraksa&#8221;, na motywach opowiadania Friedricha Durrenmatta. Pocz\u0105tek o godz. 17.00. Wst\u0119p wolny.<\/h2>\n","protected":false},"excerpt":{"rendered":"<p>Ju\u017c w najbli\u017csz\u0105 niedziel\u0119 20 listopada na scenie przy \u015awierkowej 1 b\u0119dzie mo\u017cna obejrze\u0107 najnowszy spektakl Nieformalnej Grupy Teatralnej Mi\u0119dzy S\u0142owami &#8222;Kraksa&#8221;, na motywach opowiadania Friedricha Durrenmatta. Pocz\u0105tek o godz. 17.00. Wst\u0119p wolny.<\/p>\n","protected":false},"author":7,"featured_media":8648,"comment_status":"closed","ping_status":"closed","sticky":false,"template":"","format":"standard","meta":{"ocean_post_layout":"","ocean_both_sidebars_style":"","ocean_both_sidebars_content_width":0,"ocean_both_sidebars_sidebars_width":0,"ocean_sidebar":"0","ocean_second_sidebar":"0","ocean_disable_margins":"enable","ocean_add_body_class":"","ocean_shortcode_before_top_bar":"","ocean_shortcode_after_top_bar":"","ocean_shortcode_before_header":"","ocean_shortcode_after_header":"","ocean_has_shortcode":"","ocean_shortcode_after_title":"","ocean_shortcode_before_footer_widgets":"","ocean_shortcode_after_footer_widgets":"","ocean_shortcode_before_footer_bottom":"","ocean_shortcode_after_footer_bottom":"","ocean_display_top_bar":"default","ocean_display_header":"default","ocean_header_style":"","ocean_center_header_left_menu":"0","ocean_custom_header_template":"0","ocean_custom_logo":0,"ocean_custom_retina_logo":0,"ocean_custom_logo_max_width":0,"ocean_custom_logo_tablet_max_width":0,"ocean_custom_logo_mobile_max_width":0,"ocean_custom_logo_max_height":0,"ocean_custom_logo_tablet_max_height":0,"ocean_custom_logo_mobile_max_height":0,"ocean_header_custom_menu":"0","ocean_menu_typo_font_family":"0","ocean_menu_typo_font_subset":"","ocean_menu_typo_font_size":0,"ocean_menu_typo_font_size_tablet":0,"ocean_menu_typo_font_size_mobile":0,"ocean_menu_typo_font_size_unit":"px","ocean_menu_typo_font_weight":"","ocean_menu_typo_font_weight_tablet":"","ocean_menu_typo_font_weight_mobile":"","ocean_menu_typo_transform":"","ocean_menu_typo_transform_tablet":"","ocean_menu_typo_transform_mobile":"","ocean_menu_typo_line_height":0,"ocean_menu_typo_line_height_tablet":0,"ocean_menu_typo_line_height_mobile":0,"ocean_menu_typo_line_height_unit":"","ocean_menu_typo_spacing":0,"ocean_menu_typo_spacing_tablet":0,"ocean_menu_typo_spacing_mobile":0,"ocean_menu_typo_spacing_unit":"","ocean_menu_link_color":"","ocean_menu_link_color_hover":"","ocean_menu_link_color_active":"","ocean_menu_link_background":"","ocean_menu_link_hover_background":"","ocean_menu_link_active_background":"","ocean_menu_social_links_bg":"","ocean_menu_social_hover_links_bg":"","ocean_menu_social_links_color":"","ocean_menu_social_hover_links_color":"","ocean_disable_title":"default","ocean_disable_heading":"default","ocean_post_title":"","ocean_post_subheading":"","ocean_post_title_style":"","ocean_post_title_background_color":"","ocean_post_title_background":0,"ocean_post_title_bg_image_position":"","ocean_post_title_bg_image_attachment":"","ocean_post_title_bg_image_repeat":"","ocean_post_title_bg_image_size":"","ocean_post_title_height":0,"ocean_post_title_bg_overlay":0.5,"ocean_post_title_bg_overlay_color":"","ocean_disable_breadcrumbs":"default","ocean_breadcrumbs_color":"","ocean_breadcrumbs_separator_color":"","ocean_breadcrumbs_links_color":"","ocean_breadcrumbs_links_hover_color":"","ocean_display_footer_widgets":"default","ocean_display_footer_bottom":"default","ocean_custom_footer_template":"0","ocean_post_oembed":"","ocean_post_self_hosted_media":"","ocean_post_video_embed":"","ocean_link_format":"","ocean_link_format_target":"self","ocean_quote_format":"","ocean_quote_format_link":"post","ocean_gallery_link_images":"off","ocean_gallery_id":[],"footnotes":""},"categories":[26,18],"tags":[],"class_list":["post-8647","post","type-post","status-publish","format-standard","has-post-thumbnail","hentry","category-aktualnosci","category-spektakle","entry","has-media"],"yoast_head":"<!-- This site is optimized with the Yoast SEO Premium plugin v15.2.1 - https:\/\/yoast.com\/wordpress\/plugins\/seo\/ -->\n<title>&quot;Kraksa&quot; - spektakl Nieformalnej Grupy Teatralnej Mi\u0119dzy S\u0142owami - CKiO Podkowa Le\u015bna<\/title>\n<meta name=\"robots\" content=\"index, follow, max-snippet:-1, max-image-preview:large, max-video-preview:-1\" \/>\n<link rel=\"canonical\" href=\"https:\/\/www.ckiopodkowa.pl\/index.php\/2022\/11\/17\/kraksa-spektakl-nieformalnej-grupy-teatralnej-miedzy-slowami\/\" \/>\n<meta property=\"og:locale\" content=\"pl_PL\" \/>\n<meta property=\"og:type\" content=\"article\" \/>\n<meta property=\"og:title\" content=\"&quot;Kraksa&quot; - spektakl Nieformalnej Grupy Teatralnej Mi\u0119dzy S\u0142owami - CKiO Podkowa Le\u015bna\" \/>\n<meta property=\"og:description\" content=\"Ju\u017c w najbli\u017csz\u0105 niedziel\u0119 20 listopada na scenie przy \u015awierkowej 1 b\u0119dzie mo\u017cna obejrze\u0107 najnowszy spektakl Nieformalnej Grupy Teatralnej Mi\u0119dzy S\u0142owami &#8222;Kraksa&#8221;, na motywach opowiadania Friedricha Durrenmatta. Pocz\u0105tek o godz. 17.00. Wst\u0119p wolny.\" \/>\n<meta property=\"og:url\" content=\"https:\/\/www.ckiopodkowa.pl\/index.php\/2022\/11\/17\/kraksa-spektakl-nieformalnej-grupy-teatralnej-miedzy-slowami\/\" \/>\n<meta property=\"og:site_name\" content=\"CKiO Podkowa Le\u015bna\" \/>\n<meta property=\"article:published_time\" content=\"2022-11-17T13:20:02+00:00\" \/>\n<meta property=\"article:modified_time\" content=\"2022-11-18T19:27:14+00:00\" \/>\n<meta property=\"og:image\" content=\"https:\/\/www.ckiopodkowa.pl\/wp-content\/uploads\/2022\/11\/KRAKSA_plakat_20-11-22.jpg\" \/>\n\t<meta property=\"og:image:width\" content=\"1371\" \/>\n\t<meta property=\"og:image:height\" content=\"1920\" \/>\n<meta name=\"twitter:card\" content=\"summary_large_image\" \/>\n<meta name=\"twitter:label1\" content=\"Napisane przez\">\n\t<meta name=\"twitter:data1\" content=\"Barbara Potka\u0144ska\">\n\t<meta name=\"twitter:label2\" content=\"Szacowany czas czytania\">\n\t<meta name=\"twitter:data2\" content=\"0 minut\">\n<script type=\"application\/ld+json\" class=\"yoast-schema-graph\">{\"@context\":\"https:\/\/schema.org\",\"@graph\":[{\"@type\":\"WebSite\",\"@id\":\"https:\/\/www.ckiopodkowa.pl\/#website\",\"url\":\"https:\/\/www.ckiopodkowa.pl\/\",\"name\":\"CKiO Podkowa Le\\u015bna\",\"description\":\"\",\"potentialAction\":[{\"@type\":\"SearchAction\",\"target\":\"https:\/\/www.ckiopodkowa.pl\/?s={search_term_string}\",\"query-input\":\"required name=search_term_string\"}],\"inLanguage\":\"pl-PL\"},{\"@type\":\"ImageObject\",\"@id\":\"https:\/\/www.ckiopodkowa.pl\/index.php\/2022\/11\/17\/kraksa-spektakl-nieformalnej-grupy-teatralnej-miedzy-slowami\/#primaryimage\",\"inLanguage\":\"pl-PL\",\"url\":\"https:\/\/www.ckiopodkowa.pl\/wp-content\/uploads\/2022\/11\/KRAKSA_plakat_20-11-22.jpg\",\"width\":1371,\"height\":1920},{\"@type\":\"WebPage\",\"@id\":\"https:\/\/www.ckiopodkowa.pl\/index.php\/2022\/11\/17\/kraksa-spektakl-nieformalnej-grupy-teatralnej-miedzy-slowami\/#webpage\",\"url\":\"https:\/\/www.ckiopodkowa.pl\/index.php\/2022\/11\/17\/kraksa-spektakl-nieformalnej-grupy-teatralnej-miedzy-slowami\/\",\"name\":\"\\\"Kraksa\\\" - spektakl Nieformalnej Grupy Teatralnej Mi\\u0119dzy S\\u0142owami - CKiO Podkowa Le\\u015bna\",\"isPartOf\":{\"@id\":\"https:\/\/www.ckiopodkowa.pl\/#website\"},\"primaryImageOfPage\":{\"@id\":\"https:\/\/www.ckiopodkowa.pl\/index.php\/2022\/11\/17\/kraksa-spektakl-nieformalnej-grupy-teatralnej-miedzy-slowami\/#primaryimage\"},\"datePublished\":\"2022-11-17T13:20:02+00:00\",\"dateModified\":\"2022-11-18T19:27:14+00:00\",\"author\":{\"@id\":\"https:\/\/www.ckiopodkowa.pl\/#\/schema\/person\/34e0b0e10cd3f5942f19a99074ba6b93\"},\"breadcrumb\":{\"@id\":\"https:\/\/www.ckiopodkowa.pl\/index.php\/2022\/11\/17\/kraksa-spektakl-nieformalnej-grupy-teatralnej-miedzy-slowami\/#breadcrumb\"},\"inLanguage\":\"pl-PL\",\"potentialAction\":[{\"@type\":\"ReadAction\",\"target\":[\"https:\/\/www.ckiopodkowa.pl\/index.php\/2022\/11\/17\/kraksa-spektakl-nieformalnej-grupy-teatralnej-miedzy-slowami\/\"]}]},{\"@type\":\"BreadcrumbList\",\"@id\":\"https:\/\/www.ckiopodkowa.pl\/index.php\/2022\/11\/17\/kraksa-spektakl-nieformalnej-grupy-teatralnej-miedzy-slowami\/#breadcrumb\",\"itemListElement\":[{\"@type\":\"ListItem\",\"position\":1,\"item\":{\"@type\":\"WebPage\",\"@id\":\"https:\/\/www.ckiopodkowa.pl\/\",\"url\":\"https:\/\/www.ckiopodkowa.pl\/\",\"name\":\"Strona g\\u0142\\u00f3wna\"}},{\"@type\":\"ListItem\",\"position\":2,\"item\":{\"@type\":\"WebPage\",\"@id\":\"https:\/\/www.ckiopodkowa.pl\/index.php\/2022\/11\/17\/kraksa-spektakl-nieformalnej-grupy-teatralnej-miedzy-slowami\/\",\"url\":\"https:\/\/www.ckiopodkowa.pl\/index.php\/2022\/11\/17\/kraksa-spektakl-nieformalnej-grupy-teatralnej-miedzy-slowami\/\",\"name\":\"&#8220;Kraksa&#8221; &#8211; spektakl Nieformalnej Grupy Teatralnej Mi\\u0119dzy S\\u0142owami\"}}]},{\"@type\":\"Person\",\"@id\":\"https:\/\/www.ckiopodkowa.pl\/#\/schema\/person\/34e0b0e10cd3f5942f19a99074ba6b93\",\"name\":\"Barbara Potka\\u0144ska\",\"image\":{\"@type\":\"ImageObject\",\"@id\":\"https:\/\/www.ckiopodkowa.pl\/#personlogo\",\"inLanguage\":\"pl-PL\",\"url\":\"https:\/\/secure.gravatar.com\/avatar\/45e29de8d3335f4ccd5161e08ef089285ecb3860bf8c65f418eb453e6a0f93e1?s=96&d=mm&r=g\",\"caption\":\"Barbara Potka\\u0144ska\"}}]}<\/script>\n<!-- \/ Yoast SEO Premium plugin. -->","_links":{"self":[{"href":"https:\/\/www.ckiopodkowa.pl\/index.php\/wp-json\/wp\/v2\/posts\/8647","targetHints":{"allow":["GET"]}}],"collection":[{"href":"https:\/\/www.ckiopodkowa.pl\/index.php\/wp-json\/wp\/v2\/posts"}],"about":[{"href":"https:\/\/www.ckiopodkowa.pl\/index.php\/wp-json\/wp\/v2\/types\/post"}],"author":[{"embeddable":true,"href":"https:\/\/www.ckiopodkowa.pl\/index.php\/wp-json\/wp\/v2\/users\/7"}],"replies":[{"embeddable":true,"href":"https:\/\/www.ckiopodkowa.pl\/index.php\/wp-json\/wp\/v2\/comments?post=8647"}],"version-history":[{"count":2,"href":"https:\/\/www.ckiopodkowa.pl\/index.php\/wp-json\/wp\/v2\/posts\/8647\/revisions"}],"predecessor-version":[{"id":8651,"href":"https:\/\/www.ckiopodkowa.pl\/index.php\/wp-json\/wp\/v2\/posts\/8647\/revisions\/8651"}],"wp:featuredmedia":[{"embeddable":true,"href":"https:\/\/www.ckiopodkowa.pl\/index.php\/wp-json\/wp\/v2\/media\/8648"}],"wp:attachment":[{"href":"https:\/\/www.ckiopodkowa.pl\/index.php\/wp-json\/wp\/v2\/media?parent=8647"}],"wp:term":[{"taxonomy":"category","embeddable":true,"href":"https:\/\/www.ckiopodkowa.pl\/index.php\/wp-json\/wp\/v2\/categories?post=8647"},{"taxonomy":"post_tag","embeddable":true,"href":"https:\/\/www.ckiopodkowa.pl\/index.php\/wp-json\/wp\/v2\/tags?post=8647"}],"curies":[{"name":"wp","href":"https:\/\/api.w.org\/{rel}","templated":true}]}}