{"id":8626,"date":"2022-11-17T23:06:44","date_gmt":"2022-11-17T22:06:44","guid":{"rendered":"https:\/\/www.ckiopodkowa.pl\/?p=8626"},"modified":"2022-11-21T10:49:00","modified_gmt":"2022-11-21T09:49:00","slug":"czy-mokradla-moga-nam-pomoc-z-susza-wyklad","status":"publish","type":"post","link":"https:\/\/www.ckiopodkowa.pl\/index.php\/2022\/11\/17\/czy-mokradla-moga-nam-pomoc-z-susza-wyklad\/","title":{"rendered":"Czy mokrad\u0142a mog\u0105 nam pom\u00f3c z susz\u0105? &#8211; wyk\u0142ad"},"content":{"rendered":"\n<h2 class=\"wp-block-heading\" id=\"h-w-rod-23-listopada-zapraszamy-student-w-uniwersytetu-otwartego-pokolenia-na-wyk-ad-czy-mokrad-a-mog-nam-pom-c-z-susz-kt-ry-wyg-osi-mateusz-sk-odowski-z-uw-pocz-tek-o-godzinie-11-00-w-pa-acyku-kasyno-wyk-ad-jest-cz-ci-realizacji-projektu-mokrad-a-woda-ycie-klimat\">W \u015brod\u0119 23 listopada zapraszamy student\u00f3w Uniwersytetu Otwartego POKOLENIA na wyk\u0142ad &#8222;Czy mokrad\u0142a mog\u0105 nam pom\u00f3c z susz\u0105?&#8221;, kt\u00f3ry wyg\u0142osi Mateusz Sk\u0142odowski z UW. Pocz\u0105tek o godzinie 11.00 w Pa\u0142acyku Kasyno. Wyk\u0142ad jest cz\u0119\u015bci\u0105 realizacji projektu &#8222;Mokrad\u0142a = woda, \u017cycie, klimat&#8221;.<\/h2>\n\n\n\n<p>Projekt <strong>&#8222;Ekopokolenia. Mokrad\u0142a = woda, \u017cycie, klimat&#8221;<\/strong> to mi\u0119dzypokoleniowa kampania edukacyjna, realizowana r\u00f3wnolegle w lokalnych spo\u0142eczno\u015bciach, w kt\u00f3rych bezpo\u015brednim otoczeniu znajduj\u0105 si\u0119 obszary wodno-b\u0142otne. Jej celem jest wzrost \u015bwiadomo\u015bci ekologicznej odbiorc\u00f3w na temat us\u0142ug ekosystemowych mokrade\u0142 i konieczno\u015bci ich ochrony w najbli\u017cszym s\u0105siedztwie. Tytu\u0142 projektu niesie ze sob\u0105 najwa\u017cniejszy przekaz merytoryczny, m\u00f3wi\u0105c o bezcennych us\u0142ugach ekosystemowych obszar\u00f3w wodno-b\u0142otnych i walcz\u0105c z b\u0142\u0119dnym przekonaniem o ich nieu\u017cyteczno\u015bci.<\/p>\n\n\n\n<p>Projekt realizowany jest przez <strong>Fundacje Ziemia i Ludzie<\/strong> w partnerstwie z<strong> Inland Norway University of Applied Sciences.<\/strong><\/p>\n\n\n\n<p>Mokrad\u0142a, stanowi\u0105ce Polsce oko\u0142o 14,2% powierzchni, to ekosystemy zagro\u017cone. Do g\u0142\u00f3wnych zagro\u017ce\u0144 nale\u017c\u0105: odwadnianie, zaprzestanie odpowiedniego gospodarowania, rabunkowa eksploatacja torfu, wypalanie torfowisk i trzcinowisk, rozbudowa infrastruktury, zabudowa rezydencjonalna. Drobne mokrad\u0142a, o powierzchni mniejszej ni\u017c 1 h, nie s\u0105 obj\u0119te ochron\u0105 i pierwsze padaj\u0105 ofiar\u0105 gospodarki cz\u0142owieka.<\/p>\n\n\n\n<p>Eksperci wskazuj\u0105 na g\u0142\u00f3wne zagro\u017cenie dla mokrade\u0142 istniej\u0105ce w skali lokalnej. Utrzymanie walor\u00f3w przyrodniczych mokrade\u0142 i ich przywracanie wymaga odpowiedniego dzia\u0142ania na rzecz wzrostu \u015bwiadomo\u015bci ekologicznej i kszta\u0142towania opinii spo\u0142ecze\u0144stwa oraz w\u0142adz szczebla lokalnego.<\/p>\n","protected":false},"excerpt":{"rendered":"<p>W \u015brod\u0119 23 listopada zapraszamy student\u00f3w Uniwersytetu Otwartego POKOLENIA na wyk\u0142ad &#8222;Czy mokrad\u0142a mog\u0105 nam pom\u00f3c z susz\u0105?&#8221;, kt\u00f3ry wyg\u0142osi Mateusz Sk\u0142odowski z UW. Pocz\u0105tek o godzinie 11.00 w Pa\u0142acyku Kasyno. Wyk\u0142ad jest cz\u0119\u015bci\u0105 realizacji projektu &#8222;Mokrad\u0142a = woda, \u017cycie, klimat&#8221;. Projekt &#8222;Ekopokolenia. Mokrad\u0142a = woda, \u017cycie, klimat&#8221; to mi\u0119dzypokoleniowa kampania edukacyjna, realizowana r\u00f3wnolegle w [&hellip;]<\/p>\n","protected":false},"author":3,"featured_media":8628,"comment_status":"closed","ping_status":"closed","sticky":false,"template":"","format":"standard","meta":{"ocean_post_layout":"","ocean_both_sidebars_style":"","ocean_both_sidebars_content_width":0,"ocean_both_sidebars_sidebars_width":0,"ocean_sidebar":"0","ocean_second_sidebar":"0","ocean_disable_margins":"enable","ocean_add_body_class":"","ocean_shortcode_before_top_bar":"","ocean_shortcode_after_top_bar":"","ocean_shortcode_before_header":"","ocean_shortcode_after_header":"","ocean_has_shortcode":"","ocean_shortcode_after_title":"","ocean_shortcode_before_footer_widgets":"","ocean_shortcode_after_footer_widgets":"","ocean_shortcode_before_footer_bottom":"","ocean_shortcode_after_footer_bottom":"","ocean_display_top_bar":"default","ocean_display_header":"default","ocean_header_style":"","ocean_center_header_left_menu":"0","ocean_custom_header_template":"0","ocean_custom_logo":0,"ocean_custom_retina_logo":0,"ocean_custom_logo_max_width":0,"ocean_custom_logo_tablet_max_width":0,"ocean_custom_logo_mobile_max_width":0,"ocean_custom_logo_max_height":0,"ocean_custom_logo_tablet_max_height":0,"ocean_custom_logo_mobile_max_height":0,"ocean_header_custom_menu":"0","ocean_menu_typo_font_family":"0","ocean_menu_typo_font_subset":"","ocean_menu_typo_font_size":0,"ocean_menu_typo_font_size_tablet":0,"ocean_menu_typo_font_size_mobile":0,"ocean_menu_typo_font_size_unit":"px","ocean_menu_typo_font_weight":"","ocean_menu_typo_font_weight_tablet":"","ocean_menu_typo_font_weight_mobile":"","ocean_menu_typo_transform":"","ocean_menu_typo_transform_tablet":"","ocean_menu_typo_transform_mobile":"","ocean_menu_typo_line_height":0,"ocean_menu_typo_line_height_tablet":0,"ocean_menu_typo_line_height_mobile":0,"ocean_menu_typo_line_height_unit":"","ocean_menu_typo_spacing":0,"ocean_menu_typo_spacing_tablet":0,"ocean_menu_typo_spacing_mobile":0,"ocean_menu_typo_spacing_unit":"","ocean_menu_link_color":"","ocean_menu_link_color_hover":"","ocean_menu_link_color_active":"","ocean_menu_link_background":"","ocean_menu_link_hover_background":"","ocean_menu_link_active_background":"","ocean_menu_social_links_bg":"","ocean_menu_social_hover_links_bg":"","ocean_menu_social_links_color":"","ocean_menu_social_hover_links_color":"","ocean_disable_title":"default","ocean_disable_heading":"default","ocean_post_title":"","ocean_post_subheading":"","ocean_post_title_style":"","ocean_post_title_background_color":"","ocean_post_title_background":0,"ocean_post_title_bg_image_position":"","ocean_post_title_bg_image_attachment":"","ocean_post_title_bg_image_repeat":"","ocean_post_title_bg_image_size":"","ocean_post_title_height":0,"ocean_post_title_bg_overlay":0.5,"ocean_post_title_bg_overlay_color":"","ocean_disable_breadcrumbs":"default","ocean_breadcrumbs_color":"","ocean_breadcrumbs_separator_color":"","ocean_breadcrumbs_links_color":"","ocean_breadcrumbs_links_hover_color":"","ocean_display_footer_widgets":"default","ocean_display_footer_bottom":"default","ocean_custom_footer_template":"0","ocean_post_oembed":"","ocean_post_self_hosted_media":"","ocean_post_video_embed":"","ocean_link_format":"","ocean_link_format_target":"self","ocean_quote_format":"","ocean_quote_format_link":"post","ocean_gallery_link_images":"off","ocean_gallery_id":[],"footnotes":""},"categories":[26,16,40],"tags":[38,54,324,321,80,37,322],"class_list":["post-8626","post","type-post","status-publish","format-standard","has-post-thumbnail","hentry","category-aktualnosci","category-projekty","category-uniwersytet","tag-centrum-kultury-i-inicjatyw-obywatelskich-w-podkowie-lesnej","tag-ckiio","tag-fundacja-ziemia-i-ludzie","tag-mokradla-woda","tag-palacyk-kasyno","tag-podkowa-lesna","tag-zycie","entry","has-media"],"yoast_head":"<!-- This site is optimized with the Yoast SEO Premium plugin v15.2.1 - https:\/\/yoast.com\/wordpress\/plugins\/seo\/ -->\n<title>Czy mokrad\u0142a mog\u0105 nam pom\u00f3c z susz\u0105? - wyk\u0142ad - CKiO Podkowa Le\u015bna<\/title>\n<meta name=\"robots\" content=\"index, follow, max-snippet:-1, max-image-preview:large, max-video-preview:-1\" \/>\n<link rel=\"canonical\" href=\"https:\/\/www.ckiopodkowa.pl\/index.php\/2022\/11\/17\/czy-mokradla-moga-nam-pomoc-z-susza-wyklad\/\" \/>\n<meta property=\"og:locale\" content=\"pl_PL\" \/>\n<meta property=\"og:type\" content=\"article\" \/>\n<meta property=\"og:title\" content=\"Czy mokrad\u0142a mog\u0105 nam pom\u00f3c z susz\u0105? - wyk\u0142ad - CKiO Podkowa Le\u015bna\" \/>\n<meta property=\"og:description\" content=\"W \u015brod\u0119 23 listopada zapraszamy student\u00f3w Uniwersytetu Otwartego POKOLENIA na wyk\u0142ad &#8222;Czy mokrad\u0142a mog\u0105 nam pom\u00f3c z susz\u0105?&#8221;, kt\u00f3ry wyg\u0142osi Mateusz Sk\u0142odowski z UW. Pocz\u0105tek o godzinie 11.00 w Pa\u0142acyku Kasyno. Wyk\u0142ad jest cz\u0119\u015bci\u0105 realizacji projektu &#8222;Mokrad\u0142a = woda, \u017cycie, klimat&#8221;. Projekt &#8222;Ekopokolenia. Mokrad\u0142a = woda, \u017cycie, klimat&#8221; to mi\u0119dzypokoleniowa kampania edukacyjna, realizowana r\u00f3wnolegle w [&hellip;]\" \/>\n<meta property=\"og:url\" content=\"https:\/\/www.ckiopodkowa.pl\/index.php\/2022\/11\/17\/czy-mokradla-moga-nam-pomoc-z-susza-wyklad\/\" \/>\n<meta property=\"og:site_name\" content=\"CKiO Podkowa Le\u015bna\" \/>\n<meta property=\"article:published_time\" content=\"2022-11-17T22:06:44+00:00\" \/>\n<meta property=\"article:modified_time\" content=\"2022-11-21T09:49:00+00:00\" \/>\n<meta property=\"og:image\" content=\"https:\/\/www.ckiopodkowa.pl\/wp-content\/uploads\/2022\/11\/mokradla_plakat_23.11.jpg\" \/>\n\t<meta property=\"og:image:width\" content=\"1000\" \/>\n\t<meta property=\"og:image:height\" content=\"1415\" \/>\n<meta name=\"twitter:card\" content=\"summary_large_image\" \/>\n<meta name=\"twitter:label1\" content=\"Napisane przez\">\n\t<meta name=\"twitter:data1\" content=\"Micha\u0142 Burszta\">\n\t<meta name=\"twitter:label2\" content=\"Szacowany czas czytania\">\n\t<meta name=\"twitter:data2\" content=\"1 minuta\">\n<script type=\"application\/ld+json\" class=\"yoast-schema-graph\">{\"@context\":\"https:\/\/schema.org\",\"@graph\":[{\"@type\":\"WebSite\",\"@id\":\"https:\/\/www.ckiopodkowa.pl\/#website\",\"url\":\"https:\/\/www.ckiopodkowa.pl\/\",\"name\":\"CKiO Podkowa Le\\u015bna\",\"description\":\"\",\"potentialAction\":[{\"@type\":\"SearchAction\",\"target\":\"https:\/\/www.ckiopodkowa.pl\/?s={search_term_string}\",\"query-input\":\"required name=search_term_string\"}],\"inLanguage\":\"pl-PL\"},{\"@type\":\"ImageObject\",\"@id\":\"https:\/\/www.ckiopodkowa.pl\/index.php\/2022\/11\/17\/czy-mokradla-moga-nam-pomoc-z-susza-wyklad\/#primaryimage\",\"inLanguage\":\"pl-PL\",\"url\":\"https:\/\/www.ckiopodkowa.pl\/wp-content\/uploads\/2022\/11\/mokradla_plakat_23.11.jpg\",\"width\":1000,\"height\":1415},{\"@type\":\"WebPage\",\"@id\":\"https:\/\/www.ckiopodkowa.pl\/index.php\/2022\/11\/17\/czy-mokradla-moga-nam-pomoc-z-susza-wyklad\/#webpage\",\"url\":\"https:\/\/www.ckiopodkowa.pl\/index.php\/2022\/11\/17\/czy-mokradla-moga-nam-pomoc-z-susza-wyklad\/\",\"name\":\"Czy mokrad\\u0142a mog\\u0105 nam pom\\u00f3c z susz\\u0105? - wyk\\u0142ad - CKiO Podkowa Le\\u015bna\",\"isPartOf\":{\"@id\":\"https:\/\/www.ckiopodkowa.pl\/#website\"},\"primaryImageOfPage\":{\"@id\":\"https:\/\/www.ckiopodkowa.pl\/index.php\/2022\/11\/17\/czy-mokradla-moga-nam-pomoc-z-susza-wyklad\/#primaryimage\"},\"datePublished\":\"2022-11-17T22:06:44+00:00\",\"dateModified\":\"2022-11-21T09:49:00+00:00\",\"author\":{\"@id\":\"https:\/\/www.ckiopodkowa.pl\/#\/schema\/person\/c86f9e496f06965599cdf61c3f0d7353\"},\"breadcrumb\":{\"@id\":\"https:\/\/www.ckiopodkowa.pl\/index.php\/2022\/11\/17\/czy-mokradla-moga-nam-pomoc-z-susza-wyklad\/#breadcrumb\"},\"inLanguage\":\"pl-PL\",\"potentialAction\":[{\"@type\":\"ReadAction\",\"target\":[\"https:\/\/www.ckiopodkowa.pl\/index.php\/2022\/11\/17\/czy-mokradla-moga-nam-pomoc-z-susza-wyklad\/\"]}]},{\"@type\":\"BreadcrumbList\",\"@id\":\"https:\/\/www.ckiopodkowa.pl\/index.php\/2022\/11\/17\/czy-mokradla-moga-nam-pomoc-z-susza-wyklad\/#breadcrumb\",\"itemListElement\":[{\"@type\":\"ListItem\",\"position\":1,\"item\":{\"@type\":\"WebPage\",\"@id\":\"https:\/\/www.ckiopodkowa.pl\/\",\"url\":\"https:\/\/www.ckiopodkowa.pl\/\",\"name\":\"Strona g\\u0142\\u00f3wna\"}},{\"@type\":\"ListItem\",\"position\":2,\"item\":{\"@type\":\"WebPage\",\"@id\":\"https:\/\/www.ckiopodkowa.pl\/index.php\/2022\/11\/17\/czy-mokradla-moga-nam-pomoc-z-susza-wyklad\/\",\"url\":\"https:\/\/www.ckiopodkowa.pl\/index.php\/2022\/11\/17\/czy-mokradla-moga-nam-pomoc-z-susza-wyklad\/\",\"name\":\"Czy mokrad\\u0142a mog\\u0105 nam pom\\u00f3c z susz\\u0105? &#8211; wyk\\u0142ad\"}}]},{\"@type\":\"Person\",\"@id\":\"https:\/\/www.ckiopodkowa.pl\/#\/schema\/person\/c86f9e496f06965599cdf61c3f0d7353\",\"name\":\"Micha\\u0142 Burszta\",\"image\":{\"@type\":\"ImageObject\",\"@id\":\"https:\/\/www.ckiopodkowa.pl\/#personlogo\",\"inLanguage\":\"pl-PL\",\"url\":\"https:\/\/secure.gravatar.com\/avatar\/f1f4d167c304c69158a01101acd802fb2136a0a7ace154aa5a365dff7ecbce61?s=96&d=mm&r=g\",\"caption\":\"Micha\\u0142 Burszta\"}}]}<\/script>\n<!-- \/ Yoast SEO Premium plugin. -->","_links":{"self":[{"href":"https:\/\/www.ckiopodkowa.pl\/index.php\/wp-json\/wp\/v2\/posts\/8626","targetHints":{"allow":["GET"]}}],"collection":[{"href":"https:\/\/www.ckiopodkowa.pl\/index.php\/wp-json\/wp\/v2\/posts"}],"about":[{"href":"https:\/\/www.ckiopodkowa.pl\/index.php\/wp-json\/wp\/v2\/types\/post"}],"author":[{"embeddable":true,"href":"https:\/\/www.ckiopodkowa.pl\/index.php\/wp-json\/wp\/v2\/users\/3"}],"replies":[{"embeddable":true,"href":"https:\/\/www.ckiopodkowa.pl\/index.php\/wp-json\/wp\/v2\/comments?post=8626"}],"version-history":[{"count":2,"href":"https:\/\/www.ckiopodkowa.pl\/index.php\/wp-json\/wp\/v2\/posts\/8626\/revisions"}],"predecessor-version":[{"id":8629,"href":"https:\/\/www.ckiopodkowa.pl\/index.php\/wp-json\/wp\/v2\/posts\/8626\/revisions\/8629"}],"wp:featuredmedia":[{"embeddable":true,"href":"https:\/\/www.ckiopodkowa.pl\/index.php\/wp-json\/wp\/v2\/media\/8628"}],"wp:attachment":[{"href":"https:\/\/www.ckiopodkowa.pl\/index.php\/wp-json\/wp\/v2\/media?parent=8626"}],"wp:term":[{"taxonomy":"category","embeddable":true,"href":"https:\/\/www.ckiopodkowa.pl\/index.php\/wp-json\/wp\/v2\/categories?post=8626"},{"taxonomy":"post_tag","embeddable":true,"href":"https:\/\/www.ckiopodkowa.pl\/index.php\/wp-json\/wp\/v2\/tags?post=8626"}],"curies":[{"name":"wp","href":"https:\/\/api.w.org\/{rel}","templated":true}]}}