{"id":8574,"date":"2022-11-04T20:36:09","date_gmt":"2022-11-04T19:36:09","guid":{"rendered":"https:\/\/www.ckiopodkowa.pl\/?p=8574"},"modified":"2022-11-14T10:04:55","modified_gmt":"2022-11-14T09:04:55","slug":"spotkanie-poswiecone-krzysztofowi-koscieszy-jaworskiemu","status":"publish","type":"post","link":"https:\/\/www.ckiopodkowa.pl\/index.php\/2022\/11\/04\/spotkanie-poswiecone-krzysztofowi-koscieszy-jaworskiemu\/","title":{"rendered":"Spotkanie po\u015bwi\u0119cone Krzysztofowi Ko\u015bcieszy Jaworskiemu"},"content":{"rendered":"\t\t<div data-elementor-type=\"wp-post\" data-elementor-id=\"8574\" class=\"elementor elementor-8574\" data-elementor-post-type=\"post\">\n\t\t\t\t\t\t<section class=\"elementor-section elementor-top-section elementor-element elementor-element-6fb7bd10 elementor-section-boxed elementor-section-height-default elementor-section-height-default\" data-id=\"6fb7bd10\" data-element_type=\"section\">\n\t\t\t\t\t\t<div class=\"elementor-container elementor-column-gap-default\">\n\t\t\t\t\t<div class=\"elementor-column elementor-col-100 elementor-top-column elementor-element elementor-element-5357fdac\" data-id=\"5357fdac\" data-element_type=\"column\">\n\t\t\t<div class=\"elementor-widget-wrap elementor-element-populated\">\n\t\t\t\t\t\t<div class=\"elementor-element elementor-element-abe6b1b elementor-widget elementor-widget-text-editor\" data-id=\"abe6b1b\" data-element_type=\"widget\" data-widget_type=\"text-editor.default\">\n\t\t\t\t<div class=\"elementor-widget-container\">\n\t\t\t\t\t\t\t\t\t<p><\/p>\n<h2 class=\"wp-block-heading\" id=\"h-w-sobot-12-listopada-w-pa-acyku-kasyno-spotkaj-si-przyjaciele-i-znajomi-kiciora-czyli-krzysztofa-ko-cieszy-jaworskiego-1954-2021-by-wspomina-tw-rczo-i-posta-tego-niezwyk-ego-poety-malarza-dzia-acza-opozycji-i-wydawcy-drugiego-obiegu-filmowca-operatora-wiate-kierowcy-filmowego-pocz-tek-o-godz-18-00-wst-p-wolny\">W sobot\u0119 12 listopada w Pa\u0142acyku Kasyno spotkaj\u0105 si\u0119 przyjaciele i znajomi Kiciora, czyli Krzysztofa Ko\u015bcieszy Jaworskiego (1954-2021), by wspomina\u0107 tw\u00f3rczo\u015b\u0107 i posta\u0107 tego niezwyk\u0142ego poety, malarza, dzia\u0142acza opozycji i wydawcy drugiego obiegu, filmowca, operatora \u015bwiate\u0142, kierowcy filmowego. Pocz\u0105tek o godz. 18.00. Wst\u0119p wolny.<\/h2>\n<p><\/p>\n<p><strong>Krzysztof Ko\u015bciesza Jaworski<\/strong><br><strong>KICIOR<\/strong><br>(1954-2021)<br><br>Mistrz o\u015bwietlenia teatralnego, malarz, poeta i kierowca filmowy.<\/p>\n<p>Jak sam o sobie m\u00f3wi\u0142, jeden z ostatnich dinozaur\u00f3w cywilizacji dzieci kwiat\u00f3w \u2013 jeden z pierwszych hippis\u00f3w.<br>Dzia\u0142acz opozycji demokratycznej, grafik i wydawca &#8222;drugiego obiegu&#8221;. Za\u0142o\u017cyciel wsp\u00f3lnie z Piotrem Mitznerem<br>Wydawnictwa Oficyna Wydawnicza TP&nbsp; &#8222;Sp\u00f3\u0142ka Poet\u00f3w&#8221;.<\/p>\n<p>Na zam\u00f3wienie Amnesty International wykona\u0142 plakat dla zespo\u0142u U2. Jego teksty znajduj\u0105 si\u0119 w zbiorach<br>m. in. Europejskiego Centrum Solidarno\u015bci w Gda\u0144sku, Instytutu Sacharowa w Moskwie i Instytutu Hoovera w Stanford &#8211; USA. W 2016 r. zosta\u0142 na Ukrainie laureatem Mi\u0119dzynarodowej Literackiej Nagrody im. Gogola.<\/p>\n<p>Wieloletni kierowca filmowy, pracowa\u0142 przy takich produkcjach jak &#8222;Anna German&#8221;; &#8222;Bitwa Warszawska&#8221;;<br>&#8222;Czas Honoru&#8221;; &#8222;Genera\u0142 Nil&#8221;; &#8222;Papusza&#8221;; &#8222;Persona Non Grata&#8221;; &#8222;R\u00f3\u017ca; &#8222;Szpiedzy Z Warszawy&#8221;; &#8222;Stawka Wi\u0119ksza Ni\u017c \u015amier\u0107&#8221; oraz w musicalu &#8222;Polita&#8221; J. J\u00f3zefowicza i J. Stok\u0142osy.&nbsp;<span style=\"font-size: 15px;\">Kierowca Verva Street Racing w Warszawie. <\/span><span style=\"font-size: 15px;\">Uczestnik rajd\u00f3w zabytkowych samochod\u00f3w. <br><\/span><span style=\"font-size: 15px;\"><br>Uhonorowany za swoj\u0105 dzia\u0142alno\u015b\u0107 na rzecz budowania demokracji przez Instytut Pami\u0119ci Narodowej <\/span><span style=\"font-size: 15px;\">Statusem Dzia\u0142acza Opozycji Antykomunistycznej.<\/span><\/p>\n<p>Od lat zwi\u0105zany zawodowo z Centrum Kultury i Inicjatyw Obywatelskich, Urz\u0119dem Miasta Podkowa Le\u015bna,<br>Muzeum Motoryzacji i Techniki w Otr\u0119busach oraz podkowia\u0144skimi Stowarzyszeniami.<\/p>\n<p><u>Wspomnienie o Krzysztofie pi\u00f3ra Piotra Mitznera:<\/u><\/p>\n<p><\/p>\n<p><a href=\"https:\/\/www.podkowalesna-tppl.pl\/aktualnosci\/odszedl-krzysztof-jaworski-kicior\/?fbclid=IwAR30LBM7ddl6mHboJdpO73R4F5iLLfr5EwSHFhqxvXxaCz1K6RmMOzH3AwE\" target=\"_blank\" rel=\"noreferrer noopener\">https:\/\/www.podkowalesna-tppl.pl\/aktualnosci\/odszedl-krzysztof-jaworski-kicior\/?fbclid=IwAR30LBM7ddl6mHboJdpO73R4F5iLLfr5EwSHFhqxvXxaCz1K6RmMOzH3AwE<\/a><\/p>\n<p><\/p>\n<p><\/p>\t\t\t\t\t\t\t\t<\/div>\n\t\t\t\t<\/div>\n\t\t\t\t\t<\/div>\n\t\t<\/div>\n\t\t\t\t\t<\/div>\n\t\t<\/section>\n\t\t\t\t<\/div>\n\t\t","protected":false},"excerpt":{"rendered":"<p>W sobot\u0119 12 listopada w Pa\u0142acyku Kasyno spotkaj\u0105 si\u0119 przyjaciele i znajomi Kiciora, czyli Krzysztofa Ko\u015bcieszy Jaworskiego (1954-2021), by wspomina\u0107 tw\u00f3rczo\u015b\u0107 i posta\u0107 tego niezwyk\u0142ego poety, malarza, dzia\u0142acza opozycji i wydawcy drugiego obiegu, filmowca, operatora \u015bwiate\u0142, kierowcy filmowego. Pocz\u0105tek o godz. 18.00. Wst\u0119p wolny. Krzysztof Ko\u015bciesza JaworskiKICIOR(1954-2021) Mistrz o\u015bwietlenia teatralnego, malarz, poeta i kierowca filmowy. [&hellip;]<\/p>\n","protected":false},"author":3,"featured_media":8577,"comment_status":"closed","ping_status":"closed","sticky":false,"template":"","format":"standard","meta":{"ocean_post_layout":"","ocean_both_sidebars_style":"","ocean_both_sidebars_content_width":0,"ocean_both_sidebars_sidebars_width":0,"ocean_sidebar":"0","ocean_second_sidebar":"0","ocean_disable_margins":"enable","ocean_add_body_class":"","ocean_shortcode_before_top_bar":"","ocean_shortcode_after_top_bar":"","ocean_shortcode_before_header":"","ocean_shortcode_after_header":"","ocean_has_shortcode":"","ocean_shortcode_after_title":"","ocean_shortcode_before_footer_widgets":"","ocean_shortcode_after_footer_widgets":"","ocean_shortcode_before_footer_bottom":"","ocean_shortcode_after_footer_bottom":"","ocean_display_top_bar":"default","ocean_display_header":"default","ocean_header_style":"","ocean_center_header_left_menu":"0","ocean_custom_header_template":"0","ocean_custom_logo":0,"ocean_custom_retina_logo":0,"ocean_custom_logo_max_width":0,"ocean_custom_logo_tablet_max_width":0,"ocean_custom_logo_mobile_max_width":0,"ocean_custom_logo_max_height":0,"ocean_custom_logo_tablet_max_height":0,"ocean_custom_logo_mobile_max_height":0,"ocean_header_custom_menu":"0","ocean_menu_typo_font_family":"0","ocean_menu_typo_font_subset":"","ocean_menu_typo_font_size":0,"ocean_menu_typo_font_size_tablet":0,"ocean_menu_typo_font_size_mobile":0,"ocean_menu_typo_font_size_unit":"px","ocean_menu_typo_font_weight":"","ocean_menu_typo_font_weight_tablet":"","ocean_menu_typo_font_weight_mobile":"","ocean_menu_typo_transform":"","ocean_menu_typo_transform_tablet":"","ocean_menu_typo_transform_mobile":"","ocean_menu_typo_line_height":0,"ocean_menu_typo_line_height_tablet":0,"ocean_menu_typo_line_height_mobile":0,"ocean_menu_typo_line_height_unit":"","ocean_menu_typo_spacing":0,"ocean_menu_typo_spacing_tablet":0,"ocean_menu_typo_spacing_mobile":0,"ocean_menu_typo_spacing_unit":"","ocean_menu_link_color":"","ocean_menu_link_color_hover":"","ocean_menu_link_color_active":"","ocean_menu_link_background":"","ocean_menu_link_hover_background":"","ocean_menu_link_active_background":"","ocean_menu_social_links_bg":"","ocean_menu_social_hover_links_bg":"","ocean_menu_social_links_color":"","ocean_menu_social_hover_links_color":"","ocean_disable_title":"default","ocean_disable_heading":"default","ocean_post_title":"","ocean_post_subheading":"","ocean_post_title_style":"","ocean_post_title_background_color":"","ocean_post_title_background":0,"ocean_post_title_bg_image_position":"","ocean_post_title_bg_image_attachment":"","ocean_post_title_bg_image_repeat":"","ocean_post_title_bg_image_size":"","ocean_post_title_height":0,"ocean_post_title_bg_overlay":0.5,"ocean_post_title_bg_overlay_color":"","ocean_disable_breadcrumbs":"default","ocean_breadcrumbs_color":"","ocean_breadcrumbs_separator_color":"","ocean_breadcrumbs_links_color":"","ocean_breadcrumbs_links_hover_color":"","ocean_display_footer_widgets":"default","ocean_display_footer_bottom":"default","ocean_custom_footer_template":"0","ocean_post_oembed":"","ocean_post_self_hosted_media":"","ocean_post_video_embed":"","ocean_link_format":"","ocean_link_format_target":"self","ocean_quote_format":"","ocean_quote_format_link":"post","ocean_gallery_link_images":"off","ocean_gallery_id":[],"footnotes":""},"categories":[26,32],"tags":[38,54,307,308,80,37,309],"class_list":["post-8574","post","type-post","status-publish","format-standard","has-post-thumbnail","hentry","category-aktualnosci","category-spotkania","tag-centrum-kultury-i-inicjatyw-obywatelskich-w-podkowie-lesnej","tag-ckiio","tag-kicior","tag-krzysztof-kosciesza-jaworski","tag-palacyk-kasyno","tag-podkowa-lesna","tag-wspomnienie","entry","has-media"],"yoast_head":"<!-- This site is optimized with the Yoast SEO Premium plugin v15.2.1 - https:\/\/yoast.com\/wordpress\/plugins\/seo\/ -->\n<title>Spotkanie po\u015bwi\u0119cone Krzysztofowi Ko\u015bcieszy Jaworskiemu - CKiO Podkowa Le\u015bna<\/title>\n<meta name=\"robots\" content=\"index, follow, max-snippet:-1, max-image-preview:large, max-video-preview:-1\" \/>\n<link rel=\"canonical\" href=\"https:\/\/www.ckiopodkowa.pl\/index.php\/2022\/11\/04\/spotkanie-poswiecone-krzysztofowi-koscieszy-jaworskiemu\/\" \/>\n<meta property=\"og:locale\" content=\"pl_PL\" \/>\n<meta property=\"og:type\" content=\"article\" \/>\n<meta property=\"og:title\" content=\"Spotkanie po\u015bwi\u0119cone Krzysztofowi Ko\u015bcieszy Jaworskiemu - CKiO Podkowa Le\u015bna\" \/>\n<meta property=\"og:description\" content=\"W sobot\u0119 12 listopada w Pa\u0142acyku Kasyno spotkaj\u0105 si\u0119 przyjaciele i znajomi Kiciora, czyli Krzysztofa Ko\u015bcieszy Jaworskiego (1954-2021), by wspomina\u0107 tw\u00f3rczo\u015b\u0107 i posta\u0107 tego niezwyk\u0142ego poety, malarza, dzia\u0142acza opozycji i wydawcy drugiego obiegu, filmowca, operatora \u015bwiate\u0142, kierowcy filmowego. Pocz\u0105tek o godz. 18.00. Wst\u0119p wolny. Krzysztof Ko\u015bciesza JaworskiKICIOR(1954-2021) Mistrz o\u015bwietlenia teatralnego, malarz, poeta i kierowca filmowy. [&hellip;]\" \/>\n<meta property=\"og:url\" content=\"https:\/\/www.ckiopodkowa.pl\/index.php\/2022\/11\/04\/spotkanie-poswiecone-krzysztofowi-koscieszy-jaworskiemu\/\" \/>\n<meta property=\"og:site_name\" content=\"CKiO Podkowa Le\u015bna\" \/>\n<meta property=\"article:published_time\" content=\"2022-11-04T19:36:09+00:00\" \/>\n<meta property=\"article:modified_time\" content=\"2022-11-14T09:04:55+00:00\" \/>\n<meta property=\"og:image\" content=\"https:\/\/www.ckiopodkowa.pl\/wp-content\/uploads\/2022\/11\/spotkanie-Krzysiek-plakat-2-scaled.jpg\" \/>\n\t<meta property=\"og:image:width\" content=\"1779\" \/>\n\t<meta property=\"og:image:height\" content=\"2560\" \/>\n<meta name=\"twitter:card\" content=\"summary_large_image\" \/>\n<meta name=\"twitter:label1\" content=\"Napisane przez\">\n\t<meta name=\"twitter:data1\" content=\"Micha\u0142 Burszta\">\n\t<meta name=\"twitter:label2\" content=\"Szacowany czas czytania\">\n\t<meta name=\"twitter:data2\" content=\"1 minuta\">\n<script type=\"application\/ld+json\" class=\"yoast-schema-graph\">{\"@context\":\"https:\/\/schema.org\",\"@graph\":[{\"@type\":\"WebSite\",\"@id\":\"https:\/\/www.ckiopodkowa.pl\/#website\",\"url\":\"https:\/\/www.ckiopodkowa.pl\/\",\"name\":\"CKiO Podkowa Le\\u015bna\",\"description\":\"\",\"potentialAction\":[{\"@type\":\"SearchAction\",\"target\":\"https:\/\/www.ckiopodkowa.pl\/?s={search_term_string}\",\"query-input\":\"required name=search_term_string\"}],\"inLanguage\":\"pl-PL\"},{\"@type\":\"ImageObject\",\"@id\":\"https:\/\/www.ckiopodkowa.pl\/index.php\/2022\/11\/04\/spotkanie-poswiecone-krzysztofowi-koscieszy-jaworskiemu\/#primaryimage\",\"inLanguage\":\"pl-PL\",\"url\":\"https:\/\/www.ckiopodkowa.pl\/wp-content\/uploads\/2022\/11\/spotkanie-Krzysiek-plakat-2-scaled.jpg\",\"width\":1779,\"height\":2560},{\"@type\":\"WebPage\",\"@id\":\"https:\/\/www.ckiopodkowa.pl\/index.php\/2022\/11\/04\/spotkanie-poswiecone-krzysztofowi-koscieszy-jaworskiemu\/#webpage\",\"url\":\"https:\/\/www.ckiopodkowa.pl\/index.php\/2022\/11\/04\/spotkanie-poswiecone-krzysztofowi-koscieszy-jaworskiemu\/\",\"name\":\"Spotkanie po\\u015bwi\\u0119cone Krzysztofowi Ko\\u015bcieszy Jaworskiemu - CKiO Podkowa Le\\u015bna\",\"isPartOf\":{\"@id\":\"https:\/\/www.ckiopodkowa.pl\/#website\"},\"primaryImageOfPage\":{\"@id\":\"https:\/\/www.ckiopodkowa.pl\/index.php\/2022\/11\/04\/spotkanie-poswiecone-krzysztofowi-koscieszy-jaworskiemu\/#primaryimage\"},\"datePublished\":\"2022-11-04T19:36:09+00:00\",\"dateModified\":\"2022-11-14T09:04:55+00:00\",\"author\":{\"@id\":\"https:\/\/www.ckiopodkowa.pl\/#\/schema\/person\/c86f9e496f06965599cdf61c3f0d7353\"},\"breadcrumb\":{\"@id\":\"https:\/\/www.ckiopodkowa.pl\/index.php\/2022\/11\/04\/spotkanie-poswiecone-krzysztofowi-koscieszy-jaworskiemu\/#breadcrumb\"},\"inLanguage\":\"pl-PL\",\"potentialAction\":[{\"@type\":\"ReadAction\",\"target\":[\"https:\/\/www.ckiopodkowa.pl\/index.php\/2022\/11\/04\/spotkanie-poswiecone-krzysztofowi-koscieszy-jaworskiemu\/\"]}]},{\"@type\":\"BreadcrumbList\",\"@id\":\"https:\/\/www.ckiopodkowa.pl\/index.php\/2022\/11\/04\/spotkanie-poswiecone-krzysztofowi-koscieszy-jaworskiemu\/#breadcrumb\",\"itemListElement\":[{\"@type\":\"ListItem\",\"position\":1,\"item\":{\"@type\":\"WebPage\",\"@id\":\"https:\/\/www.ckiopodkowa.pl\/\",\"url\":\"https:\/\/www.ckiopodkowa.pl\/\",\"name\":\"Strona g\\u0142\\u00f3wna\"}},{\"@type\":\"ListItem\",\"position\":2,\"item\":{\"@type\":\"WebPage\",\"@id\":\"https:\/\/www.ckiopodkowa.pl\/index.php\/2022\/11\/04\/spotkanie-poswiecone-krzysztofowi-koscieszy-jaworskiemu\/\",\"url\":\"https:\/\/www.ckiopodkowa.pl\/index.php\/2022\/11\/04\/spotkanie-poswiecone-krzysztofowi-koscieszy-jaworskiemu\/\",\"name\":\"Spotkanie po\\u015bwi\\u0119cone Krzysztofowi Ko\\u015bcieszy Jaworskiemu\"}}]},{\"@type\":\"Person\",\"@id\":\"https:\/\/www.ckiopodkowa.pl\/#\/schema\/person\/c86f9e496f06965599cdf61c3f0d7353\",\"name\":\"Micha\\u0142 Burszta\",\"image\":{\"@type\":\"ImageObject\",\"@id\":\"https:\/\/www.ckiopodkowa.pl\/#personlogo\",\"inLanguage\":\"pl-PL\",\"url\":\"https:\/\/secure.gravatar.com\/avatar\/f1f4d167c304c69158a01101acd802fb2136a0a7ace154aa5a365dff7ecbce61?s=96&d=mm&r=g\",\"caption\":\"Micha\\u0142 Burszta\"}}]}<\/script>\n<!-- \/ Yoast SEO Premium plugin. -->","_links":{"self":[{"href":"https:\/\/www.ckiopodkowa.pl\/index.php\/wp-json\/wp\/v2\/posts\/8574","targetHints":{"allow":["GET"]}}],"collection":[{"href":"https:\/\/www.ckiopodkowa.pl\/index.php\/wp-json\/wp\/v2\/posts"}],"about":[{"href":"https:\/\/www.ckiopodkowa.pl\/index.php\/wp-json\/wp\/v2\/types\/post"}],"author":[{"embeddable":true,"href":"https:\/\/www.ckiopodkowa.pl\/index.php\/wp-json\/wp\/v2\/users\/3"}],"replies":[{"embeddable":true,"href":"https:\/\/www.ckiopodkowa.pl\/index.php\/wp-json\/wp\/v2\/comments?post=8574"}],"version-history":[{"count":12,"href":"https:\/\/www.ckiopodkowa.pl\/index.php\/wp-json\/wp\/v2\/posts\/8574\/revisions"}],"predecessor-version":[{"id":8596,"href":"https:\/\/www.ckiopodkowa.pl\/index.php\/wp-json\/wp\/v2\/posts\/8574\/revisions\/8596"}],"wp:featuredmedia":[{"embeddable":true,"href":"https:\/\/www.ckiopodkowa.pl\/index.php\/wp-json\/wp\/v2\/media\/8577"}],"wp:attachment":[{"href":"https:\/\/www.ckiopodkowa.pl\/index.php\/wp-json\/wp\/v2\/media?parent=8574"}],"wp:term":[{"taxonomy":"category","embeddable":true,"href":"https:\/\/www.ckiopodkowa.pl\/index.php\/wp-json\/wp\/v2\/categories?post=8574"},{"taxonomy":"post_tag","embeddable":true,"href":"https:\/\/www.ckiopodkowa.pl\/index.php\/wp-json\/wp\/v2\/tags?post=8574"}],"curies":[{"name":"wp","href":"https:\/\/api.w.org\/{rel}","templated":true}]}}