{"id":8121,"date":"2022-10-22T16:12:54","date_gmt":"2022-10-22T14:12:54","guid":{"rendered":"https:\/\/www.ckiopodkowa.pl\/?p=8121"},"modified":"2022-10-31T11:41:59","modified_gmt":"2022-10-31T10:41:59","slug":"wystawa-tworczosci-jerzego-znamierowskiego","status":"publish","type":"post","link":"https:\/\/www.ckiopodkowa.pl\/index.php\/2022\/10\/22\/wystawa-tworczosci-jerzego-znamierowskiego\/","title":{"rendered":"Wystawa tw\u00f3rczo\u015bci Jerzego Znamierowskiego"},"content":{"rendered":"\n<h2 class=\"wp-block-heading\" id=\"h-zapraszamy-do-pa-acyku-kasyno-na-wystaw-prac-jerzego-znamierowskiego-zorganizowan-w-ramach-europejskich-dni-dziedzictwa-wst-p-wolny-eskpozycja-dost-pna-do-11-listopada\">Zapraszamy do Pa\u0142acyku Kasyno na wystaw\u0119 prac Jerzego Znamierowskiego zorganizowan\u0105 w ramach Europejskich Dni Dziedzictwa. Wst\u0119p wolny. Eskpozycja dost\u0119pna do 11 listopada.<\/h2>\n\n\n\n<p>Prezentacja tw\u00f3rczo\u015bci zmar\u0142ego w 1999 r. artysty, wieloletniego mieszka\u0144ca Podkowy Le\u015bnej.<\/p>\n\n\n\n<p>Prezentowane prace z pochodz\u0105ce z kolekcji prywatnej &#8211; malarstwo olejne, rysunek oraz grafika warsztatowa (pi\u00f3rko, metaloryty trawione, linoryty oraz prace wykonane w technice w\u0142asnej).<br><br>Kuratorzy wystawy: Konrad Znamierowski i Sylwia Krzemianowska<br>Pa\u0142acyk Kasyno, Podkowa Le\u015bna, ul. Lilpopa 18<\/p>\n\n\n\n<p><strong>Jerzy Znamierowski<br>1948 &#8211; 1999<\/strong><\/p>\n\n\n\n<p><br>Urodzony w Warszawie, artysta plastyk, malarz, grafik, w 1973 r. uzyska\u0142 uprawnienia do wykonywania zawodu (MKiS), od 1976 r. by\u0142 cz\u0142onek Zwi\u0105zku Polskich Artyst\u00f3w Plastyk\u00f3w. Laureat nagr\u00f3d i wyr\u00f3\u017cnie\u0144 &#8211; Og\u00f3lnopolski Konkurs Graficzny im. J. Gielniaka &#8211; Jelenia G\u00f3ra (1979 r.) oraz Og\u00f3lnopolski Salon Zimowy Plastyki &#8222;Metafora we wsp\u00f3\u0142czesnym malarstwie i rysunku&#8221; &#8211; Radom (1980 r.), otrzyma\u0142 srebrny medal na XIV Wielkim Mi\u0119dzynarodowym Konkursie &#8211; &#8222;Academie International de Lutece&#8221; &#8211; Francja (1984 r.)<br>W latach 80. XX w. bra\u0142 udzia\u0142 w niezale\u017cnym \u017cyciu artystycznym, m.in. w wystawie &#8222;Obecno\u015b\u0107&#8221; w ko\u015bciele Mi\u0142osierdzia Bo\u017cego w Warszawie. Mia\u0142 te\u017c wystawy indywidualne, np. &#8222;U progu poznania&#8221; w ko\u015bciele Nawiedzenia NMP w Warszawie (1986 r.), w ko\u015bciele \u015bw. Krzysztofa w Podkowie Le\u015bnej (1989 r.) oraz Miejskim O\u015brodku Kultury (obecnie CKiIO) na wystawie Arty\u015bci Podkowy Le\u015bnej w 75-lecie Miasta Ogrodu.<br>Uczestnik ponad 22 wystaw indywidualnych i 50 zbiorowych.<br>Prace artysty znajduj\u0105 si\u0119 zbiorach: Muzeum Ziemi Przemyskiej w Przemy\u015blu, Muzeum Okr\u0119gowego w Toruniu, Muzeum Okr\u0119gowego w Zielonej G\u00f3rze, Muzeum w Ostro\u0142\u0119ce, Muzeum w Lublinie, Biblioteki Narodowej w Warszawie, CBWA w Warszawie, Muzeum Miko\u0142aja Kopernika we Fromborku, Muzeum Archidiecezjalnym w Warszawie, Muzeum Narodowym w Gda\u0144sku oraz w kolekcjach prywatnych, w kraju i zagranic\u0105 (Kanadzie,, USA, Anglii, Austrii, Belgii, Francji, Holandii, Szwecji, W\u0142oszech, Turcji).<\/p>\n","protected":false},"excerpt":{"rendered":"<p>Zapraszamy do Pa\u0142acyku Kasyno na wystaw\u0119 prac Jerzego Znamierowskiego zorganizowan\u0105 w ramach Europejskich Dni Dziedzictwa. Wst\u0119p wolny. Eskpozycja dost\u0119pna do 11 listopada. Prezentacja tw\u00f3rczo\u015bci zmar\u0142ego w 1999 r. artysty, wieloletniego mieszka\u0144ca Podkowy Le\u015bnej. Prezentowane prace z pochodz\u0105ce z kolekcji prywatnej &#8211; malarstwo olejne, rysunek oraz grafika warsztatowa (pi\u00f3rko, metaloryty trawione, linoryty oraz prace wykonane w [&hellip;]<\/p>\n","protected":false},"author":3,"featured_media":8123,"comment_status":"closed","ping_status":"closed","sticky":false,"template":"","format":"standard","meta":{"ocean_post_layout":"","ocean_both_sidebars_style":"","ocean_both_sidebars_content_width":0,"ocean_both_sidebars_sidebars_width":0,"ocean_sidebar":"0","ocean_second_sidebar":"0","ocean_disable_margins":"enable","ocean_add_body_class":"","ocean_shortcode_before_top_bar":"","ocean_shortcode_after_top_bar":"","ocean_shortcode_before_header":"","ocean_shortcode_after_header":"","ocean_has_shortcode":"","ocean_shortcode_after_title":"","ocean_shortcode_before_footer_widgets":"","ocean_shortcode_after_footer_widgets":"","ocean_shortcode_before_footer_bottom":"","ocean_shortcode_after_footer_bottom":"","ocean_display_top_bar":"default","ocean_display_header":"default","ocean_header_style":"","ocean_center_header_left_menu":"0","ocean_custom_header_template":"0","ocean_custom_logo":0,"ocean_custom_retina_logo":0,"ocean_custom_logo_max_width":0,"ocean_custom_logo_tablet_max_width":0,"ocean_custom_logo_mobile_max_width":0,"ocean_custom_logo_max_height":0,"ocean_custom_logo_tablet_max_height":0,"ocean_custom_logo_mobile_max_height":0,"ocean_header_custom_menu":"0","ocean_menu_typo_font_family":"0","ocean_menu_typo_font_subset":"","ocean_menu_typo_font_size":0,"ocean_menu_typo_font_size_tablet":0,"ocean_menu_typo_font_size_mobile":0,"ocean_menu_typo_font_size_unit":"px","ocean_menu_typo_font_weight":"","ocean_menu_typo_font_weight_tablet":"","ocean_menu_typo_font_weight_mobile":"","ocean_menu_typo_transform":"","ocean_menu_typo_transform_tablet":"","ocean_menu_typo_transform_mobile":"","ocean_menu_typo_line_height":0,"ocean_menu_typo_line_height_tablet":0,"ocean_menu_typo_line_height_mobile":0,"ocean_menu_typo_line_height_unit":"","ocean_menu_typo_spacing":0,"ocean_menu_typo_spacing_tablet":0,"ocean_menu_typo_spacing_mobile":0,"ocean_menu_typo_spacing_unit":"","ocean_menu_link_color":"","ocean_menu_link_color_hover":"","ocean_menu_link_color_active":"","ocean_menu_link_background":"","ocean_menu_link_hover_background":"","ocean_menu_link_active_background":"","ocean_menu_social_links_bg":"","ocean_menu_social_hover_links_bg":"","ocean_menu_social_links_color":"","ocean_menu_social_hover_links_color":"","ocean_disable_title":"default","ocean_disable_heading":"default","ocean_post_title":"","ocean_post_subheading":"","ocean_post_title_style":"","ocean_post_title_background_color":"","ocean_post_title_background":0,"ocean_post_title_bg_image_position":"","ocean_post_title_bg_image_attachment":"","ocean_post_title_bg_image_repeat":"","ocean_post_title_bg_image_size":"","ocean_post_title_height":0,"ocean_post_title_bg_overlay":0.5,"ocean_post_title_bg_overlay_color":"","ocean_disable_breadcrumbs":"default","ocean_breadcrumbs_color":"","ocean_breadcrumbs_separator_color":"","ocean_breadcrumbs_links_color":"","ocean_breadcrumbs_links_hover_color":"","ocean_display_footer_widgets":"default","ocean_display_footer_bottom":"default","ocean_custom_footer_template":"0","ocean_post_oembed":"","ocean_post_self_hosted_media":"","ocean_post_video_embed":"","ocean_link_format":"","ocean_link_format_target":"self","ocean_quote_format":"","ocean_quote_format_link":"post","ocean_gallery_link_images":"off","ocean_gallery_id":[],"footnotes":""},"categories":[26,19],"tags":[38,63,269,80,37,64],"class_list":["post-8121","post","type-post","status-publish","format-standard","has-post-thumbnail","hentry","category-aktualnosci","category-wystawy","tag-centrum-kultury-i-inicjatyw-obywatelskich-w-podkowie-lesnej","tag-galeria-kasyno","tag-jerzy-znamierowski","tag-palacyk-kasyno","tag-podkowa-lesna","tag-wystawy","entry","has-media"],"yoast_head":"<!-- This site is optimized with the Yoast SEO Premium plugin v15.2.1 - https:\/\/yoast.com\/wordpress\/plugins\/seo\/ -->\n<title>Wystawa tw\u00f3rczo\u015bci Jerzego Znamierowskiego - CKiO Podkowa Le\u015bna<\/title>\n<meta name=\"robots\" content=\"index, follow, max-snippet:-1, max-image-preview:large, max-video-preview:-1\" \/>\n<link rel=\"canonical\" href=\"https:\/\/www.ckiopodkowa.pl\/index.php\/2022\/10\/22\/wystawa-tworczosci-jerzego-znamierowskiego\/\" \/>\n<meta property=\"og:locale\" content=\"pl_PL\" \/>\n<meta property=\"og:type\" content=\"article\" \/>\n<meta property=\"og:title\" content=\"Wystawa tw\u00f3rczo\u015bci Jerzego Znamierowskiego - CKiO Podkowa Le\u015bna\" \/>\n<meta property=\"og:description\" content=\"Zapraszamy do Pa\u0142acyku Kasyno na wystaw\u0119 prac Jerzego Znamierowskiego zorganizowan\u0105 w ramach Europejskich Dni Dziedzictwa. Wst\u0119p wolny. Eskpozycja dost\u0119pna do 11 listopada. Prezentacja tw\u00f3rczo\u015bci zmar\u0142ego w 1999 r. artysty, wieloletniego mieszka\u0144ca Podkowy Le\u015bnej. Prezentowane prace z pochodz\u0105ce z kolekcji prywatnej &#8211; malarstwo olejne, rysunek oraz grafika warsztatowa (pi\u00f3rko, metaloryty trawione, linoryty oraz prace wykonane w [&hellip;]\" \/>\n<meta property=\"og:url\" content=\"https:\/\/www.ckiopodkowa.pl\/index.php\/2022\/10\/22\/wystawa-tworczosci-jerzego-znamierowskiego\/\" \/>\n<meta property=\"og:site_name\" content=\"CKiO Podkowa Le\u015bna\" \/>\n<meta property=\"article:published_time\" content=\"2022-10-22T14:12:54+00:00\" \/>\n<meta property=\"article:modified_time\" content=\"2022-10-31T10:41:59+00:00\" \/>\n<meta property=\"og:image\" content=\"https:\/\/www.ckiopodkowa.pl\/wp-content\/uploads\/2022\/09\/EDD_Jerzy-Znamierowski-scaled.jpg\" \/>\n\t<meta property=\"og:image:width\" content=\"1736\" \/>\n\t<meta property=\"og:image:height\" content=\"2560\" \/>\n<meta name=\"twitter:card\" content=\"summary_large_image\" \/>\n<meta name=\"twitter:label1\" content=\"Napisane przez\">\n\t<meta name=\"twitter:data1\" content=\"Micha\u0142 Burszta\">\n\t<meta name=\"twitter:label2\" content=\"Szacowany czas czytania\">\n\t<meta name=\"twitter:data2\" content=\"1 minuta\">\n<script type=\"application\/ld+json\" class=\"yoast-schema-graph\">{\"@context\":\"https:\/\/schema.org\",\"@graph\":[{\"@type\":\"WebSite\",\"@id\":\"https:\/\/www.ckiopodkowa.pl\/#website\",\"url\":\"https:\/\/www.ckiopodkowa.pl\/\",\"name\":\"CKiO Podkowa Le\\u015bna\",\"description\":\"\",\"potentialAction\":[{\"@type\":\"SearchAction\",\"target\":\"https:\/\/www.ckiopodkowa.pl\/?s={search_term_string}\",\"query-input\":\"required name=search_term_string\"}],\"inLanguage\":\"pl-PL\"},{\"@type\":\"ImageObject\",\"@id\":\"https:\/\/www.ckiopodkowa.pl\/index.php\/2022\/10\/22\/wystawa-tworczosci-jerzego-znamierowskiego\/#primaryimage\",\"inLanguage\":\"pl-PL\",\"url\":\"https:\/\/www.ckiopodkowa.pl\/wp-content\/uploads\/2022\/09\/EDD_Jerzy-Znamierowski-scaled.jpg\",\"width\":1736,\"height\":2560},{\"@type\":\"WebPage\",\"@id\":\"https:\/\/www.ckiopodkowa.pl\/index.php\/2022\/10\/22\/wystawa-tworczosci-jerzego-znamierowskiego\/#webpage\",\"url\":\"https:\/\/www.ckiopodkowa.pl\/index.php\/2022\/10\/22\/wystawa-tworczosci-jerzego-znamierowskiego\/\",\"name\":\"Wystawa tw\\u00f3rczo\\u015bci Jerzego Znamierowskiego - CKiO Podkowa Le\\u015bna\",\"isPartOf\":{\"@id\":\"https:\/\/www.ckiopodkowa.pl\/#website\"},\"primaryImageOfPage\":{\"@id\":\"https:\/\/www.ckiopodkowa.pl\/index.php\/2022\/10\/22\/wystawa-tworczosci-jerzego-znamierowskiego\/#primaryimage\"},\"datePublished\":\"2022-10-22T14:12:54+00:00\",\"dateModified\":\"2022-10-31T10:41:59+00:00\",\"author\":{\"@id\":\"https:\/\/www.ckiopodkowa.pl\/#\/schema\/person\/c86f9e496f06965599cdf61c3f0d7353\"},\"breadcrumb\":{\"@id\":\"https:\/\/www.ckiopodkowa.pl\/index.php\/2022\/10\/22\/wystawa-tworczosci-jerzego-znamierowskiego\/#breadcrumb\"},\"inLanguage\":\"pl-PL\",\"potentialAction\":[{\"@type\":\"ReadAction\",\"target\":[\"https:\/\/www.ckiopodkowa.pl\/index.php\/2022\/10\/22\/wystawa-tworczosci-jerzego-znamierowskiego\/\"]}]},{\"@type\":\"BreadcrumbList\",\"@id\":\"https:\/\/www.ckiopodkowa.pl\/index.php\/2022\/10\/22\/wystawa-tworczosci-jerzego-znamierowskiego\/#breadcrumb\",\"itemListElement\":[{\"@type\":\"ListItem\",\"position\":1,\"item\":{\"@type\":\"WebPage\",\"@id\":\"https:\/\/www.ckiopodkowa.pl\/\",\"url\":\"https:\/\/www.ckiopodkowa.pl\/\",\"name\":\"Strona g\\u0142\\u00f3wna\"}},{\"@type\":\"ListItem\",\"position\":2,\"item\":{\"@type\":\"WebPage\",\"@id\":\"https:\/\/www.ckiopodkowa.pl\/index.php\/2022\/10\/22\/wystawa-tworczosci-jerzego-znamierowskiego\/\",\"url\":\"https:\/\/www.ckiopodkowa.pl\/index.php\/2022\/10\/22\/wystawa-tworczosci-jerzego-znamierowskiego\/\",\"name\":\"Wystawa tw\\u00f3rczo\\u015bci Jerzego Znamierowskiego\"}}]},{\"@type\":\"Person\",\"@id\":\"https:\/\/www.ckiopodkowa.pl\/#\/schema\/person\/c86f9e496f06965599cdf61c3f0d7353\",\"name\":\"Micha\\u0142 Burszta\",\"image\":{\"@type\":\"ImageObject\",\"@id\":\"https:\/\/www.ckiopodkowa.pl\/#personlogo\",\"inLanguage\":\"pl-PL\",\"url\":\"https:\/\/secure.gravatar.com\/avatar\/f1f4d167c304c69158a01101acd802fb2136a0a7ace154aa5a365dff7ecbce61?s=96&d=mm&r=g\",\"caption\":\"Micha\\u0142 Burszta\"}}]}<\/script>\n<!-- \/ Yoast SEO Premium plugin. -->","_links":{"self":[{"href":"https:\/\/www.ckiopodkowa.pl\/index.php\/wp-json\/wp\/v2\/posts\/8121","targetHints":{"allow":["GET"]}}],"collection":[{"href":"https:\/\/www.ckiopodkowa.pl\/index.php\/wp-json\/wp\/v2\/posts"}],"about":[{"href":"https:\/\/www.ckiopodkowa.pl\/index.php\/wp-json\/wp\/v2\/types\/post"}],"author":[{"embeddable":true,"href":"https:\/\/www.ckiopodkowa.pl\/index.php\/wp-json\/wp\/v2\/users\/3"}],"replies":[{"embeddable":true,"href":"https:\/\/www.ckiopodkowa.pl\/index.php\/wp-json\/wp\/v2\/comments?post=8121"}],"version-history":[{"count":8,"href":"https:\/\/www.ckiopodkowa.pl\/index.php\/wp-json\/wp\/v2\/posts\/8121\/revisions"}],"predecessor-version":[{"id":8386,"href":"https:\/\/www.ckiopodkowa.pl\/index.php\/wp-json\/wp\/v2\/posts\/8121\/revisions\/8386"}],"wp:featuredmedia":[{"embeddable":true,"href":"https:\/\/www.ckiopodkowa.pl\/index.php\/wp-json\/wp\/v2\/media\/8123"}],"wp:attachment":[{"href":"https:\/\/www.ckiopodkowa.pl\/index.php\/wp-json\/wp\/v2\/media?parent=8121"}],"wp:term":[{"taxonomy":"category","embeddable":true,"href":"https:\/\/www.ckiopodkowa.pl\/index.php\/wp-json\/wp\/v2\/categories?post=8121"},{"taxonomy":"post_tag","embeddable":true,"href":"https:\/\/www.ckiopodkowa.pl\/index.php\/wp-json\/wp\/v2\/tags?post=8121"}],"curies":[{"name":"wp","href":"https:\/\/api.w.org\/{rel}","templated":true}]}}