{"id":6574,"date":"2022-04-04T18:33:34","date_gmt":"2022-04-04T16:33:34","guid":{"rendered":"https:\/\/www.ckiopodkowa.pl\/?p=6574"},"modified":"2022-04-04T18:33:48","modified_gmt":"2022-04-04T16:33:48","slug":"koncert-anny-kostrzewskiej","status":"publish","type":"post","link":"https:\/\/www.ckiopodkowa.pl\/index.php\/2022\/04\/04\/koncert-anny-kostrzewskiej\/","title":{"rendered":"Koncert Anny Kostrzewskiej"},"content":{"rendered":"\t\t<div data-elementor-type=\"wp-post\" data-elementor-id=\"6574\" class=\"elementor elementor-6574\" data-elementor-post-type=\"post\">\n\t\t\t\t\t\t<section class=\"elementor-section elementor-top-section elementor-element elementor-element-568fdf6f elementor-section-boxed elementor-section-height-default elementor-section-height-default\" data-id=\"568fdf6f\" data-element_type=\"section\">\n\t\t\t\t\t\t<div class=\"elementor-container elementor-column-gap-default\">\n\t\t\t\t\t<div class=\"elementor-column elementor-col-100 elementor-top-column elementor-element elementor-element-1b86a2df\" data-id=\"1b86a2df\" data-element_type=\"column\">\n\t\t\t<div class=\"elementor-widget-wrap elementor-element-populated\">\n\t\t\t\t\t\t<div class=\"elementor-element elementor-element-390d3c28 elementor-widget elementor-widget-text-editor\" data-id=\"390d3c28\" data-element_type=\"widget\" data-widget_type=\"text-editor.default\">\n\t\t\t\t<div class=\"elementor-widget-container\">\n\t\t\t\t\t\t\t\t\t\n<h2 class=\"wp-block-heading\" id=\"h-ostatnim-akordem-obchod-w-dnia-miasta-ogrodu-b-dzie-koncert-anny-kostrzewskiej-przy-akompaniamencie-pianisty-micha-a-salamona-zapraszamy-o-godz-19-00-do-pa-acyku-kasyno-wst-p-wolny\">Ostatnim akordem obchod\u00f3w Dnia Miasta Ogrodu b\u0119dzie koncert Anny Kostrzewskiej przy akompaniamencie pianisty Micha\u0142a Salamona. Zapraszamy o godz. 19.00 do Pa\u0142acyku Kasyno. Wst\u0119p wolny.<\/h2>\n\n\n\n<p><strong>Anna Kostrzewska<\/strong> &#8211; wokalistka, autorka tekst\u00f3w i melodii, producentka wydarze\u0144 kulturalnych o ciep\u0142ej barwie g\u0142osu. Jej muzyka pe\u0142na jest jazzu, bossanovy, bluesa, tanga i alternatywnego popu. Jest autork\u0105 tekst\u00f3w piosenek i wierszy, kompozytork\u0105 melodii oraz producentk\u0105 wydarze\u0144 kulturalnych.<br><br>Od wielu lat gra na scenach festiwalowych i klubowych, wyst\u0119puje tak\u017ce na du\u017cych og\u00f3lnopolskich wydarzeniach. W ramach supportu koncertowa\u0142a u boku takich zespo\u0142\u00f3w jak Vaya con Dios czy Raz Dwa Trzy. Dzi\u0119ki tej wsp\u00f3\u0142pracy mia\u0142a okazj\u0119 zaprezentowa\u0107 sw\u00f3j autorski materia\u0142 m.in. w Sali Kongresowej przed wielotysi\u0119czn\u0105 publiczno\u015bci\u0105.<br><br>Uko\u0144czy\u0142a studia na Uniwersytecie Warszawskim na kierunku Afrykanistyka i jest zapalon\u0105 mi\u0142o\u015bniczk\u0105 nart, tenisa ziemnego i salsy, a tak\u017ce fank\u0105 je\u017adziectwa oraz rajd\u00f3w samochodowych. Kr\u00f3tko m\u00f3wi\u0105c \u2013 artystka o duszy sportowca. Sw\u00f3j debiutancki album pt. &#8222;Anya&#8221; zrealizowa\u0142a z wybitnymi muzykami polskiej sceny jazzowej. Wyst\u0105pili na nim m.in. Bogdan Ho\u0142ownia, Henryk Mi\u015bkiewicz oraz Marek Napi\u00f3rkowski, a stron\u0105 aran\u017cacyjn\u0105 zajmowa\u0142 si\u0119 Pawe\u0142 Bzim Zarecki i Krzysztof Herdzin.<br><br>Po udanym debiucie muzycznym otrzyma\u0142a zaproszenie na presti\u017cow\u0105 sk\u0142adank\u0119 &#8222;Ladies Jazz vol. 8&#8221;, na kt\u00f3rej znalaz\u0142 si\u0119 singiel z jej pierwszego albumu. W czerwcu 2018 r. ukaza\u0142 si\u0119 drugi autorski album Anny Kostrzewskiej pt. \u201eKobieta w JPG-ach. Historie nie tylko wy\u015bpiewane\u201d. Album jest po\u0142\u0105czony z tomikiem poezji, na kt\u00f3rym znajduj\u0105 si\u0119 wiersze samej wokalistki. Od pa\u017adziernika 2018 r. za spraw\u0105 e- Muzyki, oba albumy (Anya, Kobieta w JPG-ach) s\u0105 dost\u0119pne w formie cyfrowej na wszystkich najwi\u0119kszych platformach muzycznych.<br><br>Anya &#8211; http:\/\/soundline.biz\/AnyaAnya,<br>Kobieta w JPG-ach &#8211; http:\/\/soundline.biz\/AnnaKostrzewskaKobietawjpgach<br><br>Dla koneser\u00f3w p\u0142yty DVD z utworami w wykonaniu Anny Kostrzewskiej mo\u017cna naby\u0107 po ka\u017cdym koncercie artystki.<\/p>\n\t\t\t\t\t\t\t\t<\/div>\n\t\t\t\t<\/div>\n\t\t\t\t\t<\/div>\n\t\t<\/div>\n\t\t\t\t\t<\/div>\n\t\t<\/section>\n\t\t\t\t<section class=\"elementor-section elementor-top-section elementor-element elementor-element-5458314 elementor-section-boxed elementor-section-height-default elementor-section-height-default\" data-id=\"5458314\" data-element_type=\"section\">\n\t\t\t\t\t\t<div class=\"elementor-container elementor-column-gap-default\">\n\t\t\t\t\t<div class=\"elementor-column elementor-col-100 elementor-top-column elementor-element elementor-element-57c3ffc\" data-id=\"57c3ffc\" data-element_type=\"column\">\n\t\t\t<div class=\"elementor-widget-wrap elementor-element-populated\">\n\t\t\t\t\t\t<div class=\"elementor-element elementor-element-bc2bcd7 elementor-widget elementor-widget-image\" data-id=\"bc2bcd7\" data-element_type=\"widget\" data-widget_type=\"image.default\">\n\t\t\t\t<div class=\"elementor-widget-container\">\n\t\t\t\t\t\t\t\t\t\t\t\t\t\t\t<img fetchpriority=\"high\" decoding=\"async\" width=\"1024\" height=\"576\" src=\"https:\/\/www.ckiopodkowa.pl\/wp-content\/uploads\/2022\/04\/Anna-Kostrzewska-2-1024x576.jpg\" class=\"attachment-large size-large wp-image-6577\" alt=\"\" srcset=\"https:\/\/www.ckiopodkowa.pl\/wp-content\/uploads\/2022\/04\/Anna-Kostrzewska-2-1024x576.jpg 1024w, https:\/\/www.ckiopodkowa.pl\/wp-content\/uploads\/2022\/04\/Anna-Kostrzewska-2-600x338.jpg 600w, https:\/\/www.ckiopodkowa.pl\/wp-content\/uploads\/2022\/04\/Anna-Kostrzewska-2-768x432.jpg 768w, https:\/\/www.ckiopodkowa.pl\/wp-content\/uploads\/2022\/04\/Anna-Kostrzewska-2-1536x864.jpg 1536w, https:\/\/www.ckiopodkowa.pl\/wp-content\/uploads\/2022\/04\/Anna-Kostrzewska-2-2048x1152.jpg 2048w\" sizes=\"(max-width: 1024px) 100vw, 1024px\" \/>\t\t\t\t\t\t\t\t\t\t\t\t\t\t\t<\/div>\n\t\t\t\t<\/div>\n\t\t\t\t\t<\/div>\n\t\t<\/div>\n\t\t\t\t\t<\/div>\n\t\t<\/section>\n\t\t\t\t<\/div>\n\t\t","protected":false},"excerpt":{"rendered":"<p>Ostatnim akordem obchod\u00f3w Dnia Miasta Ogrodu b\u0119dzie koncert Anny Kostrzewskiej przy akompaniamencie pianisty Micha\u0142a Salamona. Zapraszamy o godz. 19.00 do Pa\u0142acyku Kasyno. Wst\u0119p wolny. Anna Kostrzewska &#8211; wokalistka, autorka tekst\u00f3w i melodii, producentka wydarze\u0144 kulturalnych o ciep\u0142ej barwie g\u0142osu. Jej muzyka pe\u0142na jest jazzu, bossanovy, bluesa, tanga i alternatywnego popu. Jest autork\u0105 tekst\u00f3w piosenek i [&hellip;]<\/p>\n","protected":false},"author":3,"featured_media":6575,"comment_status":"closed","ping_status":"closed","sticky":false,"template":"","format":"standard","meta":{"ocean_post_layout":"","ocean_both_sidebars_style":"","ocean_both_sidebars_content_width":0,"ocean_both_sidebars_sidebars_width":0,"ocean_sidebar":"0","ocean_second_sidebar":"0","ocean_disable_margins":"enable","ocean_add_body_class":"","ocean_shortcode_before_top_bar":"","ocean_shortcode_after_top_bar":"","ocean_shortcode_before_header":"","ocean_shortcode_after_header":"","ocean_has_shortcode":"","ocean_shortcode_after_title":"","ocean_shortcode_before_footer_widgets":"","ocean_shortcode_after_footer_widgets":"","ocean_shortcode_before_footer_bottom":"","ocean_shortcode_after_footer_bottom":"","ocean_display_top_bar":"default","ocean_display_header":"default","ocean_header_style":"","ocean_center_header_left_menu":"0","ocean_custom_header_template":"0","ocean_custom_logo":0,"ocean_custom_retina_logo":0,"ocean_custom_logo_max_width":0,"ocean_custom_logo_tablet_max_width":0,"ocean_custom_logo_mobile_max_width":0,"ocean_custom_logo_max_height":0,"ocean_custom_logo_tablet_max_height":0,"ocean_custom_logo_mobile_max_height":0,"ocean_header_custom_menu":"0","ocean_menu_typo_font_family":"0","ocean_menu_typo_font_subset":"","ocean_menu_typo_font_size":0,"ocean_menu_typo_font_size_tablet":0,"ocean_menu_typo_font_size_mobile":0,"ocean_menu_typo_font_size_unit":"px","ocean_menu_typo_font_weight":"","ocean_menu_typo_font_weight_tablet":"","ocean_menu_typo_font_weight_mobile":"","ocean_menu_typo_transform":"","ocean_menu_typo_transform_tablet":"","ocean_menu_typo_transform_mobile":"","ocean_menu_typo_line_height":0,"ocean_menu_typo_line_height_tablet":0,"ocean_menu_typo_line_height_mobile":0,"ocean_menu_typo_line_height_unit":"","ocean_menu_typo_spacing":0,"ocean_menu_typo_spacing_tablet":0,"ocean_menu_typo_spacing_mobile":0,"ocean_menu_typo_spacing_unit":"","ocean_menu_link_color":"","ocean_menu_link_color_hover":"","ocean_menu_link_color_active":"","ocean_menu_link_background":"","ocean_menu_link_hover_background":"","ocean_menu_link_active_background":"","ocean_menu_social_links_bg":"","ocean_menu_social_hover_links_bg":"","ocean_menu_social_links_color":"","ocean_menu_social_hover_links_color":"","ocean_disable_title":"default","ocean_disable_heading":"default","ocean_post_title":"","ocean_post_subheading":"","ocean_post_title_style":"","ocean_post_title_background_color":"","ocean_post_title_background":0,"ocean_post_title_bg_image_position":"","ocean_post_title_bg_image_attachment":"","ocean_post_title_bg_image_repeat":"","ocean_post_title_bg_image_size":"","ocean_post_title_height":0,"ocean_post_title_bg_overlay":0.5,"ocean_post_title_bg_overlay_color":"","ocean_disable_breadcrumbs":"default","ocean_breadcrumbs_color":"","ocean_breadcrumbs_separator_color":"","ocean_breadcrumbs_links_color":"","ocean_breadcrumbs_links_hover_color":"","ocean_display_footer_widgets":"default","ocean_display_footer_bottom":"default","ocean_custom_footer_template":"0","ocean_post_oembed":"","ocean_post_self_hosted_media":"","ocean_post_video_embed":"","ocean_link_format":"","ocean_link_format_target":"self","ocean_quote_format":"","ocean_quote_format_link":"post","ocean_gallery_link_images":"off","ocean_gallery_id":[],"footnotes":""},"categories":[26,17],"tags":[],"class_list":["post-6574","post","type-post","status-publish","format-standard","has-post-thumbnail","hentry","category-aktualnosci","category-koncerty","entry","has-media"],"yoast_head":"<!-- This site is optimized with the Yoast SEO Premium plugin v15.2.1 - https:\/\/yoast.com\/wordpress\/plugins\/seo\/ -->\n<title>Koncert Anny Kostrzewskiej - CKiO Podkowa Le\u015bna<\/title>\n<meta name=\"robots\" content=\"index, follow, max-snippet:-1, max-image-preview:large, max-video-preview:-1\" \/>\n<link rel=\"canonical\" href=\"https:\/\/www.ckiopodkowa.pl\/index.php\/2022\/04\/04\/koncert-anny-kostrzewskiej\/\" \/>\n<meta property=\"og:locale\" content=\"pl_PL\" \/>\n<meta property=\"og:type\" content=\"article\" \/>\n<meta property=\"og:title\" content=\"Koncert Anny Kostrzewskiej - CKiO Podkowa Le\u015bna\" \/>\n<meta property=\"og:description\" content=\"Ostatnim akordem obchod\u00f3w Dnia Miasta Ogrodu b\u0119dzie koncert Anny Kostrzewskiej przy akompaniamencie pianisty Micha\u0142a Salamona. Zapraszamy o godz. 19.00 do Pa\u0142acyku Kasyno. Wst\u0119p wolny. Anna Kostrzewska &#8211; wokalistka, autorka tekst\u00f3w i melodii, producentka wydarze\u0144 kulturalnych o ciep\u0142ej barwie g\u0142osu. Jej muzyka pe\u0142na jest jazzu, bossanovy, bluesa, tanga i alternatywnego popu. Jest autork\u0105 tekst\u00f3w piosenek i [&hellip;]\" \/>\n<meta property=\"og:url\" content=\"https:\/\/www.ckiopodkowa.pl\/index.php\/2022\/04\/04\/koncert-anny-kostrzewskiej\/\" \/>\n<meta property=\"og:site_name\" content=\"CKiO Podkowa Le\u015bna\" \/>\n<meta property=\"article:published_time\" content=\"2022-04-04T16:33:34+00:00\" \/>\n<meta property=\"article:modified_time\" content=\"2022-04-04T16:33:48+00:00\" \/>\n<meta property=\"og:image\" content=\"https:\/\/www.ckiopodkowa.pl\/wp-content\/uploads\/2022\/04\/Anna-Kostrzewska-scaled.jpg\" \/>\n\t<meta property=\"og:image:width\" content=\"1316\" \/>\n\t<meta property=\"og:image:height\" content=\"2560\" \/>\n<meta name=\"twitter:card\" content=\"summary_large_image\" \/>\n<meta name=\"twitter:label1\" content=\"Napisane przez\">\n\t<meta name=\"twitter:data1\" content=\"Micha\u0142 Burszta\">\n\t<meta name=\"twitter:label2\" content=\"Szacowany czas czytania\">\n\t<meta name=\"twitter:data2\" content=\"1 minuta\">\n<script type=\"application\/ld+json\" class=\"yoast-schema-graph\">{\"@context\":\"https:\/\/schema.org\",\"@graph\":[{\"@type\":\"WebSite\",\"@id\":\"https:\/\/www.ckiopodkowa.pl\/#website\",\"url\":\"https:\/\/www.ckiopodkowa.pl\/\",\"name\":\"CKiO Podkowa Le\\u015bna\",\"description\":\"\",\"potentialAction\":[{\"@type\":\"SearchAction\",\"target\":\"https:\/\/www.ckiopodkowa.pl\/?s={search_term_string}\",\"query-input\":\"required name=search_term_string\"}],\"inLanguage\":\"pl-PL\"},{\"@type\":\"ImageObject\",\"@id\":\"https:\/\/www.ckiopodkowa.pl\/index.php\/2022\/04\/04\/koncert-anny-kostrzewskiej\/#primaryimage\",\"inLanguage\":\"pl-PL\",\"url\":\"https:\/\/www.ckiopodkowa.pl\/wp-content\/uploads\/2022\/04\/Anna-Kostrzewska-scaled.jpg\",\"width\":1316,\"height\":2560},{\"@type\":\"WebPage\",\"@id\":\"https:\/\/www.ckiopodkowa.pl\/index.php\/2022\/04\/04\/koncert-anny-kostrzewskiej\/#webpage\",\"url\":\"https:\/\/www.ckiopodkowa.pl\/index.php\/2022\/04\/04\/koncert-anny-kostrzewskiej\/\",\"name\":\"Koncert Anny Kostrzewskiej - CKiO Podkowa Le\\u015bna\",\"isPartOf\":{\"@id\":\"https:\/\/www.ckiopodkowa.pl\/#website\"},\"primaryImageOfPage\":{\"@id\":\"https:\/\/www.ckiopodkowa.pl\/index.php\/2022\/04\/04\/koncert-anny-kostrzewskiej\/#primaryimage\"},\"datePublished\":\"2022-04-04T16:33:34+00:00\",\"dateModified\":\"2022-04-04T16:33:48+00:00\",\"author\":{\"@id\":\"https:\/\/www.ckiopodkowa.pl\/#\/schema\/person\/c86f9e496f06965599cdf61c3f0d7353\"},\"breadcrumb\":{\"@id\":\"https:\/\/www.ckiopodkowa.pl\/index.php\/2022\/04\/04\/koncert-anny-kostrzewskiej\/#breadcrumb\"},\"inLanguage\":\"pl-PL\",\"potentialAction\":[{\"@type\":\"ReadAction\",\"target\":[\"https:\/\/www.ckiopodkowa.pl\/index.php\/2022\/04\/04\/koncert-anny-kostrzewskiej\/\"]}]},{\"@type\":\"BreadcrumbList\",\"@id\":\"https:\/\/www.ckiopodkowa.pl\/index.php\/2022\/04\/04\/koncert-anny-kostrzewskiej\/#breadcrumb\",\"itemListElement\":[{\"@type\":\"ListItem\",\"position\":1,\"item\":{\"@type\":\"WebPage\",\"@id\":\"https:\/\/www.ckiopodkowa.pl\/\",\"url\":\"https:\/\/www.ckiopodkowa.pl\/\",\"name\":\"Strona g\\u0142\\u00f3wna\"}},{\"@type\":\"ListItem\",\"position\":2,\"item\":{\"@type\":\"WebPage\",\"@id\":\"https:\/\/www.ckiopodkowa.pl\/index.php\/2022\/04\/04\/koncert-anny-kostrzewskiej\/\",\"url\":\"https:\/\/www.ckiopodkowa.pl\/index.php\/2022\/04\/04\/koncert-anny-kostrzewskiej\/\",\"name\":\"Koncert Anny Kostrzewskiej\"}}]},{\"@type\":\"Person\",\"@id\":\"https:\/\/www.ckiopodkowa.pl\/#\/schema\/person\/c86f9e496f06965599cdf61c3f0d7353\",\"name\":\"Micha\\u0142 Burszta\",\"image\":{\"@type\":\"ImageObject\",\"@id\":\"https:\/\/www.ckiopodkowa.pl\/#personlogo\",\"inLanguage\":\"pl-PL\",\"url\":\"https:\/\/secure.gravatar.com\/avatar\/f1f4d167c304c69158a01101acd802fb2136a0a7ace154aa5a365dff7ecbce61?s=96&d=mm&r=g\",\"caption\":\"Micha\\u0142 Burszta\"}}]}<\/script>\n<!-- \/ Yoast SEO Premium plugin. -->","_links":{"self":[{"href":"https:\/\/www.ckiopodkowa.pl\/index.php\/wp-json\/wp\/v2\/posts\/6574","targetHints":{"allow":["GET"]}}],"collection":[{"href":"https:\/\/www.ckiopodkowa.pl\/index.php\/wp-json\/wp\/v2\/posts"}],"about":[{"href":"https:\/\/www.ckiopodkowa.pl\/index.php\/wp-json\/wp\/v2\/types\/post"}],"author":[{"embeddable":true,"href":"https:\/\/www.ckiopodkowa.pl\/index.php\/wp-json\/wp\/v2\/users\/3"}],"replies":[{"embeddable":true,"href":"https:\/\/www.ckiopodkowa.pl\/index.php\/wp-json\/wp\/v2\/comments?post=6574"}],"version-history":[{"count":4,"href":"https:\/\/www.ckiopodkowa.pl\/index.php\/wp-json\/wp\/v2\/posts\/6574\/revisions"}],"predecessor-version":[{"id":6580,"href":"https:\/\/www.ckiopodkowa.pl\/index.php\/wp-json\/wp\/v2\/posts\/6574\/revisions\/6580"}],"wp:featuredmedia":[{"embeddable":true,"href":"https:\/\/www.ckiopodkowa.pl\/index.php\/wp-json\/wp\/v2\/media\/6575"}],"wp:attachment":[{"href":"https:\/\/www.ckiopodkowa.pl\/index.php\/wp-json\/wp\/v2\/media?parent=6574"}],"wp:term":[{"taxonomy":"category","embeddable":true,"href":"https:\/\/www.ckiopodkowa.pl\/index.php\/wp-json\/wp\/v2\/categories?post=6574"},{"taxonomy":"post_tag","embeddable":true,"href":"https:\/\/www.ckiopodkowa.pl\/index.php\/wp-json\/wp\/v2\/tags?post=6574"}],"curies":[{"name":"wp","href":"https:\/\/api.w.org\/{rel}","templated":true}]}}