{"id":6559,"date":"2022-04-01T15:18:34","date_gmt":"2022-04-01T13:18:34","guid":{"rendered":"https:\/\/www.ckiopodkowa.pl\/?p=6559"},"modified":"2022-04-11T16:32:29","modified_gmt":"2022-04-11T14:32:29","slug":"promocja-ksiazki-henryk-walicki-twardy-i-spotkanie-z-barbara-walicka","status":"publish","type":"post","link":"https:\/\/www.ckiopodkowa.pl\/index.php\/2022\/04\/01\/promocja-ksiazki-henryk-walicki-twardy-i-spotkanie-z-barbara-walicka\/","title":{"rendered":"Promocja ksi\u0105\u017cki &#8222;Henryk Walicki Twardy&#8221; i spotkanie z Barbar\u0105 Walick\u0105"},"content":{"rendered":"\t\t<div data-elementor-type=\"wp-post\" data-elementor-id=\"6559\" class=\"elementor elementor-6559\" data-elementor-post-type=\"post\">\n\t\t\t\t\t\t<section class=\"elementor-section elementor-top-section elementor-element elementor-element-4ec0c1a7 elementor-section-boxed elementor-section-height-default elementor-section-height-default\" data-id=\"4ec0c1a7\" data-element_type=\"section\">\n\t\t\t\t\t\t<div class=\"elementor-container elementor-column-gap-default\">\n\t\t\t\t\t<div class=\"elementor-column elementor-col-100 elementor-top-column elementor-element elementor-element-50400e9d\" data-id=\"50400e9d\" data-element_type=\"column\">\n\t\t\t<div class=\"elementor-widget-wrap elementor-element-populated\">\n\t\t\t\t\t\t<div class=\"elementor-element elementor-element-432e1994 elementor-widget elementor-widget-text-editor\" data-id=\"432e1994\" data-element_type=\"widget\" data-widget_type=\"text-editor.default\">\n\t\t\t\t<div class=\"elementor-widget-container\">\n\t\t\t\t\t\t\t\t\t\n<h2 class=\"wp-block-heading\" id=\"h-9-kwietnia-w-ramach-obchod-w-dnia-miasta-ogrodu-podkowa-le-na-o-godz-12-30-zapraszamy-do-pa-acyku-kasyno-na-spotkanie-z-barbar-walick-poetk-prozaiczk-t-umaczk-autork-ksi-ki-pt-henryk-walicki-twardy-dow-dca-kompanii-ak-brzezinki-spotkanie-poprzedzi-o-godz-11-00-uroczyste-ods-oni-cie-przez-w-adze-samorz-dowe-podkowy-i-dzieci-kpt-henryka-walickiego-barbar-i-macieja-walickich-pami-tkowej-tablicy-po-wi-conej-bohaterskiemu-dow-dcy-kompanii-brzezinki-na-murze-domu-z-ota-podkowa-przy-ul-jaworowej-13-wst-p-wolny\">9 kwietnia, w ramach obchod\u00f3w Dnia Miasta Ogrodu Podkowa Le\u015bna, o godz. 12.30 zapraszamy do Pa\u0142acyku Kasyno na spotkanie z Barbar\u0105 Walick\u0105, poetk\u0105, prozaiczk\u0105, t\u0142umaczk\u0105, autork\u0105 ksi\u0105\u017cki pt. <em>Henryk Walicki &#8222;Twardy&#8221; dow\u00f3dca kompanii AK &#8222;Brzezinki<\/em>&#8222;. Spotkanie poprzedzi o godz. 11.00 uroczyste ods\u0142oni\u0119cie przez w\u0142adze samorz\u0105dowe Podkowy i dzieci Kpt. Henryka Walickiego &#8211; Barbar\u0119 i Macieja Walickich &#8211; pami\u0105tkowej tablicy po\u015bwi\u0119conej bohaterskiemu dow\u00f3dcy Kompanii &#8222;Brzezinki&#8221; na murze domu &#8222;Z\u0142ota Podkowa&#8221; przy ul. Jaworowej 13. Wst\u0119p wolny.<\/h2>\n\n\n\n<p>W domu tym przed wojn\u0105 mieszka\u0142a rodzina Walickich, tam te\u017c Henryk Walicki by\u0142 aresztowany i torturowany przez gestapo. <\/p>\n\n\n\n<p>Po spotkaniu b\u0119dzie mo\u017cna naby\u0107 egzemplarze ksi\u0105\u017cki, kt\u00f3rej wydawc\u0105 jest Oficyna Wydawnicza &#8222;Rewasz&#8221; Jan Swianiewicz.<\/p>\n\t\t\t\t\t\t\t\t<\/div>\n\t\t\t\t<\/div>\n\t\t\t\t\t<\/div>\n\t\t<\/div>\n\t\t\t\t\t<\/div>\n\t\t<\/section>\n\t\t\t\t<section class=\"elementor-section elementor-top-section elementor-element elementor-element-81ad0a0 elementor-section-boxed elementor-section-height-default elementor-section-height-default\" data-id=\"81ad0a0\" data-element_type=\"section\">\n\t\t\t\t\t\t<div class=\"elementor-container elementor-column-gap-default\">\n\t\t\t\t\t<div class=\"elementor-column elementor-col-100 elementor-top-column elementor-element elementor-element-3026087\" data-id=\"3026087\" data-element_type=\"column\">\n\t\t\t<div class=\"elementor-widget-wrap elementor-element-populated\">\n\t\t\t\t\t\t<div class=\"elementor-element elementor-element-ce171ef elementor-widget elementor-widget-video\" data-id=\"ce171ef\" data-element_type=\"widget\" data-settings=\"{&quot;youtube_url&quot;:&quot;https:\\\/\\\/www.youtube.com\\\/watch?v=Pd_QdE6KOss&amp;ab_channel=Blogpressportal&quot;,&quot;video_type&quot;:&quot;youtube&quot;,&quot;controls&quot;:&quot;yes&quot;}\" data-widget_type=\"video.default\">\n\t\t\t\t<div class=\"elementor-widget-container\">\n\t\t\t\t\t\t\t<div class=\"elementor-wrapper elementor-open-inline\">\n\t\t\t<div class=\"elementor-video\"><\/div>\t\t<\/div>\n\t\t\t\t\t\t<\/div>\n\t\t\t\t<\/div>\n\t\t\t\t\t<\/div>\n\t\t<\/div>\n\t\t\t\t\t<\/div>\n\t\t<\/section>\n\t\t\t\t<\/div>\n\t\t","protected":false},"excerpt":{"rendered":"<p>9 kwietnia, w ramach obchod\u00f3w Dnia Miasta Ogrodu Podkowa Le\u015bna, o godz. 12.30 zapraszamy do Pa\u0142acyku Kasyno na spotkanie z Barbar\u0105 Walick\u0105, poetk\u0105, prozaiczk\u0105, t\u0142umaczk\u0105, autork\u0105 ksi\u0105\u017cki pt. Henryk Walicki &#8222;Twardy&#8221; dow\u00f3dca kompanii AK &#8222;Brzezinki&#8222;. Spotkanie poprzedzi o godz. 11.00 uroczyste ods\u0142oni\u0119cie przez w\u0142adze samorz\u0105dowe Podkowy i dzieci Kpt. Henryka Walickiego &#8211; Barbar\u0119 i Macieja [&hellip;]<\/p>\n","protected":false},"author":3,"featured_media":6560,"comment_status":"closed","ping_status":"closed","sticky":false,"template":"","format":"standard","meta":{"ocean_post_layout":"","ocean_both_sidebars_style":"","ocean_both_sidebars_content_width":0,"ocean_both_sidebars_sidebars_width":0,"ocean_sidebar":"0","ocean_second_sidebar":"0","ocean_disable_margins":"enable","ocean_add_body_class":"","ocean_shortcode_before_top_bar":"","ocean_shortcode_after_top_bar":"","ocean_shortcode_before_header":"","ocean_shortcode_after_header":"","ocean_has_shortcode":"","ocean_shortcode_after_title":"","ocean_shortcode_before_footer_widgets":"","ocean_shortcode_after_footer_widgets":"","ocean_shortcode_before_footer_bottom":"","ocean_shortcode_after_footer_bottom":"","ocean_display_top_bar":"default","ocean_display_header":"default","ocean_header_style":"","ocean_center_header_left_menu":"0","ocean_custom_header_template":"0","ocean_custom_logo":0,"ocean_custom_retina_logo":0,"ocean_custom_logo_max_width":0,"ocean_custom_logo_tablet_max_width":0,"ocean_custom_logo_mobile_max_width":0,"ocean_custom_logo_max_height":0,"ocean_custom_logo_tablet_max_height":0,"ocean_custom_logo_mobile_max_height":0,"ocean_header_custom_menu":"0","ocean_menu_typo_font_family":"0","ocean_menu_typo_font_subset":"","ocean_menu_typo_font_size":0,"ocean_menu_typo_font_size_tablet":0,"ocean_menu_typo_font_size_mobile":0,"ocean_menu_typo_font_size_unit":"px","ocean_menu_typo_font_weight":"","ocean_menu_typo_font_weight_tablet":"","ocean_menu_typo_font_weight_mobile":"","ocean_menu_typo_transform":"","ocean_menu_typo_transform_tablet":"","ocean_menu_typo_transform_mobile":"","ocean_menu_typo_line_height":0,"ocean_menu_typo_line_height_tablet":0,"ocean_menu_typo_line_height_mobile":0,"ocean_menu_typo_line_height_unit":"","ocean_menu_typo_spacing":0,"ocean_menu_typo_spacing_tablet":0,"ocean_menu_typo_spacing_mobile":0,"ocean_menu_typo_spacing_unit":"","ocean_menu_link_color":"","ocean_menu_link_color_hover":"","ocean_menu_link_color_active":"","ocean_menu_link_background":"","ocean_menu_link_hover_background":"","ocean_menu_link_active_background":"","ocean_menu_social_links_bg":"","ocean_menu_social_hover_links_bg":"","ocean_menu_social_links_color":"","ocean_menu_social_hover_links_color":"","ocean_disable_title":"default","ocean_disable_heading":"default","ocean_post_title":"","ocean_post_subheading":"","ocean_post_title_style":"","ocean_post_title_background_color":"","ocean_post_title_background":0,"ocean_post_title_bg_image_position":"","ocean_post_title_bg_image_attachment":"","ocean_post_title_bg_image_repeat":"","ocean_post_title_bg_image_size":"","ocean_post_title_height":0,"ocean_post_title_bg_overlay":0.5,"ocean_post_title_bg_overlay_color":"","ocean_disable_breadcrumbs":"default","ocean_breadcrumbs_color":"","ocean_breadcrumbs_separator_color":"","ocean_breadcrumbs_links_color":"","ocean_breadcrumbs_links_hover_color":"","ocean_display_footer_widgets":"default","ocean_display_footer_bottom":"default","ocean_custom_footer_template":"0","ocean_post_oembed":"","ocean_post_self_hosted_media":"","ocean_post_video_embed":"","ocean_link_format":"","ocean_link_format_target":"self","ocean_quote_format":"","ocean_quote_format_link":"post","ocean_gallery_link_images":"off","ocean_gallery_id":[],"footnotes":""},"categories":[26,23,32],"tags":[],"class_list":["post-6559","post","type-post","status-publish","format-standard","has-post-thumbnail","hentry","category-aktualnosci","category-filmy","category-spotkania","entry","has-media"],"yoast_head":"<!-- This site is optimized with the Yoast SEO Premium plugin v15.2.1 - https:\/\/yoast.com\/wordpress\/plugins\/seo\/ -->\n<title>Promocja ksi\u0105\u017cki &quot;Henryk Walicki Twardy&quot; i spotkanie z Barbar\u0105 Walick\u0105 - CKiO Podkowa Le\u015bna<\/title>\n<meta name=\"robots\" content=\"index, follow, max-snippet:-1, max-image-preview:large, max-video-preview:-1\" \/>\n<link rel=\"canonical\" href=\"https:\/\/www.ckiopodkowa.pl\/index.php\/2022\/04\/01\/promocja-ksiazki-henryk-walicki-twardy-i-spotkanie-z-barbara-walicka\/\" \/>\n<meta property=\"og:locale\" content=\"pl_PL\" \/>\n<meta property=\"og:type\" content=\"article\" \/>\n<meta property=\"og:title\" content=\"Promocja ksi\u0105\u017cki &quot;Henryk Walicki Twardy&quot; i spotkanie z Barbar\u0105 Walick\u0105 - CKiO Podkowa Le\u015bna\" \/>\n<meta property=\"og:description\" content=\"9 kwietnia, w ramach obchod\u00f3w Dnia Miasta Ogrodu Podkowa Le\u015bna, o godz. 12.30 zapraszamy do Pa\u0142acyku Kasyno na spotkanie z Barbar\u0105 Walick\u0105, poetk\u0105, prozaiczk\u0105, t\u0142umaczk\u0105, autork\u0105 ksi\u0105\u017cki pt. Henryk Walicki &#8222;Twardy&#8221; dow\u00f3dca kompanii AK &#8222;Brzezinki&#8222;. Spotkanie poprzedzi o godz. 11.00 uroczyste ods\u0142oni\u0119cie przez w\u0142adze samorz\u0105dowe Podkowy i dzieci Kpt. Henryka Walickiego &#8211; Barbar\u0119 i Macieja [&hellip;]\" \/>\n<meta property=\"og:url\" content=\"https:\/\/www.ckiopodkowa.pl\/index.php\/2022\/04\/01\/promocja-ksiazki-henryk-walicki-twardy-i-spotkanie-z-barbara-walicka\/\" \/>\n<meta property=\"og:site_name\" content=\"CKiO Podkowa Le\u015bna\" \/>\n<meta property=\"article:published_time\" content=\"2022-04-01T13:18:34+00:00\" \/>\n<meta property=\"article:modified_time\" content=\"2022-04-11T14:32:29+00:00\" \/>\n<meta property=\"og:image\" content=\"https:\/\/www.ckiopodkowa.pl\/wp-content\/uploads\/2022\/04\/Walicki-scaled.jpg\" \/>\n\t<meta property=\"og:image:width\" content=\"1727\" \/>\n\t<meta property=\"og:image:height\" content=\"2560\" \/>\n<meta name=\"twitter:card\" content=\"summary_large_image\" \/>\n<meta name=\"twitter:label1\" content=\"Napisane przez\">\n\t<meta name=\"twitter:data1\" content=\"Micha\u0142 Burszta\">\n\t<meta name=\"twitter:label2\" content=\"Szacowany czas czytania\">\n\t<meta name=\"twitter:data2\" content=\"1 minuta\">\n<script type=\"application\/ld+json\" class=\"yoast-schema-graph\">{\"@context\":\"https:\/\/schema.org\",\"@graph\":[{\"@type\":\"WebSite\",\"@id\":\"https:\/\/www.ckiopodkowa.pl\/#website\",\"url\":\"https:\/\/www.ckiopodkowa.pl\/\",\"name\":\"CKiO Podkowa Le\\u015bna\",\"description\":\"\",\"potentialAction\":[{\"@type\":\"SearchAction\",\"target\":\"https:\/\/www.ckiopodkowa.pl\/?s={search_term_string}\",\"query-input\":\"required name=search_term_string\"}],\"inLanguage\":\"pl-PL\"},{\"@type\":\"ImageObject\",\"@id\":\"https:\/\/www.ckiopodkowa.pl\/index.php\/2022\/04\/01\/promocja-ksiazki-henryk-walicki-twardy-i-spotkanie-z-barbara-walicka\/#primaryimage\",\"inLanguage\":\"pl-PL\",\"url\":\"https:\/\/www.ckiopodkowa.pl\/wp-content\/uploads\/2022\/04\/Walicki-scaled.jpg\",\"width\":1727,\"height\":2560},{\"@type\":\"WebPage\",\"@id\":\"https:\/\/www.ckiopodkowa.pl\/index.php\/2022\/04\/01\/promocja-ksiazki-henryk-walicki-twardy-i-spotkanie-z-barbara-walicka\/#webpage\",\"url\":\"https:\/\/www.ckiopodkowa.pl\/index.php\/2022\/04\/01\/promocja-ksiazki-henryk-walicki-twardy-i-spotkanie-z-barbara-walicka\/\",\"name\":\"Promocja ksi\\u0105\\u017cki \\\"Henryk Walicki Twardy\\\" i spotkanie z Barbar\\u0105 Walick\\u0105 - CKiO Podkowa Le\\u015bna\",\"isPartOf\":{\"@id\":\"https:\/\/www.ckiopodkowa.pl\/#website\"},\"primaryImageOfPage\":{\"@id\":\"https:\/\/www.ckiopodkowa.pl\/index.php\/2022\/04\/01\/promocja-ksiazki-henryk-walicki-twardy-i-spotkanie-z-barbara-walicka\/#primaryimage\"},\"datePublished\":\"2022-04-01T13:18:34+00:00\",\"dateModified\":\"2022-04-11T14:32:29+00:00\",\"author\":{\"@id\":\"https:\/\/www.ckiopodkowa.pl\/#\/schema\/person\/c86f9e496f06965599cdf61c3f0d7353\"},\"breadcrumb\":{\"@id\":\"https:\/\/www.ckiopodkowa.pl\/index.php\/2022\/04\/01\/promocja-ksiazki-henryk-walicki-twardy-i-spotkanie-z-barbara-walicka\/#breadcrumb\"},\"inLanguage\":\"pl-PL\",\"potentialAction\":[{\"@type\":\"ReadAction\",\"target\":[\"https:\/\/www.ckiopodkowa.pl\/index.php\/2022\/04\/01\/promocja-ksiazki-henryk-walicki-twardy-i-spotkanie-z-barbara-walicka\/\"]}]},{\"@type\":\"BreadcrumbList\",\"@id\":\"https:\/\/www.ckiopodkowa.pl\/index.php\/2022\/04\/01\/promocja-ksiazki-henryk-walicki-twardy-i-spotkanie-z-barbara-walicka\/#breadcrumb\",\"itemListElement\":[{\"@type\":\"ListItem\",\"position\":1,\"item\":{\"@type\":\"WebPage\",\"@id\":\"https:\/\/www.ckiopodkowa.pl\/\",\"url\":\"https:\/\/www.ckiopodkowa.pl\/\",\"name\":\"Strona g\\u0142\\u00f3wna\"}},{\"@type\":\"ListItem\",\"position\":2,\"item\":{\"@type\":\"WebPage\",\"@id\":\"https:\/\/www.ckiopodkowa.pl\/index.php\/2022\/04\/01\/promocja-ksiazki-henryk-walicki-twardy-i-spotkanie-z-barbara-walicka\/\",\"url\":\"https:\/\/www.ckiopodkowa.pl\/index.php\/2022\/04\/01\/promocja-ksiazki-henryk-walicki-twardy-i-spotkanie-z-barbara-walicka\/\",\"name\":\"Promocja ksi\\u0105\\u017cki &#8220;Henryk Walicki Twardy&#8221; i spotkanie z Barbar\\u0105 Walick\\u0105\"}}]},{\"@type\":\"Person\",\"@id\":\"https:\/\/www.ckiopodkowa.pl\/#\/schema\/person\/c86f9e496f06965599cdf61c3f0d7353\",\"name\":\"Micha\\u0142 Burszta\",\"image\":{\"@type\":\"ImageObject\",\"@id\":\"https:\/\/www.ckiopodkowa.pl\/#personlogo\",\"inLanguage\":\"pl-PL\",\"url\":\"https:\/\/secure.gravatar.com\/avatar\/f1f4d167c304c69158a01101acd802fb2136a0a7ace154aa5a365dff7ecbce61?s=96&d=mm&r=g\",\"caption\":\"Micha\\u0142 Burszta\"}}]}<\/script>\n<!-- \/ Yoast SEO Premium plugin. -->","_links":{"self":[{"href":"https:\/\/www.ckiopodkowa.pl\/index.php\/wp-json\/wp\/v2\/posts\/6559","targetHints":{"allow":["GET"]}}],"collection":[{"href":"https:\/\/www.ckiopodkowa.pl\/index.php\/wp-json\/wp\/v2\/posts"}],"about":[{"href":"https:\/\/www.ckiopodkowa.pl\/index.php\/wp-json\/wp\/v2\/types\/post"}],"author":[{"embeddable":true,"href":"https:\/\/www.ckiopodkowa.pl\/index.php\/wp-json\/wp\/v2\/users\/3"}],"replies":[{"embeddable":true,"href":"https:\/\/www.ckiopodkowa.pl\/index.php\/wp-json\/wp\/v2\/comments?post=6559"}],"version-history":[{"count":7,"href":"https:\/\/www.ckiopodkowa.pl\/index.php\/wp-json\/wp\/v2\/posts\/6559\/revisions"}],"predecessor-version":[{"id":6664,"href":"https:\/\/www.ckiopodkowa.pl\/index.php\/wp-json\/wp\/v2\/posts\/6559\/revisions\/6664"}],"wp:featuredmedia":[{"embeddable":true,"href":"https:\/\/www.ckiopodkowa.pl\/index.php\/wp-json\/wp\/v2\/media\/6560"}],"wp:attachment":[{"href":"https:\/\/www.ckiopodkowa.pl\/index.php\/wp-json\/wp\/v2\/media?parent=6559"}],"wp:term":[{"taxonomy":"category","embeddable":true,"href":"https:\/\/www.ckiopodkowa.pl\/index.php\/wp-json\/wp\/v2\/categories?post=6559"},{"taxonomy":"post_tag","embeddable":true,"href":"https:\/\/www.ckiopodkowa.pl\/index.php\/wp-json\/wp\/v2\/tags?post=6559"}],"curies":[{"name":"wp","href":"https:\/\/api.w.org\/{rel}","templated":true}]}}