{"id":6425,"date":"2022-03-10T15:02:33","date_gmt":"2022-03-10T14:02:33","guid":{"rendered":"https:\/\/www.ckiopodkowa.pl\/?p=6425"},"modified":"2022-03-29T12:36:55","modified_gmt":"2022-03-29T10:36:55","slug":"kolonia-artystyczna-spacer-sladami-artystow","status":"publish","type":"post","link":"https:\/\/www.ckiopodkowa.pl\/index.php\/2022\/03\/10\/kolonia-artystyczna-spacer-sladami-artystow\/","title":{"rendered":"Kolonia artystyczna &#8211; spacer \u015bladami artyst\u00f3w"},"content":{"rendered":"\n<h2 class=\"wp-block-heading\" id=\"h-kolejny-spacer-tym-razem-ladami-podkowia-skich-kolonii-artystycznych-odb-dzie-si-w-niedziel-27-marca-oprowadza-agnieszka-wojcierowska-start-wkd-podkowa-le-na-g-wna-godz-11-00\">Kolejny spacer, tym razem \u015bladami podkowia\u0144skich kolonii artystycznych, odb\u0119dzie si\u0119 w niedziel\u0119 27 marca. Oprowadza Agnieszka Wojcierowska. Start: WKD Podkowa Le\u015bna G\u0142\u00f3wna godz. 11.00. <\/h2>\n\n\n\n<p>Kolonia artystyczna Podkowa Le\u015bna. Spacer \u015bladami artyst\u00f3w i wizyta w galeriach sztuki<\/p>\n\n\n\n<p>Miasto ogr\u00f3d Podkowa Le\u015bna od samego powstania w 1925 r. przyci\u0105ga\u0142o artyst\u00f3w, pisarzy, poet\u00f3w, malarzy. Wielu artyst\u00f3w mia\u0142o tu swoje domy, pracownie, albo pozostawi\u0142o \u015blad w postaci swoich prac. Zapraszamy na spacer \u015bladami niekt\u00f3rych z nich, m.in. ma\u0142\u017ce\u0144stwa wybitnych ceramik\u00f3w Hanny i Leszka Nowosielskich. Odwiedzimy tak\u017ce 4 podkowia\u0144skie galerie sztuki, Impuls, Bluszcz, Artefakt, Ikikata, kt\u00f3re przyci\u0105gaj\u0105 artyst\u00f3w i mi\u0142o\u015bnik\u00f3w sztuki, a niekt\u00f3re z nich zwi\u0105zane s\u0105 lub by\u0142y z tworz\u0105cymi w Podkowie tw\u00f3rcami. <\/p>\n\n\n\n<p><strong>Prowadzenie: Agnieszka Wojcierowska, wst\u0119p wolny, czas trwania spaceru: ok. 2 godziny. Start: WKD Podkowa Le\u015bna G\u0142\u00f3wna, zako\u0144czenie spaceru: Podkowa Le\u015bna Wschodnia.<\/strong><\/p>\n","protected":false},"excerpt":{"rendered":"<p>Kolejny spacer, tym razem \u015bladami podkowia\u0144skich kolonii artystycznych, odb\u0119dzie si\u0119 w niedziel\u0119 27 marca. Oprowadza Agnieszka Wojcierowska. Start: WKD Podkowa Le\u015bna G\u0142\u00f3wna godz. 11.00. Kolonia artystyczna Podkowa Le\u015bna. Spacer \u015bladami artyst\u00f3w i wizyta w galeriach sztuki Miasto ogr\u00f3d Podkowa Le\u015bna od samego powstania w 1925 r. przyci\u0105ga\u0142o artyst\u00f3w, pisarzy, poet\u00f3w, malarzy. Wielu artyst\u00f3w mia\u0142o tu [&hellip;]<\/p>\n","protected":false},"author":3,"featured_media":6446,"comment_status":"closed","ping_status":"closed","sticky":false,"template":"","format":"standard","meta":{"ocean_post_layout":"","ocean_both_sidebars_style":"","ocean_both_sidebars_content_width":0,"ocean_both_sidebars_sidebars_width":0,"ocean_sidebar":"0","ocean_second_sidebar":"0","ocean_disable_margins":"enable","ocean_add_body_class":"","ocean_shortcode_before_top_bar":"","ocean_shortcode_after_top_bar":"","ocean_shortcode_before_header":"","ocean_shortcode_after_header":"","ocean_has_shortcode":"","ocean_shortcode_after_title":"","ocean_shortcode_before_footer_widgets":"","ocean_shortcode_after_footer_widgets":"","ocean_shortcode_before_footer_bottom":"","ocean_shortcode_after_footer_bottom":"","ocean_display_top_bar":"default","ocean_display_header":"default","ocean_header_style":"","ocean_center_header_left_menu":"0","ocean_custom_header_template":"0","ocean_custom_logo":0,"ocean_custom_retina_logo":0,"ocean_custom_logo_max_width":0,"ocean_custom_logo_tablet_max_width":0,"ocean_custom_logo_mobile_max_width":0,"ocean_custom_logo_max_height":0,"ocean_custom_logo_tablet_max_height":0,"ocean_custom_logo_mobile_max_height":0,"ocean_header_custom_menu":"0","ocean_menu_typo_font_family":"0","ocean_menu_typo_font_subset":"","ocean_menu_typo_font_size":0,"ocean_menu_typo_font_size_tablet":0,"ocean_menu_typo_font_size_mobile":0,"ocean_menu_typo_font_size_unit":"px","ocean_menu_typo_font_weight":"","ocean_menu_typo_font_weight_tablet":"","ocean_menu_typo_font_weight_mobile":"","ocean_menu_typo_transform":"","ocean_menu_typo_transform_tablet":"","ocean_menu_typo_transform_mobile":"","ocean_menu_typo_line_height":0,"ocean_menu_typo_line_height_tablet":0,"ocean_menu_typo_line_height_mobile":0,"ocean_menu_typo_line_height_unit":"","ocean_menu_typo_spacing":0,"ocean_menu_typo_spacing_tablet":0,"ocean_menu_typo_spacing_mobile":0,"ocean_menu_typo_spacing_unit":"","ocean_menu_link_color":"","ocean_menu_link_color_hover":"","ocean_menu_link_color_active":"","ocean_menu_link_background":"","ocean_menu_link_hover_background":"","ocean_menu_link_active_background":"","ocean_menu_social_links_bg":"","ocean_menu_social_hover_links_bg":"","ocean_menu_social_links_color":"","ocean_menu_social_hover_links_color":"","ocean_disable_title":"default","ocean_disable_heading":"default","ocean_post_title":"","ocean_post_subheading":"","ocean_post_title_style":"","ocean_post_title_background_color":"","ocean_post_title_background":0,"ocean_post_title_bg_image_position":"","ocean_post_title_bg_image_attachment":"","ocean_post_title_bg_image_repeat":"","ocean_post_title_bg_image_size":"","ocean_post_title_height":0,"ocean_post_title_bg_overlay":0.5,"ocean_post_title_bg_overlay_color":"","ocean_disable_breadcrumbs":"default","ocean_breadcrumbs_color":"","ocean_breadcrumbs_separator_color":"","ocean_breadcrumbs_links_color":"","ocean_breadcrumbs_links_hover_color":"","ocean_display_footer_widgets":"default","ocean_display_footer_bottom":"default","ocean_custom_footer_template":"0","ocean_post_oembed":"","ocean_post_self_hosted_media":"","ocean_post_video_embed":"","ocean_link_format":"","ocean_link_format_target":"self","ocean_quote_format":"","ocean_quote_format_link":"post","ocean_gallery_link_images":"off","ocean_gallery_id":[],"footnotes":""},"categories":[26],"tags":[141,142,38,54,140,144,143,139,37,138],"class_list":["post-6425","post","type-post","status-publish","format-standard","has-post-thumbnail","hentry","category-aktualnosci","tag-artefakt","tag-bluszcz","tag-centrum-kultury-i-inicjatyw-obywatelskich-w-podkowie-lesnej","tag-ckiio","tag-galerie","tag-ikikata","tag-impuls","tag-nowosielscy","tag-podkowa-lesna","tag-spacer","entry","has-media"],"yoast_head":"<!-- This site is optimized with the Yoast SEO Premium plugin v15.2.1 - https:\/\/yoast.com\/wordpress\/plugins\/seo\/ -->\n<title>Kolonia artystyczna - spacer \u015bladami artyst\u00f3w - CKiO Podkowa Le\u015bna<\/title>\n<meta name=\"robots\" content=\"index, follow, max-snippet:-1, max-image-preview:large, max-video-preview:-1\" \/>\n<link rel=\"canonical\" href=\"https:\/\/www.ckiopodkowa.pl\/index.php\/2022\/03\/10\/kolonia-artystyczna-spacer-sladami-artystow\/\" \/>\n<meta property=\"og:locale\" content=\"pl_PL\" \/>\n<meta property=\"og:type\" content=\"article\" \/>\n<meta property=\"og:title\" content=\"Kolonia artystyczna - spacer \u015bladami artyst\u00f3w - CKiO Podkowa Le\u015bna\" \/>\n<meta property=\"og:description\" content=\"Kolejny spacer, tym razem \u015bladami podkowia\u0144skich kolonii artystycznych, odb\u0119dzie si\u0119 w niedziel\u0119 27 marca. Oprowadza Agnieszka Wojcierowska. Start: WKD Podkowa Le\u015bna G\u0142\u00f3wna godz. 11.00. Kolonia artystyczna Podkowa Le\u015bna. Spacer \u015bladami artyst\u00f3w i wizyta w galeriach sztuki Miasto ogr\u00f3d Podkowa Le\u015bna od samego powstania w 1925 r. przyci\u0105ga\u0142o artyst\u00f3w, pisarzy, poet\u00f3w, malarzy. Wielu artyst\u00f3w mia\u0142o tu [&hellip;]\" \/>\n<meta property=\"og:url\" content=\"https:\/\/www.ckiopodkowa.pl\/index.php\/2022\/03\/10\/kolonia-artystyczna-spacer-sladami-artystow\/\" \/>\n<meta property=\"og:site_name\" content=\"CKiO Podkowa Le\u015bna\" \/>\n<meta property=\"article:published_time\" content=\"2022-03-10T14:02:33+00:00\" \/>\n<meta property=\"article:modified_time\" content=\"2022-03-29T10:36:55+00:00\" \/>\n<meta property=\"og:image\" content=\"https:\/\/www.ckiopodkowa.pl\/wp-content\/uploads\/2022\/03\/spacer-kolonie-artyst-1-scaled.jpg\" \/>\n\t<meta property=\"og:image:width\" content=\"1812\" \/>\n\t<meta property=\"og:image:height\" content=\"2560\" \/>\n<meta name=\"twitter:card\" content=\"summary_large_image\" \/>\n<meta name=\"twitter:label1\" content=\"Napisane przez\">\n\t<meta name=\"twitter:data1\" content=\"Micha\u0142 Burszta\">\n\t<meta name=\"twitter:label2\" content=\"Szacowany czas czytania\">\n\t<meta name=\"twitter:data2\" content=\"1 minuta\">\n<script type=\"application\/ld+json\" class=\"yoast-schema-graph\">{\"@context\":\"https:\/\/schema.org\",\"@graph\":[{\"@type\":\"WebSite\",\"@id\":\"https:\/\/www.ckiopodkowa.pl\/#website\",\"url\":\"https:\/\/www.ckiopodkowa.pl\/\",\"name\":\"CKiO Podkowa Le\\u015bna\",\"description\":\"\",\"potentialAction\":[{\"@type\":\"SearchAction\",\"target\":\"https:\/\/www.ckiopodkowa.pl\/?s={search_term_string}\",\"query-input\":\"required name=search_term_string\"}],\"inLanguage\":\"pl-PL\"},{\"@type\":\"ImageObject\",\"@id\":\"https:\/\/www.ckiopodkowa.pl\/index.php\/2022\/03\/10\/kolonia-artystyczna-spacer-sladami-artystow\/#primaryimage\",\"inLanguage\":\"pl-PL\",\"url\":\"https:\/\/www.ckiopodkowa.pl\/wp-content\/uploads\/2022\/03\/spacer-kolonie-artyst-1-scaled.jpg\",\"width\":1812,\"height\":2560},{\"@type\":\"WebPage\",\"@id\":\"https:\/\/www.ckiopodkowa.pl\/index.php\/2022\/03\/10\/kolonia-artystyczna-spacer-sladami-artystow\/#webpage\",\"url\":\"https:\/\/www.ckiopodkowa.pl\/index.php\/2022\/03\/10\/kolonia-artystyczna-spacer-sladami-artystow\/\",\"name\":\"Kolonia artystyczna - spacer \\u015bladami artyst\\u00f3w - CKiO Podkowa Le\\u015bna\",\"isPartOf\":{\"@id\":\"https:\/\/www.ckiopodkowa.pl\/#website\"},\"primaryImageOfPage\":{\"@id\":\"https:\/\/www.ckiopodkowa.pl\/index.php\/2022\/03\/10\/kolonia-artystyczna-spacer-sladami-artystow\/#primaryimage\"},\"datePublished\":\"2022-03-10T14:02:33+00:00\",\"dateModified\":\"2022-03-29T10:36:55+00:00\",\"author\":{\"@id\":\"https:\/\/www.ckiopodkowa.pl\/#\/schema\/person\/c86f9e496f06965599cdf61c3f0d7353\"},\"breadcrumb\":{\"@id\":\"https:\/\/www.ckiopodkowa.pl\/index.php\/2022\/03\/10\/kolonia-artystyczna-spacer-sladami-artystow\/#breadcrumb\"},\"inLanguage\":\"pl-PL\",\"potentialAction\":[{\"@type\":\"ReadAction\",\"target\":[\"https:\/\/www.ckiopodkowa.pl\/index.php\/2022\/03\/10\/kolonia-artystyczna-spacer-sladami-artystow\/\"]}]},{\"@type\":\"BreadcrumbList\",\"@id\":\"https:\/\/www.ckiopodkowa.pl\/index.php\/2022\/03\/10\/kolonia-artystyczna-spacer-sladami-artystow\/#breadcrumb\",\"itemListElement\":[{\"@type\":\"ListItem\",\"position\":1,\"item\":{\"@type\":\"WebPage\",\"@id\":\"https:\/\/www.ckiopodkowa.pl\/\",\"url\":\"https:\/\/www.ckiopodkowa.pl\/\",\"name\":\"Strona g\\u0142\\u00f3wna\"}},{\"@type\":\"ListItem\",\"position\":2,\"item\":{\"@type\":\"WebPage\",\"@id\":\"https:\/\/www.ckiopodkowa.pl\/index.php\/2022\/03\/10\/kolonia-artystyczna-spacer-sladami-artystow\/\",\"url\":\"https:\/\/www.ckiopodkowa.pl\/index.php\/2022\/03\/10\/kolonia-artystyczna-spacer-sladami-artystow\/\",\"name\":\"Kolonia artystyczna &#8211; spacer \\u015bladami artyst\\u00f3w\"}}]},{\"@type\":\"Person\",\"@id\":\"https:\/\/www.ckiopodkowa.pl\/#\/schema\/person\/c86f9e496f06965599cdf61c3f0d7353\",\"name\":\"Micha\\u0142 Burszta\",\"image\":{\"@type\":\"ImageObject\",\"@id\":\"https:\/\/www.ckiopodkowa.pl\/#personlogo\",\"inLanguage\":\"pl-PL\",\"url\":\"https:\/\/secure.gravatar.com\/avatar\/f1f4d167c304c69158a01101acd802fb2136a0a7ace154aa5a365dff7ecbce61?s=96&d=mm&r=g\",\"caption\":\"Micha\\u0142 Burszta\"}}]}<\/script>\n<!-- \/ Yoast SEO Premium plugin. -->","_links":{"self":[{"href":"https:\/\/www.ckiopodkowa.pl\/index.php\/wp-json\/wp\/v2\/posts\/6425","targetHints":{"allow":["GET"]}}],"collection":[{"href":"https:\/\/www.ckiopodkowa.pl\/index.php\/wp-json\/wp\/v2\/posts"}],"about":[{"href":"https:\/\/www.ckiopodkowa.pl\/index.php\/wp-json\/wp\/v2\/types\/post"}],"author":[{"embeddable":true,"href":"https:\/\/www.ckiopodkowa.pl\/index.php\/wp-json\/wp\/v2\/users\/3"}],"replies":[{"embeddable":true,"href":"https:\/\/www.ckiopodkowa.pl\/index.php\/wp-json\/wp\/v2\/comments?post=6425"}],"version-history":[{"count":1,"href":"https:\/\/www.ckiopodkowa.pl\/index.php\/wp-json\/wp\/v2\/posts\/6425\/revisions"}],"predecessor-version":[{"id":6427,"href":"https:\/\/www.ckiopodkowa.pl\/index.php\/wp-json\/wp\/v2\/posts\/6425\/revisions\/6427"}],"wp:featuredmedia":[{"embeddable":true,"href":"https:\/\/www.ckiopodkowa.pl\/index.php\/wp-json\/wp\/v2\/media\/6446"}],"wp:attachment":[{"href":"https:\/\/www.ckiopodkowa.pl\/index.php\/wp-json\/wp\/v2\/media?parent=6425"}],"wp:term":[{"taxonomy":"category","embeddable":true,"href":"https:\/\/www.ckiopodkowa.pl\/index.php\/wp-json\/wp\/v2\/categories?post=6425"},{"taxonomy":"post_tag","embeddable":true,"href":"https:\/\/www.ckiopodkowa.pl\/index.php\/wp-json\/wp\/v2\/tags?post=6425"}],"curies":[{"name":"wp","href":"https:\/\/api.w.org\/{rel}","templated":true}]}}