{"id":5474,"date":"2021-11-12T09:47:13","date_gmt":"2021-11-12T08:47:13","guid":{"rendered":"https:\/\/www.ckiopodkowa.pl\/?p=5474"},"modified":"2021-11-15T10:21:43","modified_gmt":"2021-11-15T09:21:43","slug":"niezapomniana-spektakl-nieformalnej-grupy-teatralnej-miedzy-slowami","status":"publish","type":"post","link":"https:\/\/www.ckiopodkowa.pl\/index.php\/2021\/11\/12\/niezapomniana-spektakl-nieformalnej-grupy-teatralnej-miedzy-slowami\/","title":{"rendered":"&#8222;Niezapomniana&#8221; &#8211; spektakl Nieformalnej Grupy Teatralnej Mi\u0119dzy S\u0142owami"},"content":{"rendered":"\n<h2 class=\"wp-block-heading\" id=\"h-w-sobot-20-listopada-na-scenie-przy-wierkowej-1-odb-dzie-si-premiera-nowej-sztuki-nieformalnej-grupy-teatralnej-mi-dzy-s-owami-niezapomniana-pocz-tek-o-godz-18-00-wst-p-wolny\">W sobot\u0119 20 listopada na scenie przy \u015awierkowej 1 odb\u0119dzie si\u0119 premiera nowej sztuki Nieformalnej Grupy Teatralnej Mi\u0119dzy S\u0142owami &#8211; &#8222;Niezapomniana&#8221;. Pocz\u0105tek o godz. 18.00. Wst\u0119p wolny. <\/h2>\n\n\n\n<p>Nowy spektakl s\u0142owno &#8211; muzyczny Grupy &#8222;Mi\u0119dzy S\u0142owami&#8221; zatytu\u0142owany NIEZAPOMNIANA &#8211; to wspominanie, po\u017cegnanie i zapominanie. A mo\u017ce jednak trwanie? W listopadowej aurze i nastroju w\u0142a\u015bciwym dla tego czasu ze sceny pop\u0142yn\u0105 s\u0142owa o najsilniejszej wi\u0119zi &#8211; tej pomi\u0119dzy matk\u0105 i c\u00f3rk\u0105.<br><br>Scenariusz przygotowany zosta\u0142 na motywach ksi\u0105\u017cki Miry Marcin\u00f3w &#8222;Bezmatek&#8221;<br><br>Wyst\u0105pi\u0105: Monika Kraszewska-D\u0119bska i Ma\u0142gorzata Marsza\u0142ek-Nieszyn. \u015apiewa\u0107 b\u0119dzie Anna Krysiak.<br>Scenariusz i inscenizacja: Beata T. Tar\u0142owska. Opieka artystyczna: Andrzej Precigs.<\/p>\n\n\n\n<p><em>\u2026\u201eBezmatek&#8221; to mocna opowie\u015b\u0107 o pragnieniu \u017cycia oraz historia wielkiej, szalonej i zach\u0142annej mi\u0142o\u015bci, jaka mo\u017ce wydarzy\u0107 si\u0119 tylko mi\u0119dzy matk\u0105 a c\u00f3rk\u0105. To lektura bogata w znaczenia, uboga w bana\u0142y. Uderza brakiem patosu, fa\u0142szu i autocenzury. Wali mi\u0119dzy oczy uniwersalno\u015bci\u0105 do\u015bwiadczenia\u2026<\/em><\/p>\n","protected":false},"excerpt":{"rendered":"<p>W sobot\u0119 20 listopada na scenie przy \u015awierkowej 1 odb\u0119dzie si\u0119 premiera nowej sztuki Nieformalnej Grupy Teatralnej Mi\u0119dzy S\u0142owami &#8211; &#8222;Niezapomniana&#8221;. Pocz\u0105tek o godz. 18.00. Wst\u0119p wolny. Nowy spektakl s\u0142owno &#8211; muzyczny Grupy &#8222;Mi\u0119dzy S\u0142owami&#8221; zatytu\u0142owany NIEZAPOMNIANA &#8211; to wspominanie, po\u017cegnanie i zapominanie. A mo\u017ce jednak trwanie? W listopadowej aurze i nastroju w\u0142a\u015bciwym dla tego [&hellip;]<\/p>\n","protected":false},"author":3,"featured_media":5475,"comment_status":"closed","ping_status":"closed","sticky":false,"template":"","format":"standard","meta":{"ocean_post_layout":"","ocean_both_sidebars_style":"","ocean_both_sidebars_content_width":0,"ocean_both_sidebars_sidebars_width":0,"ocean_sidebar":"0","ocean_second_sidebar":"0","ocean_disable_margins":"enable","ocean_add_body_class":"","ocean_shortcode_before_top_bar":"","ocean_shortcode_after_top_bar":"","ocean_shortcode_before_header":"","ocean_shortcode_after_header":"","ocean_has_shortcode":"","ocean_shortcode_after_title":"","ocean_shortcode_before_footer_widgets":"","ocean_shortcode_after_footer_widgets":"","ocean_shortcode_before_footer_bottom":"","ocean_shortcode_after_footer_bottom":"","ocean_display_top_bar":"default","ocean_display_header":"default","ocean_header_style":"","ocean_center_header_left_menu":"0","ocean_custom_header_template":"0","ocean_custom_logo":0,"ocean_custom_retina_logo":0,"ocean_custom_logo_max_width":0,"ocean_custom_logo_tablet_max_width":0,"ocean_custom_logo_mobile_max_width":0,"ocean_custom_logo_max_height":0,"ocean_custom_logo_tablet_max_height":0,"ocean_custom_logo_mobile_max_height":0,"ocean_header_custom_menu":"0","ocean_menu_typo_font_family":"0","ocean_menu_typo_font_subset":"","ocean_menu_typo_font_size":0,"ocean_menu_typo_font_size_tablet":0,"ocean_menu_typo_font_size_mobile":0,"ocean_menu_typo_font_size_unit":"px","ocean_menu_typo_font_weight":"","ocean_menu_typo_font_weight_tablet":"","ocean_menu_typo_font_weight_mobile":"","ocean_menu_typo_transform":"","ocean_menu_typo_transform_tablet":"","ocean_menu_typo_transform_mobile":"","ocean_menu_typo_line_height":0,"ocean_menu_typo_line_height_tablet":0,"ocean_menu_typo_line_height_mobile":0,"ocean_menu_typo_line_height_unit":"","ocean_menu_typo_spacing":0,"ocean_menu_typo_spacing_tablet":0,"ocean_menu_typo_spacing_mobile":0,"ocean_menu_typo_spacing_unit":"","ocean_menu_link_color":"","ocean_menu_link_color_hover":"","ocean_menu_link_color_active":"","ocean_menu_link_background":"","ocean_menu_link_hover_background":"","ocean_menu_link_active_background":"","ocean_menu_social_links_bg":"","ocean_menu_social_hover_links_bg":"","ocean_menu_social_links_color":"","ocean_menu_social_hover_links_color":"","ocean_disable_title":"default","ocean_disable_heading":"default","ocean_post_title":"","ocean_post_subheading":"","ocean_post_title_style":"","ocean_post_title_background_color":"","ocean_post_title_background":0,"ocean_post_title_bg_image_position":"","ocean_post_title_bg_image_attachment":"","ocean_post_title_bg_image_repeat":"","ocean_post_title_bg_image_size":"","ocean_post_title_height":0,"ocean_post_title_bg_overlay":0.5,"ocean_post_title_bg_overlay_color":"","ocean_disable_breadcrumbs":"default","ocean_breadcrumbs_color":"","ocean_breadcrumbs_separator_color":"","ocean_breadcrumbs_links_color":"","ocean_breadcrumbs_links_hover_color":"","ocean_display_footer_widgets":"default","ocean_display_footer_bottom":"default","ocean_custom_footer_template":"0","ocean_post_oembed":"","ocean_post_self_hosted_media":"","ocean_post_video_embed":"","ocean_link_format":"","ocean_link_format_target":"self","ocean_quote_format":"","ocean_quote_format_link":"post","ocean_gallery_link_images":"off","ocean_gallery_id":[],"footnotes":""},"categories":[26,18],"tags":[38,68,37,56],"class_list":["post-5474","post","type-post","status-publish","format-standard","has-post-thumbnail","hentry","category-aktualnosci","category-spektakle","tag-centrum-kultury-i-inicjatyw-obywatelskich-w-podkowie-lesnej","tag-nieformalna-grupa-teatralna-miedzy-slowami","tag-podkowa-lesna","tag-spektakl","entry","has-media"],"yoast_head":"<!-- This site is optimized with the Yoast SEO Premium plugin v15.2.1 - https:\/\/yoast.com\/wordpress\/plugins\/seo\/ -->\n<title>&quot;Niezapomniana&quot; - spektakl Nieformalnej Grupy Teatralnej Mi\u0119dzy S\u0142owami - CKiO Podkowa Le\u015bna<\/title>\n<meta name=\"robots\" content=\"index, follow, max-snippet:-1, max-image-preview:large, max-video-preview:-1\" \/>\n<link rel=\"canonical\" href=\"https:\/\/www.ckiopodkowa.pl\/index.php\/2021\/11\/12\/niezapomniana-spektakl-nieformalnej-grupy-teatralnej-miedzy-slowami\/\" \/>\n<meta property=\"og:locale\" content=\"pl_PL\" \/>\n<meta property=\"og:type\" content=\"article\" \/>\n<meta property=\"og:title\" content=\"&quot;Niezapomniana&quot; - spektakl Nieformalnej Grupy Teatralnej Mi\u0119dzy S\u0142owami - CKiO Podkowa Le\u015bna\" \/>\n<meta property=\"og:description\" content=\"W sobot\u0119 20 listopada na scenie przy \u015awierkowej 1 odb\u0119dzie si\u0119 premiera nowej sztuki Nieformalnej Grupy Teatralnej Mi\u0119dzy S\u0142owami &#8211; &#8222;Niezapomniana&#8221;. Pocz\u0105tek o godz. 18.00. Wst\u0119p wolny. Nowy spektakl s\u0142owno &#8211; muzyczny Grupy &#8222;Mi\u0119dzy S\u0142owami&#8221; zatytu\u0142owany NIEZAPOMNIANA &#8211; to wspominanie, po\u017cegnanie i zapominanie. A mo\u017ce jednak trwanie? W listopadowej aurze i nastroju w\u0142a\u015bciwym dla tego [&hellip;]\" \/>\n<meta property=\"og:url\" content=\"https:\/\/www.ckiopodkowa.pl\/index.php\/2021\/11\/12\/niezapomniana-spektakl-nieformalnej-grupy-teatralnej-miedzy-slowami\/\" \/>\n<meta property=\"og:site_name\" content=\"CKiO Podkowa Le\u015bna\" \/>\n<meta property=\"article:published_time\" content=\"2021-11-12T08:47:13+00:00\" \/>\n<meta property=\"article:modified_time\" content=\"2021-11-15T09:21:43+00:00\" \/>\n<meta property=\"og:image\" content=\"https:\/\/www.ckiopodkowa.pl\/wp-content\/uploads\/2021\/11\/NIEZAPOMNIANA_plakat.jpg\" \/>\n\t<meta property=\"og:image:width\" content=\"1080\" \/>\n\t<meta property=\"og:image:height\" content=\"1527\" \/>\n<meta name=\"twitter:card\" content=\"summary_large_image\" \/>\n<meta name=\"twitter:label1\" content=\"Napisane przez\">\n\t<meta name=\"twitter:data1\" content=\"Micha\u0142 Burszta\">\n\t<meta name=\"twitter:label2\" content=\"Szacowany czas czytania\">\n\t<meta name=\"twitter:data2\" content=\"1 minuta\">\n<script type=\"application\/ld+json\" class=\"yoast-schema-graph\">{\"@context\":\"https:\/\/schema.org\",\"@graph\":[{\"@type\":\"WebSite\",\"@id\":\"https:\/\/www.ckiopodkowa.pl\/#website\",\"url\":\"https:\/\/www.ckiopodkowa.pl\/\",\"name\":\"CKiO Podkowa Le\\u015bna\",\"description\":\"\",\"potentialAction\":[{\"@type\":\"SearchAction\",\"target\":\"https:\/\/www.ckiopodkowa.pl\/?s={search_term_string}\",\"query-input\":\"required name=search_term_string\"}],\"inLanguage\":\"pl-PL\"},{\"@type\":\"ImageObject\",\"@id\":\"https:\/\/www.ckiopodkowa.pl\/index.php\/2021\/11\/12\/niezapomniana-spektakl-nieformalnej-grupy-teatralnej-miedzy-slowami\/#primaryimage\",\"inLanguage\":\"pl-PL\",\"url\":\"https:\/\/www.ckiopodkowa.pl\/wp-content\/uploads\/2021\/11\/NIEZAPOMNIANA_plakat.jpg\",\"width\":1080,\"height\":1527},{\"@type\":\"WebPage\",\"@id\":\"https:\/\/www.ckiopodkowa.pl\/index.php\/2021\/11\/12\/niezapomniana-spektakl-nieformalnej-grupy-teatralnej-miedzy-slowami\/#webpage\",\"url\":\"https:\/\/www.ckiopodkowa.pl\/index.php\/2021\/11\/12\/niezapomniana-spektakl-nieformalnej-grupy-teatralnej-miedzy-slowami\/\",\"name\":\"\\\"Niezapomniana\\\" - spektakl Nieformalnej Grupy Teatralnej Mi\\u0119dzy S\\u0142owami - CKiO Podkowa Le\\u015bna\",\"isPartOf\":{\"@id\":\"https:\/\/www.ckiopodkowa.pl\/#website\"},\"primaryImageOfPage\":{\"@id\":\"https:\/\/www.ckiopodkowa.pl\/index.php\/2021\/11\/12\/niezapomniana-spektakl-nieformalnej-grupy-teatralnej-miedzy-slowami\/#primaryimage\"},\"datePublished\":\"2021-11-12T08:47:13+00:00\",\"dateModified\":\"2021-11-15T09:21:43+00:00\",\"author\":{\"@id\":\"https:\/\/www.ckiopodkowa.pl\/#\/schema\/person\/c86f9e496f06965599cdf61c3f0d7353\"},\"breadcrumb\":{\"@id\":\"https:\/\/www.ckiopodkowa.pl\/index.php\/2021\/11\/12\/niezapomniana-spektakl-nieformalnej-grupy-teatralnej-miedzy-slowami\/#breadcrumb\"},\"inLanguage\":\"pl-PL\",\"potentialAction\":[{\"@type\":\"ReadAction\",\"target\":[\"https:\/\/www.ckiopodkowa.pl\/index.php\/2021\/11\/12\/niezapomniana-spektakl-nieformalnej-grupy-teatralnej-miedzy-slowami\/\"]}]},{\"@type\":\"BreadcrumbList\",\"@id\":\"https:\/\/www.ckiopodkowa.pl\/index.php\/2021\/11\/12\/niezapomniana-spektakl-nieformalnej-grupy-teatralnej-miedzy-slowami\/#breadcrumb\",\"itemListElement\":[{\"@type\":\"ListItem\",\"position\":1,\"item\":{\"@type\":\"WebPage\",\"@id\":\"https:\/\/www.ckiopodkowa.pl\/\",\"url\":\"https:\/\/www.ckiopodkowa.pl\/\",\"name\":\"Strona g\\u0142\\u00f3wna\"}},{\"@type\":\"ListItem\",\"position\":2,\"item\":{\"@type\":\"WebPage\",\"@id\":\"https:\/\/www.ckiopodkowa.pl\/index.php\/2021\/11\/12\/niezapomniana-spektakl-nieformalnej-grupy-teatralnej-miedzy-slowami\/\",\"url\":\"https:\/\/www.ckiopodkowa.pl\/index.php\/2021\/11\/12\/niezapomniana-spektakl-nieformalnej-grupy-teatralnej-miedzy-slowami\/\",\"name\":\"&#8220;Niezapomniana&#8221; &#8211; spektakl Nieformalnej Grupy Teatralnej Mi\\u0119dzy S\\u0142owami\"}}]},{\"@type\":\"Person\",\"@id\":\"https:\/\/www.ckiopodkowa.pl\/#\/schema\/person\/c86f9e496f06965599cdf61c3f0d7353\",\"name\":\"Micha\\u0142 Burszta\",\"image\":{\"@type\":\"ImageObject\",\"@id\":\"https:\/\/www.ckiopodkowa.pl\/#personlogo\",\"inLanguage\":\"pl-PL\",\"url\":\"https:\/\/secure.gravatar.com\/avatar\/f1f4d167c304c69158a01101acd802fb2136a0a7ace154aa5a365dff7ecbce61?s=96&d=mm&r=g\",\"caption\":\"Micha\\u0142 Burszta\"}}]}<\/script>\n<!-- \/ Yoast SEO Premium plugin. -->","_links":{"self":[{"href":"https:\/\/www.ckiopodkowa.pl\/index.php\/wp-json\/wp\/v2\/posts\/5474","targetHints":{"allow":["GET"]}}],"collection":[{"href":"https:\/\/www.ckiopodkowa.pl\/index.php\/wp-json\/wp\/v2\/posts"}],"about":[{"href":"https:\/\/www.ckiopodkowa.pl\/index.php\/wp-json\/wp\/v2\/types\/post"}],"author":[{"embeddable":true,"href":"https:\/\/www.ckiopodkowa.pl\/index.php\/wp-json\/wp\/v2\/users\/3"}],"replies":[{"embeddable":true,"href":"https:\/\/www.ckiopodkowa.pl\/index.php\/wp-json\/wp\/v2\/comments?post=5474"}],"version-history":[{"count":1,"href":"https:\/\/www.ckiopodkowa.pl\/index.php\/wp-json\/wp\/v2\/posts\/5474\/revisions"}],"predecessor-version":[{"id":5476,"href":"https:\/\/www.ckiopodkowa.pl\/index.php\/wp-json\/wp\/v2\/posts\/5474\/revisions\/5476"}],"wp:featuredmedia":[{"embeddable":true,"href":"https:\/\/www.ckiopodkowa.pl\/index.php\/wp-json\/wp\/v2\/media\/5475"}],"wp:attachment":[{"href":"https:\/\/www.ckiopodkowa.pl\/index.php\/wp-json\/wp\/v2\/media?parent=5474"}],"wp:term":[{"taxonomy":"category","embeddable":true,"href":"https:\/\/www.ckiopodkowa.pl\/index.php\/wp-json\/wp\/v2\/categories?post=5474"},{"taxonomy":"post_tag","embeddable":true,"href":"https:\/\/www.ckiopodkowa.pl\/index.php\/wp-json\/wp\/v2\/tags?post=5474"}],"curies":[{"name":"wp","href":"https:\/\/api.w.org\/{rel}","templated":true}]}}