{"id":5374,"date":"2021-11-09T16:37:00","date_gmt":"2021-11-09T15:37:00","guid":{"rendered":"https:\/\/www.ckiopodkowa.pl\/?p=5374"},"modified":"2021-11-24T16:47:24","modified_gmt":"2021-11-24T15:47:24","slug":"koncert-wlodek-pawlik-trio","status":"publish","type":"post","link":"https:\/\/www.ckiopodkowa.pl\/index.php\/2021\/11\/09\/koncert-wlodek-pawlik-trio\/","title":{"rendered":"Koncert W\u0142odek Pawlik Trio"},"content":{"rendered":"\n<h2 class=\"wp-block-heading\" id=\"h-w-niedziel-21-listopada-zapraszamy-do-sali-koncertowej-na-wierkow-1-na-niezwyk-y-koncert-jazzowy-w-odek-pawlik-trio-pocz-tek-o-godz-19-00-bilety-wyprzedane\">W niedziel\u0119 21 listopada zapraszamy do sali koncertowej na \u015awierkow\u0105 1 na niezwyk\u0142y koncert jazzowy W\u0142odek Pawlik Trio. Pocz\u0105tek o godz. 19.00. <strong>BILETY WYPRZEDANE!<\/strong><\/h2>\n\n\n\n<p>Lider zespo\u0142u <strong>W\u0142odek Pawlik<\/strong> &#8211; kompozytor muzyki jazzowej, filmowej i teatralnej, wybitny pianista, laureat Nagrody Grammy za p\u0142yt\u0119 &#8222;Night in Calisia&#8221; oraz Honorowy Obywatel Miasta Ogrodu Podkowa Le\u015bna, zaprezentuje kompozycje w\u0142asne oraz s\u0142ynne standardy jazzowe.<\/p>\n\n\n\n<p><strong>W\u0142odek Pawlik Trio w sk\u0142adzie:<\/strong><br><strong>W\u0142odek Pawlik <\/strong>\u2013 fortepian \/ piano<br><strong>Damian Kostka<\/strong> \u2013 kontrabas \/ bass<br><strong>Adam Zag\u00f3rski<\/strong> &#8211; perkusja \/ drums<br><br>Fortepian na koncert zapewnia firma KAWAI.<br><br>Miejsce: CKiIO, Podkowa Le\u015bna, ul. \u015awierkowa 1.<br>BILETY WYPRZEDANE<br><br>CKiIO, Podkowa Le\u015bna, ul. \u015awierkowa 1, tel. 22 758 94 41,<br>od poniedzia\u0142ku do pi\u0105tku, w godz. 9.30-16.30<br>CKiIO, ul. Lilpopa 18, tel. 22 729 13 84 wew. 22, od poniedzia\u0142ku do pi\u0105tku, w godz. 8.30-15.30 (opr\u00f3cz pi\u0105tku 12.11.)<br><\/p>\n\n\n\n<p>CKiIO, Podkowa Le\u015bna, ul. \u015awierkowa 1.<br>Obowi\u0105zkowe maseczki i dezynfekcja d\u0142oni przy wej\u015bciu na teren wydarzenia<\/p>\n","protected":false},"excerpt":{"rendered":"<p>W niedziel\u0119 21 listopada zapraszamy do sali koncertowej na \u015awierkow\u0105 1 na niezwyk\u0142y koncert jazzowy W\u0142odek Pawlik Trio. Pocz\u0105tek o godz. 19.00. BILETY WYPRZEDANE! Lider zespo\u0142u W\u0142odek Pawlik &#8211; kompozytor muzyki jazzowej, filmowej i teatralnej, wybitny pianista, laureat Nagrody Grammy za p\u0142yt\u0119 &#8222;Night in Calisia&#8221; oraz Honorowy Obywatel Miasta Ogrodu Podkowa Le\u015bna, zaprezentuje kompozycje w\u0142asne [&hellip;]<\/p>\n","protected":false},"author":3,"featured_media":5489,"comment_status":"closed","ping_status":"closed","sticky":false,"template":"","format":"standard","meta":{"ocean_post_layout":"","ocean_both_sidebars_style":"","ocean_both_sidebars_content_width":0,"ocean_both_sidebars_sidebars_width":0,"ocean_sidebar":"0","ocean_second_sidebar":"0","ocean_disable_margins":"enable","ocean_add_body_class":"","ocean_shortcode_before_top_bar":"","ocean_shortcode_after_top_bar":"","ocean_shortcode_before_header":"","ocean_shortcode_after_header":"","ocean_has_shortcode":"","ocean_shortcode_after_title":"","ocean_shortcode_before_footer_widgets":"","ocean_shortcode_after_footer_widgets":"","ocean_shortcode_before_footer_bottom":"","ocean_shortcode_after_footer_bottom":"","ocean_display_top_bar":"default","ocean_display_header":"default","ocean_header_style":"","ocean_center_header_left_menu":"0","ocean_custom_header_template":"0","ocean_custom_logo":0,"ocean_custom_retina_logo":0,"ocean_custom_logo_max_width":0,"ocean_custom_logo_tablet_max_width":0,"ocean_custom_logo_mobile_max_width":0,"ocean_custom_logo_max_height":0,"ocean_custom_logo_tablet_max_height":0,"ocean_custom_logo_mobile_max_height":0,"ocean_header_custom_menu":"0","ocean_menu_typo_font_family":"0","ocean_menu_typo_font_subset":"","ocean_menu_typo_font_size":0,"ocean_menu_typo_font_size_tablet":0,"ocean_menu_typo_font_size_mobile":0,"ocean_menu_typo_font_size_unit":"px","ocean_menu_typo_font_weight":"","ocean_menu_typo_font_weight_tablet":"","ocean_menu_typo_font_weight_mobile":"","ocean_menu_typo_transform":"","ocean_menu_typo_transform_tablet":"","ocean_menu_typo_transform_mobile":"","ocean_menu_typo_line_height":0,"ocean_menu_typo_line_height_tablet":0,"ocean_menu_typo_line_height_mobile":0,"ocean_menu_typo_line_height_unit":"","ocean_menu_typo_spacing":0,"ocean_menu_typo_spacing_tablet":0,"ocean_menu_typo_spacing_mobile":0,"ocean_menu_typo_spacing_unit":"","ocean_menu_link_color":"","ocean_menu_link_color_hover":"","ocean_menu_link_color_active":"","ocean_menu_link_background":"","ocean_menu_link_hover_background":"","ocean_menu_link_active_background":"","ocean_menu_social_links_bg":"","ocean_menu_social_hover_links_bg":"","ocean_menu_social_links_color":"","ocean_menu_social_hover_links_color":"","ocean_disable_title":"default","ocean_disable_heading":"default","ocean_post_title":"","ocean_post_subheading":"","ocean_post_title_style":"","ocean_post_title_background_color":"","ocean_post_title_background":0,"ocean_post_title_bg_image_position":"","ocean_post_title_bg_image_attachment":"","ocean_post_title_bg_image_repeat":"","ocean_post_title_bg_image_size":"","ocean_post_title_height":0,"ocean_post_title_bg_overlay":0.5,"ocean_post_title_bg_overlay_color":"","ocean_disable_breadcrumbs":"default","ocean_breadcrumbs_color":"","ocean_breadcrumbs_separator_color":"","ocean_breadcrumbs_links_color":"","ocean_breadcrumbs_links_hover_color":"","ocean_display_footer_widgets":"default","ocean_display_footer_bottom":"default","ocean_custom_footer_template":"0","ocean_post_oembed":"","ocean_post_self_hosted_media":"","ocean_post_video_embed":"","ocean_link_format":"","ocean_link_format_target":"self","ocean_quote_format":"","ocean_quote_format_link":"post","ocean_gallery_link_images":"off","ocean_gallery_id":[],"footnotes":""},"categories":[26,17],"tags":[38,37,59],"class_list":["post-5374","post","type-post","status-publish","format-standard","has-post-thumbnail","hentry","category-aktualnosci","category-koncerty","tag-centrum-kultury-i-inicjatyw-obywatelskich-w-podkowie-lesnej","tag-podkowa-lesna","tag-wlodek-pawlik-trio","entry","has-media"],"yoast_head":"<!-- This site is optimized with the Yoast SEO Premium plugin v15.2.1 - https:\/\/yoast.com\/wordpress\/plugins\/seo\/ -->\n<title>Koncert W\u0142odek Pawlik Trio - CKiO Podkowa Le\u015bna<\/title>\n<meta name=\"robots\" content=\"index, follow, max-snippet:-1, max-image-preview:large, max-video-preview:-1\" \/>\n<link rel=\"canonical\" href=\"https:\/\/www.ckiopodkowa.pl\/index.php\/2021\/11\/09\/koncert-wlodek-pawlik-trio\/\" \/>\n<meta property=\"og:locale\" content=\"pl_PL\" \/>\n<meta property=\"og:type\" content=\"article\" \/>\n<meta property=\"og:title\" content=\"Koncert W\u0142odek Pawlik Trio - CKiO Podkowa Le\u015bna\" \/>\n<meta property=\"og:description\" content=\"W niedziel\u0119 21 listopada zapraszamy do sali koncertowej na \u015awierkow\u0105 1 na niezwyk\u0142y koncert jazzowy W\u0142odek Pawlik Trio. Pocz\u0105tek o godz. 19.00. BILETY WYPRZEDANE! Lider zespo\u0142u W\u0142odek Pawlik &#8211; kompozytor muzyki jazzowej, filmowej i teatralnej, wybitny pianista, laureat Nagrody Grammy za p\u0142yt\u0119 &#8222;Night in Calisia&#8221; oraz Honorowy Obywatel Miasta Ogrodu Podkowa Le\u015bna, zaprezentuje kompozycje w\u0142asne [&hellip;]\" \/>\n<meta property=\"og:url\" content=\"https:\/\/www.ckiopodkowa.pl\/index.php\/2021\/11\/09\/koncert-wlodek-pawlik-trio\/\" \/>\n<meta property=\"og:site_name\" content=\"CKiO Podkowa Le\u015bna\" \/>\n<meta property=\"article:published_time\" content=\"2021-11-09T15:37:00+00:00\" \/>\n<meta property=\"article:modified_time\" content=\"2021-11-24T15:47:24+00:00\" \/>\n<meta property=\"og:image\" content=\"https:\/\/www.ckiopodkowa.pl\/wp-content\/uploads\/2021\/11\/WP-bilety-wyprzedane.jpg\" \/>\n\t<meta property=\"og:image:width\" content=\"1338\" \/>\n\t<meta property=\"og:image:height\" content=\"1785\" \/>\n<meta name=\"twitter:card\" content=\"summary_large_image\" \/>\n<meta name=\"twitter:label1\" content=\"Napisane przez\">\n\t<meta name=\"twitter:data1\" content=\"Micha\u0142 Burszta\">\n\t<meta name=\"twitter:label2\" content=\"Szacowany czas czytania\">\n\t<meta name=\"twitter:data2\" content=\"1 minuta\">\n<script type=\"application\/ld+json\" class=\"yoast-schema-graph\">{\"@context\":\"https:\/\/schema.org\",\"@graph\":[{\"@type\":\"WebSite\",\"@id\":\"https:\/\/www.ckiopodkowa.pl\/#website\",\"url\":\"https:\/\/www.ckiopodkowa.pl\/\",\"name\":\"CKiO Podkowa Le\\u015bna\",\"description\":\"\",\"potentialAction\":[{\"@type\":\"SearchAction\",\"target\":\"https:\/\/www.ckiopodkowa.pl\/?s={search_term_string}\",\"query-input\":\"required name=search_term_string\"}],\"inLanguage\":\"pl-PL\"},{\"@type\":\"ImageObject\",\"@id\":\"https:\/\/www.ckiopodkowa.pl\/index.php\/2021\/11\/09\/koncert-wlodek-pawlik-trio\/#primaryimage\",\"inLanguage\":\"pl-PL\",\"url\":\"https:\/\/www.ckiopodkowa.pl\/wp-content\/uploads\/2021\/11\/WP-bilety-wyprzedane.jpg\",\"width\":1338,\"height\":1785},{\"@type\":\"WebPage\",\"@id\":\"https:\/\/www.ckiopodkowa.pl\/index.php\/2021\/11\/09\/koncert-wlodek-pawlik-trio\/#webpage\",\"url\":\"https:\/\/www.ckiopodkowa.pl\/index.php\/2021\/11\/09\/koncert-wlodek-pawlik-trio\/\",\"name\":\"Koncert W\\u0142odek Pawlik Trio - CKiO Podkowa Le\\u015bna\",\"isPartOf\":{\"@id\":\"https:\/\/www.ckiopodkowa.pl\/#website\"},\"primaryImageOfPage\":{\"@id\":\"https:\/\/www.ckiopodkowa.pl\/index.php\/2021\/11\/09\/koncert-wlodek-pawlik-trio\/#primaryimage\"},\"datePublished\":\"2021-11-09T15:37:00+00:00\",\"dateModified\":\"2021-11-24T15:47:24+00:00\",\"author\":{\"@id\":\"https:\/\/www.ckiopodkowa.pl\/#\/schema\/person\/c86f9e496f06965599cdf61c3f0d7353\"},\"breadcrumb\":{\"@id\":\"https:\/\/www.ckiopodkowa.pl\/index.php\/2021\/11\/09\/koncert-wlodek-pawlik-trio\/#breadcrumb\"},\"inLanguage\":\"pl-PL\",\"potentialAction\":[{\"@type\":\"ReadAction\",\"target\":[\"https:\/\/www.ckiopodkowa.pl\/index.php\/2021\/11\/09\/koncert-wlodek-pawlik-trio\/\"]}]},{\"@type\":\"BreadcrumbList\",\"@id\":\"https:\/\/www.ckiopodkowa.pl\/index.php\/2021\/11\/09\/koncert-wlodek-pawlik-trio\/#breadcrumb\",\"itemListElement\":[{\"@type\":\"ListItem\",\"position\":1,\"item\":{\"@type\":\"WebPage\",\"@id\":\"https:\/\/www.ckiopodkowa.pl\/\",\"url\":\"https:\/\/www.ckiopodkowa.pl\/\",\"name\":\"Strona g\\u0142\\u00f3wna\"}},{\"@type\":\"ListItem\",\"position\":2,\"item\":{\"@type\":\"WebPage\",\"@id\":\"https:\/\/www.ckiopodkowa.pl\/index.php\/2021\/11\/09\/koncert-wlodek-pawlik-trio\/\",\"url\":\"https:\/\/www.ckiopodkowa.pl\/index.php\/2021\/11\/09\/koncert-wlodek-pawlik-trio\/\",\"name\":\"Koncert W\\u0142odek Pawlik Trio\"}}]},{\"@type\":\"Person\",\"@id\":\"https:\/\/www.ckiopodkowa.pl\/#\/schema\/person\/c86f9e496f06965599cdf61c3f0d7353\",\"name\":\"Micha\\u0142 Burszta\",\"image\":{\"@type\":\"ImageObject\",\"@id\":\"https:\/\/www.ckiopodkowa.pl\/#personlogo\",\"inLanguage\":\"pl-PL\",\"url\":\"https:\/\/secure.gravatar.com\/avatar\/f1f4d167c304c69158a01101acd802fb2136a0a7ace154aa5a365dff7ecbce61?s=96&d=mm&r=g\",\"caption\":\"Micha\\u0142 Burszta\"}}]}<\/script>\n<!-- \/ Yoast SEO Premium plugin. -->","_links":{"self":[{"href":"https:\/\/www.ckiopodkowa.pl\/index.php\/wp-json\/wp\/v2\/posts\/5374","targetHints":{"allow":["GET"]}}],"collection":[{"href":"https:\/\/www.ckiopodkowa.pl\/index.php\/wp-json\/wp\/v2\/posts"}],"about":[{"href":"https:\/\/www.ckiopodkowa.pl\/index.php\/wp-json\/wp\/v2\/types\/post"}],"author":[{"embeddable":true,"href":"https:\/\/www.ckiopodkowa.pl\/index.php\/wp-json\/wp\/v2\/users\/3"}],"replies":[{"embeddable":true,"href":"https:\/\/www.ckiopodkowa.pl\/index.php\/wp-json\/wp\/v2\/comments?post=5374"}],"version-history":[{"count":5,"href":"https:\/\/www.ckiopodkowa.pl\/index.php\/wp-json\/wp\/v2\/posts\/5374\/revisions"}],"predecessor-version":[{"id":5491,"href":"https:\/\/www.ckiopodkowa.pl\/index.php\/wp-json\/wp\/v2\/posts\/5374\/revisions\/5491"}],"wp:featuredmedia":[{"embeddable":true,"href":"https:\/\/www.ckiopodkowa.pl\/index.php\/wp-json\/wp\/v2\/media\/5489"}],"wp:attachment":[{"href":"https:\/\/www.ckiopodkowa.pl\/index.php\/wp-json\/wp\/v2\/media?parent=5374"}],"wp:term":[{"taxonomy":"category","embeddable":true,"href":"https:\/\/www.ckiopodkowa.pl\/index.php\/wp-json\/wp\/v2\/categories?post=5374"},{"taxonomy":"post_tag","embeddable":true,"href":"https:\/\/www.ckiopodkowa.pl\/index.php\/wp-json\/wp\/v2\/tags?post=5374"}],"curies":[{"name":"wp","href":"https:\/\/api.w.org\/{rel}","templated":true}]}}