{"id":3976,"date":"2020-02-04T17:29:00","date_gmt":"2020-02-04T16:29:00","guid":{"rendered":"http:\/\/ckiopodkowa.pl\/?p=3976"},"modified":"2021-08-04T17:32:50","modified_gmt":"2021-08-04T15:32:50","slug":"uniwersytet-otwarty-pokolenia-maja-komorowska-inauguruje-xxix-semestr","status":"publish","type":"post","link":"https:\/\/www.ckiopodkowa.pl\/index.php\/2020\/02\/04\/uniwersytet-otwarty-pokolenia-maja-komorowska-inauguruje-xxix-semestr\/","title":{"rendered":"Uniwersytet Otwarty POKOLENIA: Maja Komorowska inauguruje XXIX semestr"},"content":{"rendered":"\t\t<div data-elementor-type=\"wp-post\" data-elementor-id=\"3976\" class=\"elementor elementor-3976\" data-elementor-post-type=\"post\">\n\t\t\t\t\t\t<section class=\"elementor-section elementor-top-section elementor-element elementor-element-4556880e elementor-section-boxed elementor-section-height-default elementor-section-height-default elementor-invisible\" data-id=\"4556880e\" data-element_type=\"section\" data-settings=\"{&quot;animation&quot;:&quot;fadeInUp&quot;}\">\n\t\t\t\t\t\t<div class=\"elementor-container elementor-column-gap-default\">\n\t\t\t\t\t<div class=\"elementor-column elementor-col-100 elementor-top-column elementor-element elementor-element-21c96fd6\" data-id=\"21c96fd6\" data-element_type=\"column\">\n\t\t\t<div class=\"elementor-widget-wrap elementor-element-populated\">\n\t\t\t\t\t\t<div class=\"elementor-element elementor-element-4d6ec755 elementor-widget elementor-widget-text-editor\" data-id=\"4d6ec755\" data-element_type=\"widget\" data-widget_type=\"text-editor.default\">\n\t\t\t\t<div class=\"elementor-widget-container\">\n\t\t\t\t\t\t\t\t\t<div class=\"field field-name-field-zajawka field-type-text-long field-label-hidden\"><div class=\"field-items\"><div class=\"field-item even\"><p><strong>12 lutego zapraszamy na wyk\u0142ad inauguruj\u0105cy XXIX semestr zaj\u0119\u0107 na naszym Uniwersytecie. Wybitna aktorka Maja Komorowska o(d)powie o &#8222;Pytaniach, kt\u00f3re nigdy si\u0119 nie ko\u0144cz\u0105&#8221;. Pocz\u0105tek o godz. 11.00 w Pa\u0142acyku Kasyno.\u00a0Pe\u0142ny program semestru dost\u0119pny <a href=\"\/index.php\/uniwersytet-otwarty-pokolenia\/xxix-semestr\/\">TU<\/a>.<\/strong><\/p><\/div><\/div><\/div><div class=\"field field-name-field-tresc-artykul field-type-text-long field-label-hidden\"><div class=\"field-items\"><div class=\"field-item even\"><p><strong>Maja Komorowska<\/strong> (Maria Tyszkiewicz) ur. 23 grudnia 1937 r. w Warszawie. Aktorka teatralna i filmowa. Profesor Akademii Teatralnej im. Aleksandra Zelwerowicza w Warszawie.\u00a0<\/p><p>W 1960 rok uko\u0144czy\u0142a Wydzia\u0142 Aktorski (Oddzia\u0142 Lalkarski) krakowskiej PWST. W 1963 roku zda\u0142a eksternistyczny egzamin aktorski. Debiutowa\u0142a w 1960 roku w Teatrze Lalki i Maski Groteska w Krakowie. Potem nale\u017ca\u0142a do zespo\u0142u Teatru 13 Rz\u0119d\u00f3w pod kierunkiem Jerzego Grotowskiego w Opolu, przekszta\u0142conego w 1962 roku w Teatr Laboratorium we Wroc\u0142awiu. Wyst\u0105pi\u0142a w tym czasie m. in. w <em>Kordianie<\/em>, w pierwszej wersji <em>Akropolis <\/em>oraz zagra\u0142a Tarudanta w <em>Ksi\u0119ciu Niez\u0142omnym<\/em>. Po siedmiu latach pracy u Grotowskiego wesz\u0142a do zespo\u0142u wroc\u0142awskiego Teatru Wsp\u00f3\u0142czesnego,\u00a0 a p\u00f3\u017aniej Teatru Polskiego we Wroc\u0142awiu.\u00a0<\/p><p>Od 1972 roku jest w zespole Teatru Wsp\u00f3\u0142czesnego w Warszawie. Pracowa\u0142a z wieloma wybitnymi re\u017cyserami teatralnymi: z Erwinem Axerem\u00a0 &#8211; m.in. w sztukach Thomasa Bernharda <em>\u015awi\u0119to Borysa<\/em> i <em>U celu<\/em>; z Maciejem Englertem \u2013 m.in. <em>Letycja i lubczyk<\/em> (Nagroda im. Aleksandra Zelwerowicza rol\u0119 Letycji) i <em>Wniebowst\u0105pienie<\/em>; z Jerzym Jarockim &#8211;\u00a0 m.in. <em>Stara kobieta wysiaduje<\/em>; z\u00a0 Helmutem Kajzarem &#8211;\u00a0 <em>Boles\u0142aw \u015amia\u0142y i Antygona<\/em>; z\u00a0 Krystyn\u0105 Skuszank\u0105 &#8211;\u00a0 <em>Rzecz ludzka\/Gra sn\u00f3w<\/em>; z Jerzym Krasowskim &#8211; Samuela Becketta <em>Ko\u0144c\u00f3wka<\/em> (rola Hamma); z Bohdanem Korzeniewskim \u2013 Augusta Strindberga <em>Panna Julia<\/em>; z\u00a0 Krystianem Lup\u0105 &#8211;\u00a0 Thomasa Bernharda <em>Wymazywanie<\/em>, <em>Na szczytach panuje cisza<\/em>, a tak\u017ce\u00a0 <em>Niedoko\u0144czony utw\u00f3r na aktora <\/em>wed\u0142ug A. Czechowa i Y. Rezy; z Krzysztofem Warlikowskim \u2013 Tony&#8217;ego Kushnera <em>Anio\u0142y w Ameryce<\/em> (rola Rabina). Wa\u017cna r\u00f3wnie\u017c by\u0142a rola Claire w <em>Szale\u0144stwie <\/em>Marguerite Duras w re\u017cyserii Romualda Szejda w teatrze Scena Prezentacje.\u00a0\u00a0<\/p><p>Gra\u0142a w filmach polskich i zagranicznych. W re\u017cyserii Krzysztofa Zanussiego\u00a0 &#8211; m.in. <em>\u017bycie rodzinne, Za \u015bcian\u0105, Bilans kwartalny, Rok spokojnego s\u0142o\u0144ca, Cwa\u0142<\/em>; w re\u017cyserii Andrzeja Wajdy\u00a0 &#8211;\u00a0 <em>Wesele, Panny z Wilka, Katy\u0144<\/em>; w\u00a0 re\u017cyserii Krzysztofa Kie\u015blowskiego &#8211;\u00a0 <em>Dekalog I<\/em>; w re\u017cyserii Tadeusza Konwickiego &#8211; <em>Jak daleko st\u0105d, jak blisko, Lawa<\/em>; w re\u017cyserii Edwarda \u017bebrowskiego &#8211; <em>Ocalenie.\u00a0<\/em><\/p><p>Stworzy\u0142a tak\u017ce ponad 30 znacz\u0105cych r\u00f3l w spektaklach Teatru Telewizji, m. in. w\u00a0<em>Nadludzkiej medycynie<\/em> w re\u017cyserii Waldemara Dzikiego.\u00a0<\/p><p>Aktualnie gra z Wies\u0142awem Komas\u0105 w <em>Mimo wszystko<\/em> Johna Murrella w re\u017cyserii Waldemara \u015amigasiewicza w Teatrze Wsp\u00f3\u0142czesnym (premiera w 2005 roku), go\u015bcinnie w Teatrze Dramatycznym z Adamem Ferencym w <em>Szcz\u0119\u015bliwych dniach<\/em> Samuela Becketta w re\u017cyserii Antoniego Libery (premiera w 1995 roku) oraz tak\u017ce go\u015bcinnie w <em>Anio\u0142ach w Ameryce<\/em> Tonyego Kushnera w re\u017cyserii Krzysztofa Warlikowskiego w Nowym Teatrze (rola Rabina).<\/p><p>W Akademii Teatralnej w latach 1983 \u2013 2016 wyre\u017cyserowa\u0142a wiele dyplom\u00f3w, m. in. <em>Przy stole<\/em> wed\u0142ug Antoniego Czechowa, <em>Wesele<\/em> wed\u0142ug Stanis\u0142awa Wyspia\u0144skiego, <em>Opowie\u015bci Hollywoodu<\/em> Christophera Hamptona i\u00a0 <em>Panny z Wilka<\/em> wed\u0142ug Jaros\u0142awa Iwaszkiewicza &#8211; spektakl nagrodzono Grand Prix podczas VI Mi\u0119dzynarodowego Festiwalu Sztuk Teatralnych w Warszawie. Ostatni spektakl dyplomowy to <em>Szkice z Dostojewskiego<\/em> w 2014 roku.<\/p><p>Od wielu lat je\u017adzi na spotkania z publiczno\u015bci\u0105. Rozmawia o swojej pracy i wa\u017cnych dla niej ludziach. Czyta wiersze wybitnych poet\u00f3w oraz fragmenty swoich ksi\u0105\u017cek.\u00a0<\/p><p>Otrzyma\u0142a wiele polskich i zagranicznych nagr\u00f3d za wybitne kreacje aktorskie, m.in. Z\u0142oty Medal Zas\u0142u\u017cony Kulturze Gloria Artis, Krzy\u017c Wielki Orderu Odrodzenia Polski\u00a0 (2011r.) &#8211; na Wawelu\u00a0 oraz francuskie insygnia Komandora Orderu Sztuk i Literatury (2010 r.) przyznane przez Ambasad\u0119 Francji. W lipcu 2018 zosta\u0142a uhonorowana\u00a0 Nagrod\u0105 Miasta Sto\u0142ecznego Warszawy, a w sierpniu tego samego roku Nagrod\u0105 Cz\u0142owiek S\u0142owa, przyznan\u0105 przez Rad\u0119 Festiwalu Stolica J\u0119zyka Polskiego w Szczebrzeszynie. W grudniu 2019 -nagrod\u0119 Cz\u0142onka Honorowego ZAiKs-u.<\/p><p>Zawsze zaanga\u017cowana w sprawy spo\u0142eczne; w czasach stanu wojennego pracowa\u0142a w Prymasowskiej Radzie Spo\u0142ecznej oraz w Komitecie Pomocy Internowanym i ich Rodzinom, p\u00f3\u017aniej w S.O.S z Jackiem Kuroniem. Dzi\u015b jest cz\u0142onkiem Rady Hospicjum Onkologicznego.\u00a0<\/p><p>W 1993 roku ukaza\u0142a si\u0119 ksi\u0105\u017cka\u00a0 Mai Komorowskiej <em>31 dni maja<\/em> (Wydawnictwo Tenten), w 2004 roku ksi\u0105\u017cka Barbary Osterloff <em>Pejza\u017c, Rozmowy z Maj\u0105 Komorowsk\u0105<\/em> (Oficyna Wydawnicza Errata), w 2014 r. <em>Pytania, kt\u00f3re si\u0119 nie ko\u0144cz\u0105 \u2013 rozmowy z Tadeuszem Sobolewskim<\/em> (wydanie: Mazowiecki Instytut Kultury we wsp\u00f3\u0142pracy z Wyd. Czu\u0142y Barbarzy\u0144ca Press).\u00a0 W roku 2017\u00a0 &#8211; <em>Pejza\u017c. Rozmowy z Maj\u0105 Komorowsk\u0105 dawne i nowe<\/em> Barbary Osterloff (wydanie: Instytut Teatralny im. Zbigniewa Raszewskiego).<\/p><\/div><\/div><\/div>\t\t\t\t\t\t\t\t<\/div>\n\t\t\t\t<\/div>\n\t\t\t\t\t<\/div>\n\t\t<\/div>\n\t\t\t\t\t<\/div>\n\t\t<\/section>\n\t\t\t\t<section class=\"elementor-section elementor-top-section elementor-element elementor-element-7a5a7383 elementor-section-boxed elementor-section-height-default elementor-section-height-default elementor-invisible\" data-id=\"7a5a7383\" data-element_type=\"section\" data-settings=\"{&quot;animation&quot;:&quot;fadeInUp&quot;}\">\n\t\t\t\t\t\t<div class=\"elementor-container elementor-column-gap-default\">\n\t\t\t\t\t<div class=\"elementor-column elementor-col-100 elementor-top-column elementor-element elementor-element-75f58ab9\" data-id=\"75f58ab9\" data-element_type=\"column\">\n\t\t\t<div class=\"elementor-widget-wrap elementor-element-populated\">\n\t\t\t\t\t\t<div class=\"elementor-element elementor-element-2a46aa2d elementor-widget-divider--view-line_text elementor-widget-divider--separator-type-pattern elementor-widget-divider--no-spacing elementor-widget-divider--element-align-center elementor-widget elementor-widget-divider\" data-id=\"2a46aa2d\" data-element_type=\"widget\" data-widget_type=\"divider.default\">\n\t\t\t\t<div class=\"elementor-widget-container\">\n\t\t\t\t\t\t\t<div class=\"elementor-divider\" style=\"--divider-pattern-url: url(&quot;data:image\/svg+xml,%3Csvg xmlns=&#039;http:\/\/www.w3.org\/2000\/svg&#039; preserveAspectRatio=&#039;xMidYMid meet&#039; overflow=&#039;visible&#039; height=&#039;100%&#039; viewBox=&#039;0 0 126 26&#039; fill=&#039;black&#039; stroke=&#039;none&#039;%3E%3Cpath d=&#039;M3,10.2c2.6,0,2.6,2,2.6,3.2S4.4,16.5,3,16.5s-3-1.4-3-3.2S0.4,10.2,3,10.2z M18.8,10.2c1.7,0,3.2,1.4,3.2,3.2s-1.4,3.2-3.2,3.2c-1.7,0-3.2-1.4-3.2-3.2S17,10.2,18.8,10.2z M34.6,10.2c1.5,0,2.6,1.4,2.6,3.2s-0.5,3.2-1.9,3.2c-1.5,0-3.4-1.4-3.4-3.2S33.1,10.2,34.6,10.2z M50.5,10.2c1.7,0,3.2,1.4,3.2,3.2s-1.4,3.2-3.2,3.2c-1.7,0-3.3-0.9-3.3-2.6S48.7,10.2,50.5,10.2z M66.2,10.2c1.5,0,3.4,1.4,3.4,3.2s-1.9,3.2-3.4,3.2c-1.5,0-2.6-0.4-2.6-2.1S64.8,10.2,66.2,10.2z M82.2,10.2c1.7,0.8,2.6,1.4,2.6,3.2s-0.1,3.2-1.6,3.2c-1.5,0-3.7-1.4-3.7-3.2S80.5,9.4,82.2,10.2zM98.6,10.2c1.5,0,2.6,0.4,2.6,2.1s-1.2,4.2-2.6,4.2c-1.5,0-3.7-0.4-3.7-2.1S97.1,10.2,98.6,10.2z M113.4,10.2c1.2,0,2.2,0.9,2.2,3.2s-0.1,3.2-1.3,3.2s-3.1-1.4-3.1-3.2S112.2,10.2,113.4,10.2z&#039;\/%3E%3C\/svg%3E&quot;);\">\n\t\t\t<span class=\"elementor-divider-separator\">\n\t\t\t\t\t\t<\/span>\n\t\t<\/div>\n\t\t\t\t\t\t<\/div>\n\t\t\t\t<\/div>\n\t\t\t\t\t<\/div>\n\t\t<\/div>\n\t\t\t\t\t<\/div>\n\t\t<\/section>\n\t\t\t\t<section class=\"elementor-section elementor-top-section elementor-element elementor-element-6ce1681c elementor-section-boxed elementor-section-height-default elementor-section-height-default elementor-invisible\" data-id=\"6ce1681c\" data-element_type=\"section\" data-settings=\"{&quot;animation&quot;:&quot;fadeInUp&quot;}\">\n\t\t\t\t\t\t<div class=\"elementor-container elementor-column-gap-default\">\n\t\t\t\t\t<div class=\"elementor-column elementor-col-100 elementor-top-column elementor-element elementor-element-24650ed8\" data-id=\"24650ed8\" data-element_type=\"column\">\n\t\t\t<div class=\"elementor-widget-wrap elementor-element-populated\">\n\t\t\t\t\t\t<div class=\"elementor-element elementor-element-766ef59e elementor-widget elementor-widget-heading\" data-id=\"766ef59e\" data-element_type=\"widget\" data-widget_type=\"heading.default\">\n\t\t\t\t<div class=\"elementor-widget-container\">\n\t\t\t\t\t<h2 class=\"elementor-heading-title elementor-size-default\">Prosz\u0119 udost\u0119pnij to<\/h2>\t\t\t\t<\/div>\n\t\t\t\t<\/div>\n\t\t\t\t\t<\/div>\n\t\t<\/div>\n\t\t\t\t\t<\/div>\n\t\t<\/section>\n\t\t\t\t<section class=\"elementor-section elementor-top-section elementor-element elementor-element-16cacd16 elementor-section-boxed elementor-section-height-default elementor-section-height-default elementor-invisible\" data-id=\"16cacd16\" data-element_type=\"section\" data-settings=\"{&quot;animation&quot;:&quot;fadeInUp&quot;}\">\n\t\t\t\t\t\t<div class=\"elementor-container elementor-column-gap-default\">\n\t\t\t\t\t<div class=\"elementor-column elementor-col-100 elementor-top-column elementor-element elementor-element-4c81d53d\" data-id=\"4c81d53d\" data-element_type=\"column\">\n\t\t\t<div class=\"elementor-widget-wrap elementor-element-populated\">\n\t\t\t\t\t\t<div class=\"elementor-element elementor-element-7e7b4996 elementor-share-buttons--align-center elementor-share-buttons--shape-rounded elementor-share-buttons--view-icon-text elementor-share-buttons--skin-gradient elementor-grid-0 elementor-share-buttons--color-official elementor-widget elementor-widget-share-buttons\" data-id=\"7e7b4996\" data-element_type=\"widget\" data-widget_type=\"share-buttons.default\">\n\t\t\t\t<div class=\"elementor-widget-container\">\n\t\t\t\t\t\t\t<div class=\"elementor-grid\">\n\t\t\t\t\t\t\t\t<div class=\"elementor-grid-item\">\n\t\t\t\t\t\t<div\n\t\t\t\t\t\t\tclass=\"elementor-share-btn elementor-share-btn_twitter\"\n\t\t\t\t\t\t\trole=\"button\"\n\t\t\t\t\t\t\ttabindex=\"0\"\n\t\t\t\t\t\t\taria-label=\"Share on twitter\"\n\t\t\t\t\t\t>\n\t\t\t\t\t\t\t\t\t\t\t\t\t\t\t<span class=\"elementor-share-btn__icon\">\n\t\t\t\t\t\t\t\t<i class=\"fab fa-twitter\" aria-hidden=\"true\"><\/i>\t\t\t\t\t\t\t<\/span>\n\t\t\t\t\t\t\t\t\t\t\t\t\t\t\t\t\t\t\t\t\t\t<div class=\"elementor-share-btn__text\">\n\t\t\t\t\t\t\t\t\t\t\t\t\t\t\t\t\t\t\t<span class=\"elementor-share-btn__title\">\n\t\t\t\t\t\t\t\t\t\tTwitter\t\t\t\t\t\t\t\t\t<\/span>\n\t\t\t\t\t\t\t\t\t\t\t\t\t\t\t\t\t<\/div>\n\t\t\t\t\t\t\t\t\t\t\t\t\t<\/div>\n\t\t\t\t\t<\/div>\n\t\t\t\t\t\t\t\t\t<div class=\"elementor-grid-item\">\n\t\t\t\t\t\t<div\n\t\t\t\t\t\t\tclass=\"elementor-share-btn elementor-share-btn_facebook\"\n\t\t\t\t\t\t\trole=\"button\"\n\t\t\t\t\t\t\ttabindex=\"0\"\n\t\t\t\t\t\t\taria-label=\"Share on facebook\"\n\t\t\t\t\t\t>\n\t\t\t\t\t\t\t\t\t\t\t\t\t\t\t<span class=\"elementor-share-btn__icon\">\n\t\t\t\t\t\t\t\t<i class=\"fab fa-facebook\" aria-hidden=\"true\"><\/i>\t\t\t\t\t\t\t<\/span>\n\t\t\t\t\t\t\t\t\t\t\t\t\t\t\t\t\t\t\t\t\t\t<div class=\"elementor-share-btn__text\">\n\t\t\t\t\t\t\t\t\t\t\t\t\t\t\t\t\t\t\t<span class=\"elementor-share-btn__title\">\n\t\t\t\t\t\t\t\t\t\tFacebook\t\t\t\t\t\t\t\t\t<\/span>\n\t\t\t\t\t\t\t\t\t\t\t\t\t\t\t\t\t<\/div>\n\t\t\t\t\t\t\t\t\t\t\t\t\t<\/div>\n\t\t\t\t\t<\/div>\n\t\t\t\t\t\t\t\t\t<div class=\"elementor-grid-item\">\n\t\t\t\t\t\t<div\n\t\t\t\t\t\t\tclass=\"elementor-share-btn elementor-share-btn_pinterest\"\n\t\t\t\t\t\t\trole=\"button\"\n\t\t\t\t\t\t\ttabindex=\"0\"\n\t\t\t\t\t\t\taria-label=\"Share on pinterest\"\n\t\t\t\t\t\t>\n\t\t\t\t\t\t\t\t\t\t\t\t\t\t\t<span class=\"elementor-share-btn__icon\">\n\t\t\t\t\t\t\t\t<i class=\"fab fa-pinterest\" aria-hidden=\"true\"><\/i>\t\t\t\t\t\t\t<\/span>\n\t\t\t\t\t\t\t\t\t\t\t\t\t\t\t\t\t\t\t\t\t\t<div class=\"elementor-share-btn__text\">\n\t\t\t\t\t\t\t\t\t\t\t\t\t\t\t\t\t\t\t<span class=\"elementor-share-btn__title\">\n\t\t\t\t\t\t\t\t\t\tPinterest\t\t\t\t\t\t\t\t\t<\/span>\n\t\t\t\t\t\t\t\t\t\t\t\t\t\t\t\t\t<\/div>\n\t\t\t\t\t\t\t\t\t\t\t\t\t<\/div>\n\t\t\t\t\t<\/div>\n\t\t\t\t\t\t\t\t\t<div class=\"elementor-grid-item\">\n\t\t\t\t\t\t<div\n\t\t\t\t\t\t\tclass=\"elementor-share-btn elementor-share-btn_linkedin\"\n\t\t\t\t\t\t\trole=\"button\"\n\t\t\t\t\t\t\ttabindex=\"0\"\n\t\t\t\t\t\t\taria-label=\"Share on linkedin\"\n\t\t\t\t\t\t>\n\t\t\t\t\t\t\t\t\t\t\t\t\t\t\t<span class=\"elementor-share-btn__icon\">\n\t\t\t\t\t\t\t\t<i class=\"fab fa-linkedin\" aria-hidden=\"true\"><\/i>\t\t\t\t\t\t\t<\/span>\n\t\t\t\t\t\t\t\t\t\t\t\t\t\t\t\t\t\t\t\t\t\t<div class=\"elementor-share-btn__text\">\n\t\t\t\t\t\t\t\t\t\t\t\t\t\t\t\t\t\t\t<span class=\"elementor-share-btn__title\">\n\t\t\t\t\t\t\t\t\t\tLinkedIn\t\t\t\t\t\t\t\t\t<\/span>\n\t\t\t\t\t\t\t\t\t\t\t\t\t\t\t\t\t<\/div>\n\t\t\t\t\t\t\t\t\t\t\t\t\t<\/div>\n\t\t\t\t\t<\/div>\n\t\t\t\t\t\t\t\t\t<div class=\"elementor-grid-item\">\n\t\t\t\t\t\t<div\n\t\t\t\t\t\t\tclass=\"elementor-share-btn elementor-share-btn_reddit\"\n\t\t\t\t\t\t\trole=\"button\"\n\t\t\t\t\t\t\ttabindex=\"0\"\n\t\t\t\t\t\t\taria-label=\"Share on reddit\"\n\t\t\t\t\t\t>\n\t\t\t\t\t\t\t\t\t\t\t\t\t\t\t<span class=\"elementor-share-btn__icon\">\n\t\t\t\t\t\t\t\t<i class=\"fab fa-reddit\" aria-hidden=\"true\"><\/i>\t\t\t\t\t\t\t<\/span>\n\t\t\t\t\t\t\t\t\t\t\t\t\t\t\t\t\t\t\t\t\t\t<div class=\"elementor-share-btn__text\">\n\t\t\t\t\t\t\t\t\t\t\t\t\t\t\t\t\t\t\t<span class=\"elementor-share-btn__title\">\n\t\t\t\t\t\t\t\t\t\tReddit\t\t\t\t\t\t\t\t\t<\/span>\n\t\t\t\t\t\t\t\t\t\t\t\t\t\t\t\t\t<\/div>\n\t\t\t\t\t\t\t\t\t\t\t\t\t<\/div>\n\t\t\t\t\t<\/div>\n\t\t\t\t\t\t\t\t\t<div class=\"elementor-grid-item\">\n\t\t\t\t\t\t<div\n\t\t\t\t\t\t\tclass=\"elementor-share-btn elementor-share-btn_whatsapp\"\n\t\t\t\t\t\t\trole=\"button\"\n\t\t\t\t\t\t\ttabindex=\"0\"\n\t\t\t\t\t\t\taria-label=\"Share on whatsapp\"\n\t\t\t\t\t\t>\n\t\t\t\t\t\t\t\t\t\t\t\t\t\t\t<span class=\"elementor-share-btn__icon\">\n\t\t\t\t\t\t\t\t<i class=\"fab fa-whatsapp\" aria-hidden=\"true\"><\/i>\t\t\t\t\t\t\t<\/span>\n\t\t\t\t\t\t\t\t\t\t\t\t\t\t\t\t\t\t\t\t\t\t<div class=\"elementor-share-btn__text\">\n\t\t\t\t\t\t\t\t\t\t\t\t\t\t\t\t\t\t\t<span class=\"elementor-share-btn__title\">\n\t\t\t\t\t\t\t\t\t\tWhatsApp\t\t\t\t\t\t\t\t\t<\/span>\n\t\t\t\t\t\t\t\t\t\t\t\t\t\t\t\t\t<\/div>\n\t\t\t\t\t\t\t\t\t\t\t\t\t<\/div>\n\t\t\t\t\t<\/div>\n\t\t\t\t\t\t\t\t\t<div class=\"elementor-grid-item\">\n\t\t\t\t\t\t<div\n\t\t\t\t\t\t\tclass=\"elementor-share-btn elementor-share-btn_email\"\n\t\t\t\t\t\t\trole=\"button\"\n\t\t\t\t\t\t\ttabindex=\"0\"\n\t\t\t\t\t\t\taria-label=\"Share on email\"\n\t\t\t\t\t\t>\n\t\t\t\t\t\t\t\t\t\t\t\t\t\t\t<span class=\"elementor-share-btn__icon\">\n\t\t\t\t\t\t\t\t<i class=\"fas fa-envelope\" aria-hidden=\"true\"><\/i>\t\t\t\t\t\t\t<\/span>\n\t\t\t\t\t\t\t\t\t\t\t\t\t\t\t\t\t\t\t\t\t\t<div class=\"elementor-share-btn__text\">\n\t\t\t\t\t\t\t\t\t\t\t\t\t\t\t\t\t\t\t<span class=\"elementor-share-btn__title\">\n\t\t\t\t\t\t\t\t\t\tEmail\t\t\t\t\t\t\t\t\t<\/span>\n\t\t\t\t\t\t\t\t\t\t\t\t\t\t\t\t\t<\/div>\n\t\t\t\t\t\t\t\t\t\t\t\t\t<\/div>\n\t\t\t\t\t<\/div>\n\t\t\t\t\t\t\t\t\t<div class=\"elementor-grid-item\">\n\t\t\t\t\t\t<div\n\t\t\t\t\t\t\tclass=\"elementor-share-btn elementor-share-btn_print\"\n\t\t\t\t\t\t\trole=\"button\"\n\t\t\t\t\t\t\ttabindex=\"0\"\n\t\t\t\t\t\t\taria-label=\"Share on print\"\n\t\t\t\t\t\t>\n\t\t\t\t\t\t\t\t\t\t\t\t\t\t\t<span class=\"elementor-share-btn__icon\">\n\t\t\t\t\t\t\t\t<i class=\"fas fa-print\" aria-hidden=\"true\"><\/i>\t\t\t\t\t\t\t<\/span>\n\t\t\t\t\t\t\t\t\t\t\t\t\t\t\t\t\t\t\t\t\t\t<div class=\"elementor-share-btn__text\">\n\t\t\t\t\t\t\t\t\t\t\t\t\t\t\t\t\t\t\t<span class=\"elementor-share-btn__title\">\n\t\t\t\t\t\t\t\t\t\tPrint\t\t\t\t\t\t\t\t\t<\/span>\n\t\t\t\t\t\t\t\t\t\t\t\t\t\t\t\t\t<\/div>\n\t\t\t\t\t\t\t\t\t\t\t\t\t<\/div>\n\t\t\t\t\t<\/div>\n\t\t\t\t\t\t<\/div>\n\t\t\t\t\t\t<\/div>\n\t\t\t\t<\/div>\n\t\t\t\t\t<\/div>\n\t\t<\/div>\n\t\t\t\t\t<\/div>\n\t\t<\/section>\n\t\t\t\t<\/div>\n\t\t","protected":false},"excerpt":{"rendered":"<p>12 lutego zapraszamy na wyk\u0142ad inauguruj\u0105cy XXIX semestr zaj\u0119\u0107 na naszym Uniwersytecie. Wybitna aktorka Maja Komorowska o(d)powie o &#8222;Pytaniach, kt\u00f3re nigdy si\u0119 nie ko\u0144cz\u0105&#8221;. Pocz\u0105tek o godz. 11.00 w Pa\u0142acyku Kasyno.\u00a0Pe\u0142ny program semestru dost\u0119pny TU. Maja Komorowska (Maria Tyszkiewicz) ur. 23 grudnia 1937 r. w Warszawie. Aktorka teatralna i filmowa. Profesor Akademii Teatralnej im. Aleksandra [&hellip;]<\/p>\n","protected":false},"author":11,"featured_media":3977,"comment_status":"closed","ping_status":"closed","sticky":false,"template":"","format":"standard","meta":{"ocean_post_layout":"","ocean_both_sidebars_style":"","ocean_both_sidebars_content_width":0,"ocean_both_sidebars_sidebars_width":0,"ocean_sidebar":"0","ocean_second_sidebar":"0","ocean_disable_margins":"enable","ocean_add_body_class":"","ocean_shortcode_before_top_bar":"","ocean_shortcode_after_top_bar":"","ocean_shortcode_before_header":"","ocean_shortcode_after_header":"","ocean_has_shortcode":"","ocean_shortcode_after_title":"","ocean_shortcode_before_footer_widgets":"","ocean_shortcode_after_footer_widgets":"","ocean_shortcode_before_footer_bottom":"","ocean_shortcode_after_footer_bottom":"","ocean_display_top_bar":"default","ocean_display_header":"default","ocean_header_style":"","ocean_center_header_left_menu":"0","ocean_custom_header_template":"0","ocean_custom_logo":0,"ocean_custom_retina_logo":0,"ocean_custom_logo_max_width":0,"ocean_custom_logo_tablet_max_width":0,"ocean_custom_logo_mobile_max_width":0,"ocean_custom_logo_max_height":0,"ocean_custom_logo_tablet_max_height":0,"ocean_custom_logo_mobile_max_height":0,"ocean_header_custom_menu":"0","ocean_menu_typo_font_family":"0","ocean_menu_typo_font_subset":"","ocean_menu_typo_font_size":0,"ocean_menu_typo_font_size_tablet":0,"ocean_menu_typo_font_size_mobile":0,"ocean_menu_typo_font_size_unit":"px","ocean_menu_typo_font_weight":"","ocean_menu_typo_font_weight_tablet":"","ocean_menu_typo_font_weight_mobile":"","ocean_menu_typo_transform":"","ocean_menu_typo_transform_tablet":"","ocean_menu_typo_transform_mobile":"","ocean_menu_typo_line_height":0,"ocean_menu_typo_line_height_tablet":0,"ocean_menu_typo_line_height_mobile":0,"ocean_menu_typo_line_height_unit":"","ocean_menu_typo_spacing":0,"ocean_menu_typo_spacing_tablet":0,"ocean_menu_typo_spacing_mobile":0,"ocean_menu_typo_spacing_unit":"","ocean_menu_link_color":"","ocean_menu_link_color_hover":"","ocean_menu_link_color_active":"","ocean_menu_link_background":"","ocean_menu_link_hover_background":"","ocean_menu_link_active_background":"","ocean_menu_social_links_bg":"","ocean_menu_social_hover_links_bg":"","ocean_menu_social_links_color":"","ocean_menu_social_hover_links_color":"","ocean_disable_title":"default","ocean_disable_heading":"default","ocean_post_title":"","ocean_post_subheading":"","ocean_post_title_style":"","ocean_post_title_background_color":"","ocean_post_title_background":0,"ocean_post_title_bg_image_position":"","ocean_post_title_bg_image_attachment":"","ocean_post_title_bg_image_repeat":"","ocean_post_title_bg_image_size":"","ocean_post_title_height":0,"ocean_post_title_bg_overlay":0.5,"ocean_post_title_bg_overlay_color":"","ocean_disable_breadcrumbs":"default","ocean_breadcrumbs_color":"","ocean_breadcrumbs_separator_color":"","ocean_breadcrumbs_links_color":"","ocean_breadcrumbs_links_hover_color":"","ocean_display_footer_widgets":"default","ocean_display_footer_bottom":"default","ocean_custom_footer_template":"0","ocean_post_oembed":"","ocean_post_self_hosted_media":"","ocean_post_video_embed":"","ocean_link_format":"","ocean_link_format_target":"self","ocean_quote_format":"","ocean_quote_format_link":"post","ocean_gallery_link_images":"off","ocean_gallery_id":[],"footnotes":""},"categories":[40],"tags":[],"class_list":["post-3976","post","type-post","status-publish","format-standard","has-post-thumbnail","hentry","category-uniwersytet","entry","has-media"],"yoast_head":"<!-- This site is optimized with the Yoast SEO Premium plugin v15.2.1 - https:\/\/yoast.com\/wordpress\/plugins\/seo\/ -->\n<title>Uniwersytet Otwarty POKOLENIA: Maja Komorowska inauguruje XXIX semestr - CKiO Podkowa Le\u015bna<\/title>\n<meta name=\"robots\" content=\"index, follow, max-snippet:-1, max-image-preview:large, max-video-preview:-1\" \/>\n<link rel=\"canonical\" href=\"https:\/\/www.ckiopodkowa.pl\/index.php\/2020\/02\/04\/uniwersytet-otwarty-pokolenia-maja-komorowska-inauguruje-xxix-semestr\/\" \/>\n<meta property=\"og:locale\" content=\"pl_PL\" \/>\n<meta property=\"og:type\" content=\"article\" \/>\n<meta property=\"og:title\" content=\"Uniwersytet Otwarty POKOLENIA: Maja Komorowska inauguruje XXIX semestr - CKiO Podkowa Le\u015bna\" \/>\n<meta property=\"og:description\" content=\"12 lutego zapraszamy na wyk\u0142ad inauguruj\u0105cy XXIX semestr zaj\u0119\u0107 na naszym Uniwersytecie. Wybitna aktorka Maja Komorowska o(d)powie o &#8222;Pytaniach, kt\u00f3re nigdy si\u0119 nie ko\u0144cz\u0105&#8221;. Pocz\u0105tek o godz. 11.00 w Pa\u0142acyku Kasyno.\u00a0Pe\u0142ny program semestru dost\u0119pny TU. Maja Komorowska (Maria Tyszkiewicz) ur. 23 grudnia 1937 r. w Warszawie. Aktorka teatralna i filmowa. Profesor Akademii Teatralnej im. Aleksandra [&hellip;]\" \/>\n<meta property=\"og:url\" content=\"https:\/\/www.ckiopodkowa.pl\/index.php\/2020\/02\/04\/uniwersytet-otwarty-pokolenia-maja-komorowska-inauguruje-xxix-semestr\/\" \/>\n<meta property=\"og:site_name\" content=\"CKiO Podkowa Le\u015bna\" \/>\n<meta property=\"article:published_time\" content=\"2020-02-04T16:29:00+00:00\" \/>\n<meta property=\"article:modified_time\" content=\"2021-08-04T15:32:50+00:00\" \/>\n<meta property=\"og:image\" content=\"https:\/\/www.ckiopodkowa.pl\/wp-content\/uploads\/2021\/08\/Inauguracja_Komorowska.jpg\" \/>\n\t<meta property=\"og:image:width\" content=\"678\" \/>\n\t<meta property=\"og:image:height\" content=\"960\" \/>\n<meta name=\"twitter:card\" content=\"summary_large_image\" \/>\n<meta name=\"twitter:label1\" content=\"Napisane przez\">\n\t<meta name=\"twitter:data1\" content=\"CKIO\">\n\t<meta name=\"twitter:label2\" content=\"Szacowany czas czytania\">\n\t<meta name=\"twitter:data2\" content=\"3 minuty\">\n<script type=\"application\/ld+json\" class=\"yoast-schema-graph\">{\"@context\":\"https:\/\/schema.org\",\"@graph\":[{\"@type\":\"WebSite\",\"@id\":\"https:\/\/www.ckiopodkowa.pl\/#website\",\"url\":\"https:\/\/www.ckiopodkowa.pl\/\",\"name\":\"CKiO Podkowa Le\\u015bna\",\"description\":\"\",\"potentialAction\":[{\"@type\":\"SearchAction\",\"target\":\"https:\/\/www.ckiopodkowa.pl\/?s={search_term_string}\",\"query-input\":\"required name=search_term_string\"}],\"inLanguage\":\"pl-PL\"},{\"@type\":\"ImageObject\",\"@id\":\"https:\/\/www.ckiopodkowa.pl\/index.php\/2020\/02\/04\/uniwersytet-otwarty-pokolenia-maja-komorowska-inauguruje-xxix-semestr\/#primaryimage\",\"inLanguage\":\"pl-PL\",\"url\":\"https:\/\/www.ckiopodkowa.pl\/wp-content\/uploads\/2021\/08\/Inauguracja_Komorowska.jpg\",\"width\":678,\"height\":960},{\"@type\":\"WebPage\",\"@id\":\"https:\/\/www.ckiopodkowa.pl\/index.php\/2020\/02\/04\/uniwersytet-otwarty-pokolenia-maja-komorowska-inauguruje-xxix-semestr\/#webpage\",\"url\":\"https:\/\/www.ckiopodkowa.pl\/index.php\/2020\/02\/04\/uniwersytet-otwarty-pokolenia-maja-komorowska-inauguruje-xxix-semestr\/\",\"name\":\"Uniwersytet Otwarty POKOLENIA: Maja Komorowska inauguruje XXIX semestr - CKiO Podkowa Le\\u015bna\",\"isPartOf\":{\"@id\":\"https:\/\/www.ckiopodkowa.pl\/#website\"},\"primaryImageOfPage\":{\"@id\":\"https:\/\/www.ckiopodkowa.pl\/index.php\/2020\/02\/04\/uniwersytet-otwarty-pokolenia-maja-komorowska-inauguruje-xxix-semestr\/#primaryimage\"},\"datePublished\":\"2020-02-04T16:29:00+00:00\",\"dateModified\":\"2021-08-04T15:32:50+00:00\",\"author\":{\"@id\":\"https:\/\/www.ckiopodkowa.pl\/#\/schema\/person\/ae2e2c494af17828954d366c3e3dbdd0\"},\"breadcrumb\":{\"@id\":\"https:\/\/www.ckiopodkowa.pl\/index.php\/2020\/02\/04\/uniwersytet-otwarty-pokolenia-maja-komorowska-inauguruje-xxix-semestr\/#breadcrumb\"},\"inLanguage\":\"pl-PL\",\"potentialAction\":[{\"@type\":\"ReadAction\",\"target\":[\"https:\/\/www.ckiopodkowa.pl\/index.php\/2020\/02\/04\/uniwersytet-otwarty-pokolenia-maja-komorowska-inauguruje-xxix-semestr\/\"]}]},{\"@type\":\"BreadcrumbList\",\"@id\":\"https:\/\/www.ckiopodkowa.pl\/index.php\/2020\/02\/04\/uniwersytet-otwarty-pokolenia-maja-komorowska-inauguruje-xxix-semestr\/#breadcrumb\",\"itemListElement\":[{\"@type\":\"ListItem\",\"position\":1,\"item\":{\"@type\":\"WebPage\",\"@id\":\"https:\/\/www.ckiopodkowa.pl\/\",\"url\":\"https:\/\/www.ckiopodkowa.pl\/\",\"name\":\"Strona g\\u0142\\u00f3wna\"}},{\"@type\":\"ListItem\",\"position\":2,\"item\":{\"@type\":\"WebPage\",\"@id\":\"https:\/\/www.ckiopodkowa.pl\/index.php\/2020\/02\/04\/uniwersytet-otwarty-pokolenia-maja-komorowska-inauguruje-xxix-semestr\/\",\"url\":\"https:\/\/www.ckiopodkowa.pl\/index.php\/2020\/02\/04\/uniwersytet-otwarty-pokolenia-maja-komorowska-inauguruje-xxix-semestr\/\",\"name\":\"Uniwersytet Otwarty POKOLENIA: Maja Komorowska inauguruje XXIX semestr\"}}]},{\"@type\":\"Person\",\"@id\":\"https:\/\/www.ckiopodkowa.pl\/#\/schema\/person\/ae2e2c494af17828954d366c3e3dbdd0\",\"name\":\"CKIO\",\"image\":{\"@type\":\"ImageObject\",\"@id\":\"https:\/\/www.ckiopodkowa.pl\/#personlogo\",\"inLanguage\":\"pl-PL\",\"url\":\"https:\/\/secure.gravatar.com\/avatar\/a0295154b77e2e8f6481678709b2fc75d252a9748bcfdebeb0154a44205e8db3?s=96&d=mm&r=g\",\"caption\":\"CKIO\"},\"sameAs\":[\"http:\/\/nowa.ckiopodkowa.pl\"]}]}<\/script>\n<!-- \/ Yoast SEO Premium plugin. -->","_links":{"self":[{"href":"https:\/\/www.ckiopodkowa.pl\/index.php\/wp-json\/wp\/v2\/posts\/3976","targetHints":{"allow":["GET"]}}],"collection":[{"href":"https:\/\/www.ckiopodkowa.pl\/index.php\/wp-json\/wp\/v2\/posts"}],"about":[{"href":"https:\/\/www.ckiopodkowa.pl\/index.php\/wp-json\/wp\/v2\/types\/post"}],"author":[{"embeddable":true,"href":"https:\/\/www.ckiopodkowa.pl\/index.php\/wp-json\/wp\/v2\/users\/11"}],"replies":[{"embeddable":true,"href":"https:\/\/www.ckiopodkowa.pl\/index.php\/wp-json\/wp\/v2\/comments?post=3976"}],"version-history":[{"count":4,"href":"https:\/\/www.ckiopodkowa.pl\/index.php\/wp-json\/wp\/v2\/posts\/3976\/revisions"}],"predecessor-version":[{"id":3982,"href":"https:\/\/www.ckiopodkowa.pl\/index.php\/wp-json\/wp\/v2\/posts\/3976\/revisions\/3982"}],"wp:featuredmedia":[{"embeddable":true,"href":"https:\/\/www.ckiopodkowa.pl\/index.php\/wp-json\/wp\/v2\/media\/3977"}],"wp:attachment":[{"href":"https:\/\/www.ckiopodkowa.pl\/index.php\/wp-json\/wp\/v2\/media?parent=3976"}],"wp:term":[{"taxonomy":"category","embeddable":true,"href":"https:\/\/www.ckiopodkowa.pl\/index.php\/wp-json\/wp\/v2\/categories?post=3976"},{"taxonomy":"post_tag","embeddable":true,"href":"https:\/\/www.ckiopodkowa.pl\/index.php\/wp-json\/wp\/v2\/tags?post=3976"}],"curies":[{"name":"wp","href":"https:\/\/api.w.org\/{rel}","templated":true}]}}