{"id":17355,"date":"2026-03-05T12:20:20","date_gmt":"2026-03-05T11:20:20","guid":{"rendered":"https:\/\/www.ckiopodkowa.pl\/?p=17355"},"modified":"2026-03-06T12:20:39","modified_gmt":"2026-03-06T11:20:39","slug":"anioly-uprzywilejowanego-swiata-wieczor-autorski-krystyny-wozniak-trzosek","status":"publish","type":"post","link":"https:\/\/www.ckiopodkowa.pl\/index.php\/2026\/03\/05\/anioly-uprzywilejowanego-swiata-wieczor-autorski-krystyny-wozniak-trzosek\/","title":{"rendered":"Anio\u0142y uprzywilejowanego \u015bwiata &#8211; wiecz\u00f3r autorski Krystyny Wo\u017aniak-Trzosek"},"content":{"rendered":"\n<h2 class=\"wp-block-heading\" id=\"h-w-sobot-21-marca-zapraszamy-do-pa-acyku-kasyno-na-wiecz-r-autorski-krystyny-wo-niak-trzosek-i-prezentacj-ksi-ki-anio-y-uprzywilejowanego-wiata-ukazuj-ca-sylwetki-znanych-przedstawicieli-wiata-kultury-sztuki-nauki-biznesu-i-polityki-pocz-tek-o-godz-17-00-wst-p-wolny\">W sobot\u0119 21 marca zapraszamy do Pa\u0142acyku Kasyno na wiecz\u00f3r autorski Krystyny Wo\u017aniak-Trzosek i prezentacj\u0119 ksi\u0105\u017cki &#8222;Anio\u0142y uprzywilejowanego \u015bwiata&#8221; ukazuj\u0105ca sylwetki znanych przedstawicieli \u015bwiata kultury, sztuki, nauki, biznesu i polityki. Pocz\u0105tek o godz. 17.00. Wst\u0119p wolny.<\/h2>\n\n\n\n<p>Ksi\u0105\u017cka zatytu\u0142owana<strong> &#8222;Anio\u0142y uprzywilejowanego \u015bwiata&#8221; <\/strong>ukazuj\u0105ca sylwetki znanych przedstawicieli \u015bwiata kultury, sztuki, nauki, biznesu i polityki ukaza\u0142a si\u0119 niedawno w wydawnictwie Adam Marsza\u0142ek, a jej podtytu\u0142 brzmi &#8222;Niezwyk\u0142e historie o niezwyk\u0142ych ludziach&#8221;.<br>Autorka mia\u0142a szcz\u0119\u015bcie pozna\u0107 swoich bohater\u00f3w osobi\u015bcie, a znale\u017ali si\u0119 w\u015br\u00f3d nich m.in. <strong>W\u0142odek Pawlik, Jerzy Maksymiuk, Maria Wollenberg-Kluzowa, Jerzy Stuhr, prof. Henryk Skarzy\u0144ski, prof. Andrzej Wiszniewski. prof. Wies\u0142aw Nowi\u0144ski, prof. El\u017cbieta M\u0105czy\u0144ska, Pawe\u0142 Krajmas, Ewa Ewart, Andrzej Frajndt i zesp\u00f3\u0142 Partita, Piotr Salaber, Jacek Sykulski, Janusz Steinhoff, prof. Jerzy Buzek, dr n. med. Piotr Wychowa\u0144ski, Ewa Ma\u0144kiewicz -Cudny, prof. Marek Krawczyk.<\/strong><br>O swoich przyja\u017aniach pisze w formie esej\u00f3w lub rozm\u00f3w, nie s\u0105 to tylko suche fakty z Wikipedii.<br>Spotkanie poprowadzi Andrzej Frajndt, przez wiele lat lider popularnego zespo\u0142u Partita, a u\u015bwietni je kr\u00f3tki recital fortepianowy w wykonaniu Piotra Salabera.<br><\/p>\n\n\n\n<p><strong>Krystyna Wo\u017aniak-Trzosek<\/strong> jest dziennikark\u0105, pisark\u0105, eseistk\u0105. Autorka ksi\u0105\u017cek: \u201eMotyl w \u015brodku zimy. W poszukiwaniu niestraconego czasu\u201d, \u201eBia\u0142e i czarne kruki. Eseje o wolno\u015bci, nadziei i metamorfozach polskiej rzeczywisto\u015bci.\u201d W latach 1996 \u2013 2020 wydawczyni i redaktor naczelna angloj\u0119zycznego magazynu ekonomicznego \u201ePolish Market\u201d, promuj\u0105cego na \u015bwiecie polsk\u0105 gospodark\u0119, nauk\u0119 i kultur\u0119. W dow\u00f3d uznania za dzia\u0142alno\u015b\u0107 dziennikarsk\u0105 odznaczona przez prezydenta RP Z\u0142otym Krzy\u017cem Zas\u0142ugi, przez ministra spraw zagranicznych Odznak\u0105 Honorow\u0105 \u201eBene Merito\u201d a przez Stowarzyszenie Polskich Eksporter\u00f3w wielokrotnie medalem \u201ePublicysta Roku\u201d.<br><br>Za wspieranie przedsi\u0119biorczo\u015bci kobiet nagrodzona tytu\u0142em \u201eKobiety Wybitnej\u201d przez Europejskie Forum W\u0142a\u015bcicielek Firm, a przez Regionaln\u0105 Izb\u0119 Gospodarcz\u0105 w Katowicach \u201ePlatynowym Laurem Ambasadora Spraw Polskich\u201d przyznanym za unikatow\u0105 na polskim rynku wydawniczym koncepcj\u0119 promowania Polski zagranic\u0105.<br><br>Od autorki:<br><em>O bohaterach tej ksi\u0105\u017cki: \u201eanio\u0142ach uprzywilejowanego \u015bwiata\u201d, pisa\u0142am z potrzeby serca, bo ich znam, z wieloma si\u0119 zaprzyja\u017ani\u0142am, ale te\u017c z potrzeby przedstawienia ich od strony, jakiej w \u017cadnej Wikipedii nie zobaczymy, \u201enarysowania\u201d ich portret\u00f3w w spos\u00f3b bardziej lub mniej wyra\u017any, ale przede wszystkim prawdziwy.<br>Pisa\u0142am r\u00f3wnie\u017c po to, \u017ceby\u015bmy nigdy nie zapomnieli, \u017ce s\u0105 w\u015br\u00f3d nas anio\u0142y, kt\u00f3rym my wiele zawdzi\u0119czamy, kt\u00f3rym \u015bwiat wiele zawdzi\u0119cza, i \u017ce my te\u017c mo\u017cemy nimi by\u0107, je\u015bli tylko zachcemy podzieli\u0107 si\u0119 z innymi swoj\u0105 wiedz\u0105, talentem, pasj\u0105, tym wszystkim, co naprawd\u0119 potrafimy i pami\u0119ta\u0107 o tych, kt\u00f3rzy nas potrzebuj\u0105.<\/em><\/p>\n","protected":false},"excerpt":{"rendered":"<p>W sobot\u0119 21 marca zapraszamy do Pa\u0142acyku Kasyno na wiecz\u00f3r autorski Krystyny Wo\u017aniak-Trzosek i prezentacj\u0119 ksi\u0105\u017cki &#8222;Anio\u0142y uprzywilejowanego \u015bwiata&#8221; ukazuj\u0105ca sylwetki znanych przedstawicieli \u015bwiata kultury, sztuki, nauki, biznesu i polityki. Pocz\u0105tek o godz. 17.00. Wst\u0119p wolny. Ksi\u0105\u017cka zatytu\u0142owana &#8222;Anio\u0142y uprzywilejowanego \u015bwiata&#8221; ukazuj\u0105ca sylwetki znanych przedstawicieli \u015bwiata kultury, sztuki, nauki, biznesu i polityki ukaza\u0142a si\u0119 niedawno [&hellip;]<\/p>\n","protected":false},"author":3,"featured_media":17357,"comment_status":"closed","ping_status":"closed","sticky":false,"template":"","format":"standard","meta":{"ocean_post_layout":"","ocean_both_sidebars_style":"","ocean_both_sidebars_content_width":0,"ocean_both_sidebars_sidebars_width":0,"ocean_sidebar":"","ocean_second_sidebar":"","ocean_disable_margins":"enable","ocean_add_body_class":"","ocean_shortcode_before_top_bar":"","ocean_shortcode_after_top_bar":"","ocean_shortcode_before_header":"","ocean_shortcode_after_header":"","ocean_has_shortcode":"","ocean_shortcode_after_title":"","ocean_shortcode_before_footer_widgets":"","ocean_shortcode_after_footer_widgets":"","ocean_shortcode_before_footer_bottom":"","ocean_shortcode_after_footer_bottom":"","ocean_display_top_bar":"default","ocean_display_header":"default","ocean_header_style":"","ocean_center_header_left_menu":"","ocean_custom_header_template":"","ocean_custom_logo":0,"ocean_custom_retina_logo":0,"ocean_custom_logo_max_width":0,"ocean_custom_logo_tablet_max_width":0,"ocean_custom_logo_mobile_max_width":0,"ocean_custom_logo_max_height":0,"ocean_custom_logo_tablet_max_height":0,"ocean_custom_logo_mobile_max_height":0,"ocean_header_custom_menu":"","ocean_menu_typo_font_family":"","ocean_menu_typo_font_subset":"","ocean_menu_typo_font_size":0,"ocean_menu_typo_font_size_tablet":0,"ocean_menu_typo_font_size_mobile":0,"ocean_menu_typo_font_size_unit":"px","ocean_menu_typo_font_weight":"","ocean_menu_typo_font_weight_tablet":"","ocean_menu_typo_font_weight_mobile":"","ocean_menu_typo_transform":"","ocean_menu_typo_transform_tablet":"","ocean_menu_typo_transform_mobile":"","ocean_menu_typo_line_height":0,"ocean_menu_typo_line_height_tablet":0,"ocean_menu_typo_line_height_mobile":0,"ocean_menu_typo_line_height_unit":"","ocean_menu_typo_spacing":0,"ocean_menu_typo_spacing_tablet":0,"ocean_menu_typo_spacing_mobile":0,"ocean_menu_typo_spacing_unit":"","ocean_menu_link_color":"","ocean_menu_link_color_hover":"","ocean_menu_link_color_active":"","ocean_menu_link_background":"","ocean_menu_link_hover_background":"","ocean_menu_link_active_background":"","ocean_menu_social_links_bg":"","ocean_menu_social_hover_links_bg":"","ocean_menu_social_links_color":"","ocean_menu_social_hover_links_color":"","ocean_disable_title":"default","ocean_disable_heading":"default","ocean_post_title":"","ocean_post_subheading":"","ocean_post_title_style":"","ocean_post_title_background_color":"","ocean_post_title_background":0,"ocean_post_title_bg_image_position":"","ocean_post_title_bg_image_attachment":"","ocean_post_title_bg_image_repeat":"","ocean_post_title_bg_image_size":"","ocean_post_title_height":0,"ocean_post_title_bg_overlay":0.5,"ocean_post_title_bg_overlay_color":"","ocean_disable_breadcrumbs":"default","ocean_breadcrumbs_color":"","ocean_breadcrumbs_separator_color":"","ocean_breadcrumbs_links_color":"","ocean_breadcrumbs_links_hover_color":"","ocean_display_footer_widgets":"default","ocean_display_footer_bottom":"default","ocean_custom_footer_template":"","ocean_post_oembed":"","ocean_post_self_hosted_media":"","ocean_post_video_embed":"","ocean_link_format":"","ocean_link_format_target":"self","ocean_quote_format":"","ocean_quote_format_link":"post","ocean_gallery_link_images":"on","ocean_gallery_id":[],"footnotes":""},"categories":[26],"tags":[],"class_list":["post-17355","post","type-post","status-publish","format-standard","has-post-thumbnail","hentry","category-aktualnosci","entry","has-media"],"yoast_head":"<!-- This site is optimized with the Yoast SEO Premium plugin v15.2.1 - https:\/\/yoast.com\/wordpress\/plugins\/seo\/ -->\n<title>Anio\u0142y uprzywilejowanego \u015bwiata - wiecz\u00f3r autorski Krystyny Wo\u017aniak-Trzosek - CKiO Podkowa Le\u015bna<\/title>\n<meta name=\"robots\" content=\"index, follow, max-snippet:-1, max-image-preview:large, max-video-preview:-1\" \/>\n<link rel=\"canonical\" href=\"https:\/\/www.ckiopodkowa.pl\/index.php\/2026\/03\/05\/anioly-uprzywilejowanego-swiata-wieczor-autorski-krystyny-wozniak-trzosek\/\" \/>\n<meta property=\"og:locale\" content=\"pl_PL\" \/>\n<meta property=\"og:type\" content=\"article\" \/>\n<meta property=\"og:title\" content=\"Anio\u0142y uprzywilejowanego \u015bwiata - wiecz\u00f3r autorski Krystyny Wo\u017aniak-Trzosek - CKiO Podkowa Le\u015bna\" \/>\n<meta property=\"og:description\" content=\"W sobot\u0119 21 marca zapraszamy do Pa\u0142acyku Kasyno na wiecz\u00f3r autorski Krystyny Wo\u017aniak-Trzosek i prezentacj\u0119 ksi\u0105\u017cki &#8222;Anio\u0142y uprzywilejowanego \u015bwiata&#8221; ukazuj\u0105ca sylwetki znanych przedstawicieli \u015bwiata kultury, sztuki, nauki, biznesu i polityki. Pocz\u0105tek o godz. 17.00. Wst\u0119p wolny. Ksi\u0105\u017cka zatytu\u0142owana &#8222;Anio\u0142y uprzywilejowanego \u015bwiata&#8221; ukazuj\u0105ca sylwetki znanych przedstawicieli \u015bwiata kultury, sztuki, nauki, biznesu i polityki ukaza\u0142a si\u0119 niedawno [&hellip;]\" \/>\n<meta property=\"og:url\" content=\"https:\/\/www.ckiopodkowa.pl\/index.php\/2026\/03\/05\/anioly-uprzywilejowanego-swiata-wieczor-autorski-krystyny-wozniak-trzosek\/\" \/>\n<meta property=\"og:site_name\" content=\"CKiO Podkowa Le\u015bna\" \/>\n<meta property=\"article:published_time\" content=\"2026-03-05T11:20:20+00:00\" \/>\n<meta property=\"article:modified_time\" content=\"2026-03-06T11:20:39+00:00\" \/>\n<meta property=\"og:image\" content=\"https:\/\/www.ckiopodkowa.pl\/wp-content\/uploads\/2026\/03\/Anioly_spotkanie-wutorskie-scaled.jpg\" \/>\n\t<meta property=\"og:image:width\" content=\"1810\" \/>\n\t<meta property=\"og:image:height\" content=\"2560\" \/>\n<meta name=\"twitter:card\" content=\"summary_large_image\" \/>\n<meta name=\"twitter:label1\" content=\"Napisane przez\">\n\t<meta name=\"twitter:data1\" content=\"Micha\u0142 Burszta\">\n\t<meta name=\"twitter:label2\" content=\"Szacowany czas czytania\">\n\t<meta name=\"twitter:data2\" content=\"2 minuty\">\n<script type=\"application\/ld+json\" class=\"yoast-schema-graph\">{\"@context\":\"https:\/\/schema.org\",\"@graph\":[{\"@type\":\"WebSite\",\"@id\":\"https:\/\/www.ckiopodkowa.pl\/#website\",\"url\":\"https:\/\/www.ckiopodkowa.pl\/\",\"name\":\"CKiO Podkowa Le\\u015bna\",\"description\":\"\",\"potentialAction\":[{\"@type\":\"SearchAction\",\"target\":\"https:\/\/www.ckiopodkowa.pl\/?s={search_term_string}\",\"query-input\":\"required name=search_term_string\"}],\"inLanguage\":\"pl-PL\"},{\"@type\":\"ImageObject\",\"@id\":\"https:\/\/www.ckiopodkowa.pl\/index.php\/2026\/03\/05\/anioly-uprzywilejowanego-swiata-wieczor-autorski-krystyny-wozniak-trzosek\/#primaryimage\",\"inLanguage\":\"pl-PL\",\"url\":\"https:\/\/www.ckiopodkowa.pl\/wp-content\/uploads\/2026\/03\/Anioly_spotkanie-wutorskie-scaled.jpg\",\"width\":1810,\"height\":2560},{\"@type\":\"WebPage\",\"@id\":\"https:\/\/www.ckiopodkowa.pl\/index.php\/2026\/03\/05\/anioly-uprzywilejowanego-swiata-wieczor-autorski-krystyny-wozniak-trzosek\/#webpage\",\"url\":\"https:\/\/www.ckiopodkowa.pl\/index.php\/2026\/03\/05\/anioly-uprzywilejowanego-swiata-wieczor-autorski-krystyny-wozniak-trzosek\/\",\"name\":\"Anio\\u0142y uprzywilejowanego \\u015bwiata - wiecz\\u00f3r autorski Krystyny Wo\\u017aniak-Trzosek - CKiO Podkowa Le\\u015bna\",\"isPartOf\":{\"@id\":\"https:\/\/www.ckiopodkowa.pl\/#website\"},\"primaryImageOfPage\":{\"@id\":\"https:\/\/www.ckiopodkowa.pl\/index.php\/2026\/03\/05\/anioly-uprzywilejowanego-swiata-wieczor-autorski-krystyny-wozniak-trzosek\/#primaryimage\"},\"datePublished\":\"2026-03-05T11:20:20+00:00\",\"dateModified\":\"2026-03-06T11:20:39+00:00\",\"author\":{\"@id\":\"https:\/\/www.ckiopodkowa.pl\/#\/schema\/person\/c86f9e496f06965599cdf61c3f0d7353\"},\"breadcrumb\":{\"@id\":\"https:\/\/www.ckiopodkowa.pl\/index.php\/2026\/03\/05\/anioly-uprzywilejowanego-swiata-wieczor-autorski-krystyny-wozniak-trzosek\/#breadcrumb\"},\"inLanguage\":\"pl-PL\",\"potentialAction\":[{\"@type\":\"ReadAction\",\"target\":[\"https:\/\/www.ckiopodkowa.pl\/index.php\/2026\/03\/05\/anioly-uprzywilejowanego-swiata-wieczor-autorski-krystyny-wozniak-trzosek\/\"]}]},{\"@type\":\"BreadcrumbList\",\"@id\":\"https:\/\/www.ckiopodkowa.pl\/index.php\/2026\/03\/05\/anioly-uprzywilejowanego-swiata-wieczor-autorski-krystyny-wozniak-trzosek\/#breadcrumb\",\"itemListElement\":[{\"@type\":\"ListItem\",\"position\":1,\"item\":{\"@type\":\"WebPage\",\"@id\":\"https:\/\/www.ckiopodkowa.pl\/\",\"url\":\"https:\/\/www.ckiopodkowa.pl\/\",\"name\":\"Strona g\\u0142\\u00f3wna\"}},{\"@type\":\"ListItem\",\"position\":2,\"item\":{\"@type\":\"WebPage\",\"@id\":\"https:\/\/www.ckiopodkowa.pl\/index.php\/2026\/03\/05\/anioly-uprzywilejowanego-swiata-wieczor-autorski-krystyny-wozniak-trzosek\/\",\"url\":\"https:\/\/www.ckiopodkowa.pl\/index.php\/2026\/03\/05\/anioly-uprzywilejowanego-swiata-wieczor-autorski-krystyny-wozniak-trzosek\/\",\"name\":\"Anio\\u0142y uprzywilejowanego \\u015bwiata &#8211; wiecz\\u00f3r autorski Krystyny Wo\\u017aniak-Trzosek\"}}]},{\"@type\":\"Person\",\"@id\":\"https:\/\/www.ckiopodkowa.pl\/#\/schema\/person\/c86f9e496f06965599cdf61c3f0d7353\",\"name\":\"Micha\\u0142 Burszta\",\"image\":{\"@type\":\"ImageObject\",\"@id\":\"https:\/\/www.ckiopodkowa.pl\/#personlogo\",\"inLanguage\":\"pl-PL\",\"url\":\"https:\/\/secure.gravatar.com\/avatar\/f1f4d167c304c69158a01101acd802fb2136a0a7ace154aa5a365dff7ecbce61?s=96&d=mm&r=g\",\"caption\":\"Micha\\u0142 Burszta\"}}]}<\/script>\n<!-- \/ Yoast SEO Premium plugin. -->","_links":{"self":[{"href":"https:\/\/www.ckiopodkowa.pl\/index.php\/wp-json\/wp\/v2\/posts\/17355","targetHints":{"allow":["GET"]}}],"collection":[{"href":"https:\/\/www.ckiopodkowa.pl\/index.php\/wp-json\/wp\/v2\/posts"}],"about":[{"href":"https:\/\/www.ckiopodkowa.pl\/index.php\/wp-json\/wp\/v2\/types\/post"}],"author":[{"embeddable":true,"href":"https:\/\/www.ckiopodkowa.pl\/index.php\/wp-json\/wp\/v2\/users\/3"}],"replies":[{"embeddable":true,"href":"https:\/\/www.ckiopodkowa.pl\/index.php\/wp-json\/wp\/v2\/comments?post=17355"}],"version-history":[{"count":1,"href":"https:\/\/www.ckiopodkowa.pl\/index.php\/wp-json\/wp\/v2\/posts\/17355\/revisions"}],"predecessor-version":[{"id":17356,"href":"https:\/\/www.ckiopodkowa.pl\/index.php\/wp-json\/wp\/v2\/posts\/17355\/revisions\/17356"}],"wp:featuredmedia":[{"embeddable":true,"href":"https:\/\/www.ckiopodkowa.pl\/index.php\/wp-json\/wp\/v2\/media\/17357"}],"wp:attachment":[{"href":"https:\/\/www.ckiopodkowa.pl\/index.php\/wp-json\/wp\/v2\/media?parent=17355"}],"wp:term":[{"taxonomy":"category","embeddable":true,"href":"https:\/\/www.ckiopodkowa.pl\/index.php\/wp-json\/wp\/v2\/categories?post=17355"},{"taxonomy":"post_tag","embeddable":true,"href":"https:\/\/www.ckiopodkowa.pl\/index.php\/wp-json\/wp\/v2\/tags?post=17355"}],"curies":[{"name":"wp","href":"https:\/\/api.w.org\/{rel}","templated":true}]}}