{"id":17352,"date":"2026-03-01T11:54:11","date_gmt":"2026-03-01T10:54:11","guid":{"rendered":"https:\/\/www.ckiopodkowa.pl\/?p=17352"},"modified":"2026-03-10T09:11:21","modified_gmt":"2026-03-10T08:11:21","slug":"stacja-palacyk-odcienie-muzyki-harfowej-i-kwartet-smyczkowy","status":"publish","type":"post","link":"https:\/\/www.ckiopodkowa.pl\/index.php\/2026\/03\/01\/stacja-palacyk-odcienie-muzyki-harfowej-i-kwartet-smyczkowy\/","title":{"rendered":"STACJA PA\u0141ACYK: Odcienie muzyki harfowej i kwartet smyczkowy"},"content":{"rendered":"\n<h2 class=\"wp-block-heading\" id=\"h-w-niedziel-8-marca-stacja-pa-acyk-zaprasza-na-koncert-muzyki-harfowej-w-wykonaniu-anastazji-kaliszewskiej-z-towarzyszeniem-kwartetu-smyczkowego-pocz-tek-o-godz-18-00-bilety-w-cenie-30-z-rezerwacje-881-514-014-lub-kontakt-przez-messenger-fb-klubokawiarnia-stacja-pa-acyk\">W niedziel\u0119 8 marca Stacja Pa\u0142acyk zaprasza na koncert muzyki harfowej w wykonaniu Anastazji Kaliszewskiej z towarzyszeniem kwartetu smyczkowego. Pocz\u0105tek o godz. 18.00. Bilety w cenie 30 z\u0142. Rezerwacje: 881 514 014 lub kontakt przez messenger FB: @Klubokawiarnia Stacja Pa\u0142acyk.<\/h2>\n\n\n\n<p id=\"h-w-niedziel-8-marca-stacja-pa-acyk-zaprasza-na-koncert-muzyki-harfowej-w-wykonaniu-anastazji-kaliszewskiej-z-towarzyszeniem-kwartetu-smyczkowego-pocz-tek-o-godz-18-00-bilety-w-cenie-30-z\"><br><strong>Anastazja KALISZEWSKA<\/strong> harfa z towarzyszeniem kwartetu smyczkowego w sk\u0142adzie:<br><strong>Hanna KOWALIK <\/strong>I skrzypce<br><strong>Hanna ZIMAK <\/strong>II skrzypce<br><strong>Jan TABAKIERNIK<\/strong> alt\u00f3wka<br><strong>Jagoda MAZUROWSKA<\/strong> wiolonczela<\/p>\n\n\n\n<p id=\"h-w-niedziel-8-marca-stacja-pa-acyk-zaprasza-na-koncert-muzyki-harfowej-w-wykonaniu-anastazji-kaliszewskiej-z-towarzyszeniem-kwartetu-smyczkowego-pocz-tek-o-godz-18-00-bilety-w-cenie-30-z\">W programie koncertu:<br>Godefroid | Rameau | Scarlatti | Hindemith | Grandjany Rota | Debussy<br><br><strong>Koncert biletowany: 30 z\u0142 od osoby | Rezerwacja bilet\u00f3w: 881 514 014 lub kontakt przez messenger FB: @Klubokawiarnia Stacja Pa\u0142acyk<\/strong><br>Stacja Pa\u0142acyk, Podkowa Le\u015bna, ul. Lilpopa 18<br>Wsp\u00f3\u0142praca: Centrum Kultury i Inicjatyw Obywatelskich w Podkowie Le\u015bnej<\/p>\n\n\n\n<p><\/p>\n","protected":false},"excerpt":{"rendered":"<p>W niedziel\u0119 8 marca Stacja Pa\u0142acyk zaprasza na koncert muzyki harfowej w wykonaniu Anastazji Kaliszewskiej z towarzyszeniem kwartetu smyczkowego. Pocz\u0105tek o godz. 18.00. Bilety w cenie 30 z\u0142. Rezerwacje: 881 514 014 lub kontakt przez messenger FB: @Klubokawiarnia Stacja Pa\u0142acyk. Anastazja KALISZEWSKA harfa z towarzyszeniem kwartetu smyczkowego w sk\u0142adzie:Hanna KOWALIK I skrzypceHanna ZIMAK II skrzypceJan [&hellip;]<\/p>\n","protected":false},"author":3,"featured_media":17354,"comment_status":"closed","ping_status":"closed","sticky":false,"template":"","format":"standard","meta":{"ocean_post_layout":"","ocean_both_sidebars_style":"","ocean_both_sidebars_content_width":0,"ocean_both_sidebars_sidebars_width":0,"ocean_sidebar":"","ocean_second_sidebar":"","ocean_disable_margins":"enable","ocean_add_body_class":"","ocean_shortcode_before_top_bar":"","ocean_shortcode_after_top_bar":"","ocean_shortcode_before_header":"","ocean_shortcode_after_header":"","ocean_has_shortcode":"","ocean_shortcode_after_title":"","ocean_shortcode_before_footer_widgets":"","ocean_shortcode_after_footer_widgets":"","ocean_shortcode_before_footer_bottom":"","ocean_shortcode_after_footer_bottom":"","ocean_display_top_bar":"default","ocean_display_header":"default","ocean_header_style":"","ocean_center_header_left_menu":"","ocean_custom_header_template":"","ocean_custom_logo":0,"ocean_custom_retina_logo":0,"ocean_custom_logo_max_width":0,"ocean_custom_logo_tablet_max_width":0,"ocean_custom_logo_mobile_max_width":0,"ocean_custom_logo_max_height":0,"ocean_custom_logo_tablet_max_height":0,"ocean_custom_logo_mobile_max_height":0,"ocean_header_custom_menu":"","ocean_menu_typo_font_family":"","ocean_menu_typo_font_subset":"","ocean_menu_typo_font_size":0,"ocean_menu_typo_font_size_tablet":0,"ocean_menu_typo_font_size_mobile":0,"ocean_menu_typo_font_size_unit":"px","ocean_menu_typo_font_weight":"","ocean_menu_typo_font_weight_tablet":"","ocean_menu_typo_font_weight_mobile":"","ocean_menu_typo_transform":"","ocean_menu_typo_transform_tablet":"","ocean_menu_typo_transform_mobile":"","ocean_menu_typo_line_height":0,"ocean_menu_typo_line_height_tablet":0,"ocean_menu_typo_line_height_mobile":0,"ocean_menu_typo_line_height_unit":"","ocean_menu_typo_spacing":0,"ocean_menu_typo_spacing_tablet":0,"ocean_menu_typo_spacing_mobile":0,"ocean_menu_typo_spacing_unit":"","ocean_menu_link_color":"","ocean_menu_link_color_hover":"","ocean_menu_link_color_active":"","ocean_menu_link_background":"","ocean_menu_link_hover_background":"","ocean_menu_link_active_background":"","ocean_menu_social_links_bg":"","ocean_menu_social_hover_links_bg":"","ocean_menu_social_links_color":"","ocean_menu_social_hover_links_color":"","ocean_disable_title":"default","ocean_disable_heading":"default","ocean_post_title":"","ocean_post_subheading":"","ocean_post_title_style":"","ocean_post_title_background_color":"","ocean_post_title_background":0,"ocean_post_title_bg_image_position":"","ocean_post_title_bg_image_attachment":"","ocean_post_title_bg_image_repeat":"","ocean_post_title_bg_image_size":"","ocean_post_title_height":0,"ocean_post_title_bg_overlay":0.5,"ocean_post_title_bg_overlay_color":"","ocean_disable_breadcrumbs":"default","ocean_breadcrumbs_color":"","ocean_breadcrumbs_separator_color":"","ocean_breadcrumbs_links_color":"","ocean_breadcrumbs_links_hover_color":"","ocean_display_footer_widgets":"default","ocean_display_footer_bottom":"default","ocean_custom_footer_template":"","ocean_post_oembed":"","ocean_post_self_hosted_media":"","ocean_post_video_embed":"","ocean_link_format":"","ocean_link_format_target":"self","ocean_quote_format":"","ocean_quote_format_link":"post","ocean_gallery_link_images":"on","ocean_gallery_id":[],"footnotes":""},"categories":[26,17],"tags":[],"class_list":["post-17352","post","type-post","status-publish","format-standard","has-post-thumbnail","hentry","category-aktualnosci","category-koncerty","entry","has-media"],"yoast_head":"<!-- This site is optimized with the Yoast SEO Premium plugin v15.2.1 - https:\/\/yoast.com\/wordpress\/plugins\/seo\/ -->\n<title>STACJA PA\u0141ACYK: Odcienie muzyki harfowej i kwartet smyczkowy - CKiO Podkowa Le\u015bna<\/title>\n<meta name=\"robots\" content=\"index, follow, max-snippet:-1, max-image-preview:large, max-video-preview:-1\" \/>\n<link rel=\"canonical\" href=\"https:\/\/www.ckiopodkowa.pl\/index.php\/2026\/03\/01\/stacja-palacyk-odcienie-muzyki-harfowej-i-kwartet-smyczkowy\/\" \/>\n<meta property=\"og:locale\" content=\"pl_PL\" \/>\n<meta property=\"og:type\" content=\"article\" \/>\n<meta property=\"og:title\" content=\"STACJA PA\u0141ACYK: Odcienie muzyki harfowej i kwartet smyczkowy - CKiO Podkowa Le\u015bna\" \/>\n<meta property=\"og:description\" content=\"W niedziel\u0119 8 marca Stacja Pa\u0142acyk zaprasza na koncert muzyki harfowej w wykonaniu Anastazji Kaliszewskiej z towarzyszeniem kwartetu smyczkowego. Pocz\u0105tek o godz. 18.00. Bilety w cenie 30 z\u0142. Rezerwacje: 881 514 014 lub kontakt przez messenger FB: @Klubokawiarnia Stacja Pa\u0142acyk. Anastazja KALISZEWSKA harfa z towarzyszeniem kwartetu smyczkowego w sk\u0142adzie:Hanna KOWALIK I skrzypceHanna ZIMAK II skrzypceJan [&hellip;]\" \/>\n<meta property=\"og:url\" content=\"https:\/\/www.ckiopodkowa.pl\/index.php\/2026\/03\/01\/stacja-palacyk-odcienie-muzyki-harfowej-i-kwartet-smyczkowy\/\" \/>\n<meta property=\"og:site_name\" content=\"CKiO Podkowa Le\u015bna\" \/>\n<meta property=\"article:published_time\" content=\"2026-03-01T10:54:11+00:00\" \/>\n<meta property=\"article:modified_time\" content=\"2026-03-10T08:11:21+00:00\" \/>\n<meta property=\"og:image\" content=\"https:\/\/www.ckiopodkowa.pl\/wp-content\/uploads\/2026\/03\/ODCIENIE-MUZYKI-HARFOWEJ-plakat-scaled.jpg\" \/>\n\t<meta property=\"og:image:width\" content=\"1806\" \/>\n\t<meta property=\"og:image:height\" content=\"2560\" \/>\n<meta name=\"twitter:card\" content=\"summary_large_image\" \/>\n<meta name=\"twitter:label1\" content=\"Napisane przez\">\n\t<meta name=\"twitter:data1\" content=\"Micha\u0142 Burszta\">\n\t<meta name=\"twitter:label2\" content=\"Szacowany czas czytania\">\n\t<meta name=\"twitter:data2\" content=\"0 minut\">\n<script type=\"application\/ld+json\" class=\"yoast-schema-graph\">{\"@context\":\"https:\/\/schema.org\",\"@graph\":[{\"@type\":\"WebSite\",\"@id\":\"https:\/\/www.ckiopodkowa.pl\/#website\",\"url\":\"https:\/\/www.ckiopodkowa.pl\/\",\"name\":\"CKiO Podkowa Le\\u015bna\",\"description\":\"\",\"potentialAction\":[{\"@type\":\"SearchAction\",\"target\":\"https:\/\/www.ckiopodkowa.pl\/?s={search_term_string}\",\"query-input\":\"required name=search_term_string\"}],\"inLanguage\":\"pl-PL\"},{\"@type\":\"ImageObject\",\"@id\":\"https:\/\/www.ckiopodkowa.pl\/index.php\/2026\/03\/01\/stacja-palacyk-odcienie-muzyki-harfowej-i-kwartet-smyczkowy\/#primaryimage\",\"inLanguage\":\"pl-PL\",\"url\":\"https:\/\/www.ckiopodkowa.pl\/wp-content\/uploads\/2026\/03\/ODCIENIE-MUZYKI-HARFOWEJ-plakat-scaled.jpg\",\"width\":1806,\"height\":2560},{\"@type\":\"WebPage\",\"@id\":\"https:\/\/www.ckiopodkowa.pl\/index.php\/2026\/03\/01\/stacja-palacyk-odcienie-muzyki-harfowej-i-kwartet-smyczkowy\/#webpage\",\"url\":\"https:\/\/www.ckiopodkowa.pl\/index.php\/2026\/03\/01\/stacja-palacyk-odcienie-muzyki-harfowej-i-kwartet-smyczkowy\/\",\"name\":\"STACJA PA\\u0141ACYK: Odcienie muzyki harfowej i kwartet smyczkowy - CKiO Podkowa Le\\u015bna\",\"isPartOf\":{\"@id\":\"https:\/\/www.ckiopodkowa.pl\/#website\"},\"primaryImageOfPage\":{\"@id\":\"https:\/\/www.ckiopodkowa.pl\/index.php\/2026\/03\/01\/stacja-palacyk-odcienie-muzyki-harfowej-i-kwartet-smyczkowy\/#primaryimage\"},\"datePublished\":\"2026-03-01T10:54:11+00:00\",\"dateModified\":\"2026-03-10T08:11:21+00:00\",\"author\":{\"@id\":\"https:\/\/www.ckiopodkowa.pl\/#\/schema\/person\/c86f9e496f06965599cdf61c3f0d7353\"},\"breadcrumb\":{\"@id\":\"https:\/\/www.ckiopodkowa.pl\/index.php\/2026\/03\/01\/stacja-palacyk-odcienie-muzyki-harfowej-i-kwartet-smyczkowy\/#breadcrumb\"},\"inLanguage\":\"pl-PL\",\"potentialAction\":[{\"@type\":\"ReadAction\",\"target\":[\"https:\/\/www.ckiopodkowa.pl\/index.php\/2026\/03\/01\/stacja-palacyk-odcienie-muzyki-harfowej-i-kwartet-smyczkowy\/\"]}]},{\"@type\":\"BreadcrumbList\",\"@id\":\"https:\/\/www.ckiopodkowa.pl\/index.php\/2026\/03\/01\/stacja-palacyk-odcienie-muzyki-harfowej-i-kwartet-smyczkowy\/#breadcrumb\",\"itemListElement\":[{\"@type\":\"ListItem\",\"position\":1,\"item\":{\"@type\":\"WebPage\",\"@id\":\"https:\/\/www.ckiopodkowa.pl\/\",\"url\":\"https:\/\/www.ckiopodkowa.pl\/\",\"name\":\"Strona g\\u0142\\u00f3wna\"}},{\"@type\":\"ListItem\",\"position\":2,\"item\":{\"@type\":\"WebPage\",\"@id\":\"https:\/\/www.ckiopodkowa.pl\/index.php\/2026\/03\/01\/stacja-palacyk-odcienie-muzyki-harfowej-i-kwartet-smyczkowy\/\",\"url\":\"https:\/\/www.ckiopodkowa.pl\/index.php\/2026\/03\/01\/stacja-palacyk-odcienie-muzyki-harfowej-i-kwartet-smyczkowy\/\",\"name\":\"STACJA PA\\u0141ACYK: Odcienie muzyki harfowej i kwartet smyczkowy\"}}]},{\"@type\":\"Person\",\"@id\":\"https:\/\/www.ckiopodkowa.pl\/#\/schema\/person\/c86f9e496f06965599cdf61c3f0d7353\",\"name\":\"Micha\\u0142 Burszta\",\"image\":{\"@type\":\"ImageObject\",\"@id\":\"https:\/\/www.ckiopodkowa.pl\/#personlogo\",\"inLanguage\":\"pl-PL\",\"url\":\"https:\/\/secure.gravatar.com\/avatar\/f1f4d167c304c69158a01101acd802fb2136a0a7ace154aa5a365dff7ecbce61?s=96&d=mm&r=g\",\"caption\":\"Micha\\u0142 Burszta\"}}]}<\/script>\n<!-- \/ Yoast SEO Premium plugin. -->","_links":{"self":[{"href":"https:\/\/www.ckiopodkowa.pl\/index.php\/wp-json\/wp\/v2\/posts\/17352","targetHints":{"allow":["GET"]}}],"collection":[{"href":"https:\/\/www.ckiopodkowa.pl\/index.php\/wp-json\/wp\/v2\/posts"}],"about":[{"href":"https:\/\/www.ckiopodkowa.pl\/index.php\/wp-json\/wp\/v2\/types\/post"}],"author":[{"embeddable":true,"href":"https:\/\/www.ckiopodkowa.pl\/index.php\/wp-json\/wp\/v2\/users\/3"}],"replies":[{"embeddable":true,"href":"https:\/\/www.ckiopodkowa.pl\/index.php\/wp-json\/wp\/v2\/comments?post=17352"}],"version-history":[{"count":1,"href":"https:\/\/www.ckiopodkowa.pl\/index.php\/wp-json\/wp\/v2\/posts\/17352\/revisions"}],"predecessor-version":[{"id":17353,"href":"https:\/\/www.ckiopodkowa.pl\/index.php\/wp-json\/wp\/v2\/posts\/17352\/revisions\/17353"}],"wp:featuredmedia":[{"embeddable":true,"href":"https:\/\/www.ckiopodkowa.pl\/index.php\/wp-json\/wp\/v2\/media\/17354"}],"wp:attachment":[{"href":"https:\/\/www.ckiopodkowa.pl\/index.php\/wp-json\/wp\/v2\/media?parent=17352"}],"wp:term":[{"taxonomy":"category","embeddable":true,"href":"https:\/\/www.ckiopodkowa.pl\/index.php\/wp-json\/wp\/v2\/categories?post=17352"},{"taxonomy":"post_tag","embeddable":true,"href":"https:\/\/www.ckiopodkowa.pl\/index.php\/wp-json\/wp\/v2\/tags?post=17352"}],"curies":[{"name":"wp","href":"https:\/\/api.w.org\/{rel}","templated":true}]}}