{"id":17160,"date":"2026-01-19T18:07:10","date_gmt":"2026-01-19T17:07:10","guid":{"rendered":"https:\/\/www.ckiopodkowa.pl\/?p=17160"},"modified":"2026-02-17T16:09:10","modified_gmt":"2026-02-17T15:09:10","slug":"warsztaty-komiksu-dla-dzieci-w-wieku-10-13-lat","status":"publish","type":"post","link":"https:\/\/www.ckiopodkowa.pl\/index.php\/2026\/01\/19\/warsztaty-komiksu-dla-dzieci-w-wieku-10-13-lat\/","title":{"rendered":"WARSZTATY KOMIKSU dla dzieci w wieku 10-13 lat."},"content":{"rendered":"\t\t<div data-elementor-type=\"wp-post\" data-elementor-id=\"17160\" class=\"elementor elementor-17160\" data-elementor-post-type=\"post\">\n\t\t\t\t\t\t<section class=\"elementor-section elementor-top-section elementor-element elementor-element-75e456e elementor-section-boxed elementor-section-height-default elementor-section-height-default\" data-id=\"75e456e\" data-element_type=\"section\">\n\t\t\t\t\t\t<div class=\"elementor-container elementor-column-gap-default\">\n\t\t\t\t\t<div class=\"elementor-column elementor-col-100 elementor-top-column elementor-element elementor-element-0a50ef7\" data-id=\"0a50ef7\" data-element_type=\"column\">\n\t\t\t<div class=\"elementor-widget-wrap elementor-element-populated\">\n\t\t\t\t\t\t<div class=\"elementor-element elementor-element-3418c58 elementor-widget elementor-widget-heading\" data-id=\"3418c58\" data-element_type=\"widget\" data-widget_type=\"heading.default\">\n\t\t\t\t<div class=\"elementor-widget-container\">\n\t\t\t\t\t<h2 class=\"elementor-heading-title elementor-size-default\">WARSZTATY KOMIKSU dla dzieci w wieku 10-13 lat. Serdecznie zapraszamy na pierwsze zaj\u0119cia 03.03.2026 r. (wtorek) o godz. 16:30-18:00, ul. \u015awierkowa 1. <\/h2>\t\t\t\t<\/div>\n\t\t\t\t<\/div>\n\t\t\t\t\t<\/div>\n\t\t<\/div>\n\t\t\t\t\t<\/div>\n\t\t<\/section>\n\t\t\t\t<section class=\"elementor-section elementor-top-section elementor-element elementor-element-79011a7 elementor-section-boxed elementor-section-height-default elementor-section-height-default\" data-id=\"79011a7\" data-element_type=\"section\">\n\t\t\t\t\t\t<div class=\"elementor-container elementor-column-gap-default\">\n\t\t\t\t\t<div class=\"elementor-column elementor-col-100 elementor-top-column elementor-element elementor-element-f7d5f3c\" data-id=\"f7d5f3c\" data-element_type=\"column\">\n\t\t\t<div class=\"elementor-widget-wrap elementor-element-populated\">\n\t\t\t\t\t\t<div class=\"elementor-element elementor-element-663b9f6 elementor-widget elementor-widget-text-editor\" data-id=\"663b9f6\" data-element_type=\"widget\" data-widget_type=\"text-editor.default\">\n\t\t\t\t<div class=\"elementor-widget-container\">\n\t\t\t\t\t\t\t\t\t<p>Wsp\u00f3lnie zg\u0142\u0119bimy komiksowy \u015bwiat i b\u0119dziemy mu si\u0119 przygl\u0105da\u0107 z r\u00f3\u017cnych perspektyw, od wymy\u015blania historii, postaci i element\u00f3w \u015bwiata przedstawionego po uk\u0142adanie scen i pisanie dialog\u00f3w. Zaj\u0119cia b\u0119d\u0105 mia\u0142y form\u0119 zaj\u0119\u0107 plastycznych w nawi\u0105zaniu do wybranego, wiod\u0105cego tematu i inspiracji ze \u015bwiata kultury. Na przestrzeni semestru b\u0119dziemy rozwija\u0107 umiej\u0119tno\u015bci od kr\u00f3tkich form komiksowych po finalny projekt obejmuj\u0105cy ostatnie dwa miesi\u0105ce zaj\u0119\u0107. Stw\u00f3rzmy razem ma\u0142e \u015bwiaty.<\/p><p>Instruktor: **Monika Staszewska** &#8211; od 10 lat pracuje jako grafik komputerowy. G\u0142\u00f3wnie zajmuje si\u0119 projektowaniem postaci i \u015bwiata do gier oraz ksi\u0105\u017cek dla dzieci, ale tak\u017ce na tworzeniu pojedynczych ilustracji czy identyfikacji wizualnych. Maa do\u015bwiadczenie w pracy z dzie\u0107mi na zaj\u0119ciach pozalekcyjnych w szko\u0142ach i na zaj\u0119ciach indywidualnych. Pasjonuje j\u0105 \u015bwiat komiksu i kreowanie nowych \u015bwiat\u00f3w.<\/p><p>Zapisy: <a href=\"https:\/\/www.strefazajec.pl\/course\/view\/id\/84200\">https:\/\/www.strefazajec.pl\/course\/view\/id\/84200<\/a><\/p><p>Termin: wtorek, godz. 16:30-18:00<br \/>Miejsce: CKiIO Podkowa Le\u015bna, ul. \u015awierkowa 1<br \/>Op\u0142ata: 50 z\u0142\/jedne zaj\u0119cia lub 45 z\u0142\/jedne zaj\u0119cia z Podkowia\u0144sk\u0105 Kart\u0105 Mieszka\u0144ca<br \/>190 z\u0142\/miesi\u0105c lub 170 z\u0142\/miesi\u0105cz Podkowia\u0144sk\u0105 Kart\u0105 Mieszka\u0144ca<br \/>*p\u0142atno\u015b\u0107 na konto CKiIO (59 1240 6348 1111 0011 0207 3981) (tytu\u0142 przelewu: komiks\/miesi\u0105c\/imi\u0119 i nazwisko uczestnika)<\/p><p>**UWAGA! Dzieci przynosz\u0105 w\u0142asne o\u0142\u00f3wki, kredki, flamastry, pisaki, markery, no\u017cyczki.**<\/p>\t\t\t\t\t\t\t\t<\/div>\n\t\t\t\t<\/div>\n\t\t\t\t\t<\/div>\n\t\t<\/div>\n\t\t\t\t\t<\/div>\n\t\t<\/section>\n\t\t\t\t<\/div>\n\t\t","protected":false},"excerpt":{"rendered":"<p>WARSZTATY KOMIKSU dla dzieci w wieku 10-13 lat. Serdecznie zapraszamy na pierwsze zaj\u0119cia 03.03.2026 r. (wtorek) o godz. 16:30-18:00, ul. \u015awierkowa 1. Wsp\u00f3lnie zg\u0142\u0119bimy komiksowy \u015bwiat i b\u0119dziemy mu si\u0119 przygl\u0105da\u0107 z r\u00f3\u017cnych perspektyw, od wymy\u015blania historii, postaci i element\u00f3w \u015bwiata przedstawionego po uk\u0142adanie scen i pisanie dialog\u00f3w. Zaj\u0119cia b\u0119d\u0105 mia\u0142y form\u0119 zaj\u0119\u0107 plastycznych w [&hellip;]<\/p>\n","protected":false},"author":10,"featured_media":17292,"comment_status":"closed","ping_status":"closed","sticky":false,"template":"","format":"standard","meta":{"ocean_post_layout":"","ocean_both_sidebars_style":"","ocean_both_sidebars_content_width":0,"ocean_both_sidebars_sidebars_width":0,"ocean_sidebar":"","ocean_second_sidebar":"","ocean_disable_margins":"enable","ocean_add_body_class":"","ocean_shortcode_before_top_bar":"","ocean_shortcode_after_top_bar":"","ocean_shortcode_before_header":"","ocean_shortcode_after_header":"","ocean_has_shortcode":"","ocean_shortcode_after_title":"","ocean_shortcode_before_footer_widgets":"","ocean_shortcode_after_footer_widgets":"","ocean_shortcode_before_footer_bottom":"","ocean_shortcode_after_footer_bottom":"","ocean_display_top_bar":"default","ocean_display_header":"default","ocean_header_style":"","ocean_center_header_left_menu":"","ocean_custom_header_template":"","ocean_custom_logo":0,"ocean_custom_retina_logo":0,"ocean_custom_logo_max_width":0,"ocean_custom_logo_tablet_max_width":0,"ocean_custom_logo_mobile_max_width":0,"ocean_custom_logo_max_height":0,"ocean_custom_logo_tablet_max_height":0,"ocean_custom_logo_mobile_max_height":0,"ocean_header_custom_menu":"","ocean_menu_typo_font_family":"","ocean_menu_typo_font_subset":"","ocean_menu_typo_font_size":0,"ocean_menu_typo_font_size_tablet":0,"ocean_menu_typo_font_size_mobile":0,"ocean_menu_typo_font_size_unit":"px","ocean_menu_typo_font_weight":"","ocean_menu_typo_font_weight_tablet":"","ocean_menu_typo_font_weight_mobile":"","ocean_menu_typo_transform":"","ocean_menu_typo_transform_tablet":"","ocean_menu_typo_transform_mobile":"","ocean_menu_typo_line_height":0,"ocean_menu_typo_line_height_tablet":0,"ocean_menu_typo_line_height_mobile":0,"ocean_menu_typo_line_height_unit":"","ocean_menu_typo_spacing":0,"ocean_menu_typo_spacing_tablet":0,"ocean_menu_typo_spacing_mobile":0,"ocean_menu_typo_spacing_unit":"","ocean_menu_link_color":"","ocean_menu_link_color_hover":"","ocean_menu_link_color_active":"","ocean_menu_link_background":"","ocean_menu_link_hover_background":"","ocean_menu_link_active_background":"","ocean_menu_social_links_bg":"","ocean_menu_social_hover_links_bg":"","ocean_menu_social_links_color":"","ocean_menu_social_hover_links_color":"","ocean_disable_title":"default","ocean_disable_heading":"default","ocean_post_title":"","ocean_post_subheading":"","ocean_post_title_style":"","ocean_post_title_background_color":"","ocean_post_title_background":0,"ocean_post_title_bg_image_position":"","ocean_post_title_bg_image_attachment":"","ocean_post_title_bg_image_repeat":"","ocean_post_title_bg_image_size":"","ocean_post_title_height":0,"ocean_post_title_bg_overlay":0.5,"ocean_post_title_bg_overlay_color":"","ocean_disable_breadcrumbs":"default","ocean_breadcrumbs_color":"","ocean_breadcrumbs_separator_color":"","ocean_breadcrumbs_links_color":"","ocean_breadcrumbs_links_hover_color":"","ocean_display_footer_widgets":"default","ocean_display_footer_bottom":"default","ocean_custom_footer_template":"","ocean_post_oembed":"","ocean_post_self_hosted_media":"","ocean_post_video_embed":"","ocean_link_format":"","ocean_link_format_target":"self","ocean_quote_format":"","ocean_quote_format_link":"post","ocean_gallery_link_images":"on","ocean_gallery_id":[],"footnotes":""},"categories":[26,28],"tags":[38,848,37,74,75],"class_list":["post-17160","post","type-post","status-publish","format-standard","has-post-thumbnail","hentry","category-aktualnosci","category-warsztaty","tag-centrum-kultury-i-inicjatyw-obywatelskich-w-podkowie-lesnej","tag-komiks","tag-podkowa-lesna","tag-swierkowa-1","tag-warsztaty","entry","has-media"],"yoast_head":"<!-- This site is optimized with the Yoast SEO Premium plugin v15.2.1 - https:\/\/yoast.com\/wordpress\/plugins\/seo\/ -->\n<title>WARSZTATY KOMIKSU dla dzieci w wieku 10-13 lat. - CKiO Podkowa Le\u015bna<\/title>\n<meta name=\"robots\" content=\"index, follow, max-snippet:-1, max-image-preview:large, max-video-preview:-1\" \/>\n<link rel=\"canonical\" href=\"https:\/\/www.ckiopodkowa.pl\/index.php\/2026\/01\/19\/warsztaty-komiksu-dla-dzieci-w-wieku-10-13-lat\/\" \/>\n<meta property=\"og:locale\" content=\"pl_PL\" \/>\n<meta property=\"og:type\" content=\"article\" \/>\n<meta property=\"og:title\" content=\"WARSZTATY KOMIKSU dla dzieci w wieku 10-13 lat. - CKiO Podkowa Le\u015bna\" \/>\n<meta property=\"og:description\" content=\"WARSZTATY KOMIKSU dla dzieci w wieku 10-13 lat. Serdecznie zapraszamy na pierwsze zaj\u0119cia 03.03.2026 r. (wtorek) o godz. 16:30-18:00, ul. \u015awierkowa 1. Wsp\u00f3lnie zg\u0142\u0119bimy komiksowy \u015bwiat i b\u0119dziemy mu si\u0119 przygl\u0105da\u0107 z r\u00f3\u017cnych perspektyw, od wymy\u015blania historii, postaci i element\u00f3w \u015bwiata przedstawionego po uk\u0142adanie scen i pisanie dialog\u00f3w. Zaj\u0119cia b\u0119d\u0105 mia\u0142y form\u0119 zaj\u0119\u0107 plastycznych w [&hellip;]\" \/>\n<meta property=\"og:url\" content=\"https:\/\/www.ckiopodkowa.pl\/index.php\/2026\/01\/19\/warsztaty-komiksu-dla-dzieci-w-wieku-10-13-lat\/\" \/>\n<meta property=\"og:site_name\" content=\"CKiO Podkowa Le\u015bna\" \/>\n<meta property=\"article:published_time\" content=\"2026-01-19T17:07:10+00:00\" \/>\n<meta property=\"article:modified_time\" content=\"2026-02-17T15:09:10+00:00\" \/>\n<meta property=\"og:image\" content=\"https:\/\/www.ckiopodkowa.pl\/wp-content\/uploads\/2026\/01\/warsztaty1-scaled.png\" \/>\n\t<meta property=\"og:image:width\" content=\"1810\" \/>\n\t<meta property=\"og:image:height\" content=\"2560\" \/>\n<meta name=\"twitter:card\" content=\"summary_large_image\" \/>\n<meta name=\"twitter:label1\" content=\"Napisane przez\">\n\t<meta name=\"twitter:data1\" content=\"Paulina Soczewka\">\n\t<meta name=\"twitter:label2\" content=\"Szacowany czas czytania\">\n\t<meta name=\"twitter:data2\" content=\"1 minuta\">\n<script type=\"application\/ld+json\" class=\"yoast-schema-graph\">{\"@context\":\"https:\/\/schema.org\",\"@graph\":[{\"@type\":\"WebSite\",\"@id\":\"https:\/\/www.ckiopodkowa.pl\/#website\",\"url\":\"https:\/\/www.ckiopodkowa.pl\/\",\"name\":\"CKiO Podkowa Le\\u015bna\",\"description\":\"\",\"potentialAction\":[{\"@type\":\"SearchAction\",\"target\":\"https:\/\/www.ckiopodkowa.pl\/?s={search_term_string}\",\"query-input\":\"required name=search_term_string\"}],\"inLanguage\":\"pl-PL\"},{\"@type\":\"ImageObject\",\"@id\":\"https:\/\/www.ckiopodkowa.pl\/index.php\/2026\/01\/19\/warsztaty-komiksu-dla-dzieci-w-wieku-10-13-lat\/#primaryimage\",\"inLanguage\":\"pl-PL\",\"url\":\"https:\/\/www.ckiopodkowa.pl\/wp-content\/uploads\/2026\/01\/warsztaty1-scaled.png\",\"width\":1810,\"height\":2560},{\"@type\":\"WebPage\",\"@id\":\"https:\/\/www.ckiopodkowa.pl\/index.php\/2026\/01\/19\/warsztaty-komiksu-dla-dzieci-w-wieku-10-13-lat\/#webpage\",\"url\":\"https:\/\/www.ckiopodkowa.pl\/index.php\/2026\/01\/19\/warsztaty-komiksu-dla-dzieci-w-wieku-10-13-lat\/\",\"name\":\"WARSZTATY KOMIKSU dla dzieci w wieku 10-13 lat. - CKiO Podkowa Le\\u015bna\",\"isPartOf\":{\"@id\":\"https:\/\/www.ckiopodkowa.pl\/#website\"},\"primaryImageOfPage\":{\"@id\":\"https:\/\/www.ckiopodkowa.pl\/index.php\/2026\/01\/19\/warsztaty-komiksu-dla-dzieci-w-wieku-10-13-lat\/#primaryimage\"},\"datePublished\":\"2026-01-19T17:07:10+00:00\",\"dateModified\":\"2026-02-17T15:09:10+00:00\",\"author\":{\"@id\":\"https:\/\/www.ckiopodkowa.pl\/#\/schema\/person\/fe8183879faf2a5171bab7e34189804e\"},\"breadcrumb\":{\"@id\":\"https:\/\/www.ckiopodkowa.pl\/index.php\/2026\/01\/19\/warsztaty-komiksu-dla-dzieci-w-wieku-10-13-lat\/#breadcrumb\"},\"inLanguage\":\"pl-PL\",\"potentialAction\":[{\"@type\":\"ReadAction\",\"target\":[\"https:\/\/www.ckiopodkowa.pl\/index.php\/2026\/01\/19\/warsztaty-komiksu-dla-dzieci-w-wieku-10-13-lat\/\"]}]},{\"@type\":\"BreadcrumbList\",\"@id\":\"https:\/\/www.ckiopodkowa.pl\/index.php\/2026\/01\/19\/warsztaty-komiksu-dla-dzieci-w-wieku-10-13-lat\/#breadcrumb\",\"itemListElement\":[{\"@type\":\"ListItem\",\"position\":1,\"item\":{\"@type\":\"WebPage\",\"@id\":\"https:\/\/www.ckiopodkowa.pl\/\",\"url\":\"https:\/\/www.ckiopodkowa.pl\/\",\"name\":\"Strona g\\u0142\\u00f3wna\"}},{\"@type\":\"ListItem\",\"position\":2,\"item\":{\"@type\":\"WebPage\",\"@id\":\"https:\/\/www.ckiopodkowa.pl\/index.php\/2026\/01\/19\/warsztaty-komiksu-dla-dzieci-w-wieku-10-13-lat\/\",\"url\":\"https:\/\/www.ckiopodkowa.pl\/index.php\/2026\/01\/19\/warsztaty-komiksu-dla-dzieci-w-wieku-10-13-lat\/\",\"name\":\"WARSZTATY KOMIKSU dla dzieci w wieku 10-13 lat.\"}}]},{\"@type\":\"Person\",\"@id\":\"https:\/\/www.ckiopodkowa.pl\/#\/schema\/person\/fe8183879faf2a5171bab7e34189804e\",\"name\":\"Paulina Soczewka\",\"image\":{\"@type\":\"ImageObject\",\"@id\":\"https:\/\/www.ckiopodkowa.pl\/#personlogo\",\"inLanguage\":\"pl-PL\",\"url\":\"https:\/\/secure.gravatar.com\/avatar\/06768c0942b0d44629c19894f46ebfbeecb968e3d2029a19581a606d7c1453bb?s=96&d=mm&r=g\",\"caption\":\"Paulina Soczewka\"}}]}<\/script>\n<!-- \/ Yoast SEO Premium plugin. -->","_links":{"self":[{"href":"https:\/\/www.ckiopodkowa.pl\/index.php\/wp-json\/wp\/v2\/posts\/17160","targetHints":{"allow":["GET"]}}],"collection":[{"href":"https:\/\/www.ckiopodkowa.pl\/index.php\/wp-json\/wp\/v2\/posts"}],"about":[{"href":"https:\/\/www.ckiopodkowa.pl\/index.php\/wp-json\/wp\/v2\/types\/post"}],"author":[{"embeddable":true,"href":"https:\/\/www.ckiopodkowa.pl\/index.php\/wp-json\/wp\/v2\/users\/10"}],"replies":[{"embeddable":true,"href":"https:\/\/www.ckiopodkowa.pl\/index.php\/wp-json\/wp\/v2\/comments?post=17160"}],"version-history":[{"count":10,"href":"https:\/\/www.ckiopodkowa.pl\/index.php\/wp-json\/wp\/v2\/posts\/17160\/revisions"}],"predecessor-version":[{"id":17295,"href":"https:\/\/www.ckiopodkowa.pl\/index.php\/wp-json\/wp\/v2\/posts\/17160\/revisions\/17295"}],"wp:featuredmedia":[{"embeddable":true,"href":"https:\/\/www.ckiopodkowa.pl\/index.php\/wp-json\/wp\/v2\/media\/17292"}],"wp:attachment":[{"href":"https:\/\/www.ckiopodkowa.pl\/index.php\/wp-json\/wp\/v2\/media?parent=17160"}],"wp:term":[{"taxonomy":"category","embeddable":true,"href":"https:\/\/www.ckiopodkowa.pl\/index.php\/wp-json\/wp\/v2\/categories?post=17160"},{"taxonomy":"post_tag","embeddable":true,"href":"https:\/\/www.ckiopodkowa.pl\/index.php\/wp-json\/wp\/v2\/tags?post=17160"}],"curies":[{"name":"wp","href":"https:\/\/api.w.org\/{rel}","templated":true}]}}