{"id":17021,"date":"2026-01-19T16:04:21","date_gmt":"2026-01-19T15:04:21","guid":{"rendered":"https:\/\/www.ckiopodkowa.pl\/?p=17021"},"modified":"2026-01-19T16:04:22","modified_gmt":"2026-01-19T15:04:22","slug":"art-warsztaty-zima-2026","status":"publish","type":"post","link":"https:\/\/www.ckiopodkowa.pl\/index.php\/2026\/01\/19\/art-warsztaty-zima-2026\/","title":{"rendered":"Art-Warsztaty ZIMA 2026"},"content":{"rendered":"\t\t<div data-elementor-type=\"wp-post\" data-elementor-id=\"17021\" class=\"elementor elementor-17021\" data-elementor-post-type=\"post\">\n\t\t\t\t\t\t<section class=\"elementor-section elementor-top-section elementor-element elementor-element-b02bb4e elementor-section-boxed elementor-section-height-default elementor-section-height-default\" data-id=\"b02bb4e\" data-element_type=\"section\">\n\t\t\t\t\t\t<div class=\"elementor-container elementor-column-gap-default\">\n\t\t\t\t\t<div class=\"elementor-column elementor-col-100 elementor-top-column elementor-element elementor-element-052e95e\" data-id=\"052e95e\" data-element_type=\"column\">\n\t\t\t<div class=\"elementor-widget-wrap elementor-element-populated\">\n\t\t\t\t\t\t<div class=\"elementor-element elementor-element-2f01fdd elementor-widget elementor-widget-heading\" data-id=\"2f01fdd\" data-element_type=\"widget\" data-widget_type=\"heading.default\">\n\t\t\t\t<div class=\"elementor-widget-container\">\n\t\t\t\t\t<h2 class=\"elementor-heading-title elementor-size-default\">Zapraszamy dzieci w wieku 7-12 lat do udzia\u0142u w warsztatach przygotowanych przez do\u015bwiadczonych edukator\u00f3w. Uczestnicy zaj\u0119\u0107 ka\u017cdego dnia wezm\u0105 udzia\u0142 w r\u00f3\u017cnorodnych i kreatywnych warsztatach, kt\u00f3re pozwol\u0105 im mi\u0142o i tw\u00f3rczo sp\u0119dzi\u0107 czas pe\u0142en emocji i rado\u015bci. Zapraszamy na ferie pe\u0142ne przyg\u00f3d!<\/h2>\t\t\t\t<\/div>\n\t\t\t\t<\/div>\n\t\t\t\t<div class=\"elementor-element elementor-element-ee68276 elementor-widget elementor-widget-text-editor\" data-id=\"ee68276\" data-element_type=\"widget\" data-widget_type=\"text-editor.default\">\n\t\t\t\t<div class=\"elementor-widget-container\">\n\t\t\t\t\t\t\t\t\t<h3>ART FERIE &#8211; TYDZIE\u0143 JAPO\u0143SKI&nbsp;<\/h3>\n<p>JAPONIA. KRAJ KWITN\u0104CEJ WYOBRA\u0179NI Japonia nie przestaje zaskakiwa\u0107 nowymi zjawiskami kulturowymi, kt\u00f3re maj\u0105 wp\u0142yw na kultur\u0119 globaln\u0105. Niemal wszyscy znaj\u0105 s\u0142owa takie jak karate, origami, bonsai, ikebana, a tak\u017ce te nowsze, zwi\u0105zane z Japoni\u0105 dzisiejsz\u0105 &#8211; pokemon, anime, manga, itp. Japonia wci\u0105\u017c pozostaje te\u017c jednym z lider\u00f3w w dziedzinie innowacji, nauki i technologii. Ten ogromny potencja\u0142 wynika z kultury od najm\u0142odszych lat kszta\u0142tuj\u0105cej wyobra\u017ani\u0119, szacunek do pracy i cierpliwo\u015b\u0107 w rozwijaniu umiej\u0119tno\u015bci. Tym razem program lubianych przez dzieci japo\u0144skich warsztat\u00f3w koncentruje si\u0119 na ha\u015ble WYOBRA\u0179NIA. Jak zwykle zaj\u0119cia sk\u0142ada\u0107 si\u0119 b\u0119d\u0105 z kr\u00f3tkich materia\u0142\u00f3w audiowizualnych dla inspiracji oraz &#8211; przede wszystkim &#8211; zabaw i \u0107wicze\u0144 praktycznych rozwijaj\u0105cych wyobra\u017ani\u0119 i sprawno\u015bci manualne. Mi\u0119dzy innymi robi\u0107 b\u0119dziemy origami, mini animacj\u0119, poznamy sztuk\u0119 r\u0119cznie rze\u017abionych s\u0142odyczy amezaiku, a zaj\u0119cia dotycz\u0105ce popularnych w\u015br\u00f3d dzieci pokemon\u00f3w poprowadzi Kanon Myokoin, designerka, kt\u00f3ra projektowa\u0142a w Tokio pierwsze oryginalne karty pokemon przeznaczone na polski rynek (w j\u0119zyku polskim).<\/p>\n<p>Prowadz\u0105cy: <br><strong>S<\/strong><b>\u0142awomir Rumiak<\/b>, artysta wizualny. Od lat zwi\u0105zany z Japoni\u0105, gdzie realizowa\u0142 projekty artystyczne, wystawia\u0142 i wsp\u00f3\u0142pracowa\u0142 z klasykami japo\u0144skiego dizajnu i fotografii, m.in. Koichi Sato i Eikoh Hosoe. Kuratorowa\u0142 te\u017c wystawy japo\u0144skich artyst\u00f3w w Polsce (m.in. &#8222;Simon Yotsuya i przyjaciele&#8221;, Muzeum \u015al\u0105skie, CSW Kronika w Bytomiu oraz Kishin Shinoyama &#8222;Atokata&#8221;, BWA Katowice) Wyk\u0142ada\u0142 na uczelniach w Japonii i Holandii, na Akademii Sztuk pi\u0119knych w Katowicach oraz w Muzeum Sztuki i Techniki Japo\u0144skiej Manggha. Od kilku lat prowadzi warsztaty popularyzuj\u0105ce kultur\u0119 Japonii.<\/p>\n<p><strong>Kanon Myokoin<\/strong>, projektantka graficzna z Tokio. W Japonii projektowa\u0142a m.in. pierwsze oryginalne karty pokemon przeznaczone na polski rynek. Laureatka nagrody miasta Tokio za plakat spo\u0142eczny. Razem ze S\u0142awomirem Rumiakiem popularyzuje kultur\u0119 i sztuk\u0119 Japonii.<\/p>\n<p><strong><span style=\"text-decoration: underline;\">ZAPISY: <a href=\"https:\/\/www.strefazajec.pl\/course?city_id=1434&amp;company_id=0&amp;course_type_id=2&amp;course_age=\">https:\/\/www.strefazajec.pl<\/a><\/span><\/strong><\/p>\n<p>Miejsce: CKiIO Podkowa Le\u015bna, ul. \u015awierkowa 1<br>Termin: I TYDZIE\u0143 | 19 &#8211; 23 stycznia 2026 r., w godz. 10:00-12:00<br>Op\u0142ata: 275 z\u0142\/tydzie\u0144 lub 250 z\u0142\/tydzie\u0144 dla posiadaczy <strong>Podkowia\u0144skiej Karty Mieszka\u0144ca<\/strong><\/p>\n<p><strong>Zg\u0142oszenia do 12 stycznia 2026 lub do wyczerpania miejsc.<\/strong><br>*p\u0142atno\u015b\u0107 do 15.01.2026 r. na konto CKiIO 59 1240 6348 1111 0011 0207 3981 (tytu\u0142 przelewu: ART-FERIE I TYDZIE\u0143\/imi\u0119 i nazwisko uczestnika) po potwierdzeniu od Organizatora (CKiIO), \u017ce warsztaty si\u0119 odb\u0119d\u0105.<\/p>\n<p>Warsztaty odb\u0119d\u0105 si\u0119 przy minimalnej ilo\u015bci uczestnik\u00f3w: 10 os\u00f3b.<br><strong>Nie ma mo\u017cliwo\u015bci wzi\u0119cia udzia\u0142u w pojedynczych warsztatach.<\/strong><\/p>\n<h3>ART FERIE &#8211; TYDZIE\u0143 KOSMICZNY&nbsp;<\/h3>\n<p>Dzieci wcielaj\u0105 si\u0119 w rol\u0119 Ma\u0142ych Kosmonaut\u00f3w i niczym zdobywcy kosmicznych przestrzeni pod\u0105\u017caj\u0105 za \u015bladami gwiazd, zbieraj\u0105 dowody na istnienie \u017cycia pozaziemskiego. Uczestnicy musz\u0105 rozwi\u0105za\u0107 zagadki pozostawione przez tajemniczego z\u0142odzieja. Po drodze tej w\u0119dr\u00f3wki czeka ich nie jedno wyzwanie: rozwi\u0105zywanie zagadek, \u0142amanie szyfr\u00f3w, poszukiwanie \u015blad\u00f3w i wykonywanie zada\u0144, kt\u00f3re doprowadz\u0105 ich do rozwi\u0105zania tej tajemnicy kosmosu.<\/p>\n<p>Prowadz\u0105cy: Fabryka Marze\u0144, nasi instruktorzy to kreatywni animatorzy z wieloletnim do\u015bwiadczeniem. Z najwi\u0119ksz\u0105 staranno\u015bci\u0105 ucz\u0105 dzieci r\u00f3\u017cnych technik wykonywania prac dbaj\u0105c o ich bezpiecze\u0144stwo i dobr\u0105 zabaw\u0119. To wszystko pod czujnym okiem uwielbianej przez dzieci Doroty Gierwia\u0142\u0142o \u2013 cz\u0142owieka orkiestry \u2013 do\u015bwiadczonego animatora, tw\u00f3rczyni oryginalnych zabawek, pomys\u0142odawczyni przepi\u0119knego miejsca na ziemi stworzonego w\u0142a\u015bnie dla dzieci &#8211; Fabryki Marze\u0144.<\/p>\n<p><span style=\"text-decoration: underline;\"><strong>ZAPISY: <\/strong><\/span><a href=\"https:\/\/www.strefazajec.pl\/course?city_id=1434&amp;company_id=0&amp;course_type_id=2&amp;course_age=\"><strong><span style=\"text-decoration: underline;\">https:\/\/www.strefazajec.pl<\/span><\/strong><\/a><\/p>\n<p>Miejsce: CKiIO Podkowa Le\u015bna, ul. \u015awierkowa 1<br>Termin: II TYDZIE\u0143 | 26 &#8211; 30 stycznia 2026 r., w godz. 10:00-12:00<br>Op\u0142ata: 250 z\u0142\/tydzie\u0144 lub 200 z\u0142\/tydzie\u0144 dla posiadaczy <strong>Podkowia\u0144skiej Karty Mieszka\u0144ca<\/strong><\/p>\n<p><strong>Zg\u0142oszenia do 15 stycznia 2026 lub do wyczerpania miejsc.<\/strong><br>*p\u0142atno\u015b\u0107 do 21.01.2026 r. na konto CKiIO 59 1240 6348 1111 0011 0207 3981 (tytu\u0142 przelewu: ART-FERIE II TYDZIE\u0143\/imi\u0119 i nazwisko uczestnika) po potwierdzeniu od Organizatora (CKiIO), \u017ce warsztaty si\u0119 odb\u0119d\u0105 .<\/p>\n<p>Warsztaty odb\u0119d\u0105 si\u0119 przy minimalnej ilo\u015bci uczestnik\u00f3w: 10 os\u00f3b.<br><strong>Nie ma mo\u017cliwo\u015bci wzi\u0119cia udzia\u0142u w pojedynczych warsztatach.<\/strong><\/p>\t\t\t\t\t\t\t\t<\/div>\n\t\t\t\t<\/div>\n\t\t\t\t\t<\/div>\n\t\t<\/div>\n\t\t\t\t\t<\/div>\n\t\t<\/section>\n\t\t\t\t<\/div>\n\t\t","protected":false},"excerpt":{"rendered":"<p>Zapraszamy dzieci w wieku 7-12 lat do udzia\u0142u w warsztatach przygotowanych przez do\u015bwiadczonych edukator\u00f3w. Uczestnicy zaj\u0119\u0107 ka\u017cdego dnia wezm\u0105 udzia\u0142 w r\u00f3\u017cnorodnych i kreatywnych warsztatach, kt\u00f3re pozwol\u0105 im mi\u0142o i tw\u00f3rczo sp\u0119dzi\u0107 czas pe\u0142en emocji i rado\u015bci. Zapraszamy na ferie pe\u0142ne przyg\u00f3d! ART FERIE &#8211; TYDZIE\u0143 JAPO\u0143SKI&nbsp; JAPONIA. KRAJ KWITN\u0104CEJ WYOBRA\u0179NI Japonia nie przestaje zaskakiwa\u0107 [&hellip;]<\/p>\n","protected":false},"author":10,"featured_media":17022,"comment_status":"closed","ping_status":"closed","sticky":false,"template":"","format":"standard","meta":{"ocean_post_layout":"","ocean_both_sidebars_style":"","ocean_both_sidebars_content_width":0,"ocean_both_sidebars_sidebars_width":0,"ocean_sidebar":"","ocean_second_sidebar":"","ocean_disable_margins":"enable","ocean_add_body_class":"","ocean_shortcode_before_top_bar":"","ocean_shortcode_after_top_bar":"","ocean_shortcode_before_header":"","ocean_shortcode_after_header":"","ocean_has_shortcode":"","ocean_shortcode_after_title":"","ocean_shortcode_before_footer_widgets":"","ocean_shortcode_after_footer_widgets":"","ocean_shortcode_before_footer_bottom":"","ocean_shortcode_after_footer_bottom":"","ocean_display_top_bar":"default","ocean_display_header":"default","ocean_header_style":"","ocean_center_header_left_menu":"","ocean_custom_header_template":"","ocean_custom_logo":0,"ocean_custom_retina_logo":0,"ocean_custom_logo_max_width":0,"ocean_custom_logo_tablet_max_width":0,"ocean_custom_logo_mobile_max_width":0,"ocean_custom_logo_max_height":0,"ocean_custom_logo_tablet_max_height":0,"ocean_custom_logo_mobile_max_height":0,"ocean_header_custom_menu":"","ocean_menu_typo_font_family":"","ocean_menu_typo_font_subset":"","ocean_menu_typo_font_size":0,"ocean_menu_typo_font_size_tablet":0,"ocean_menu_typo_font_size_mobile":0,"ocean_menu_typo_font_size_unit":"px","ocean_menu_typo_font_weight":"","ocean_menu_typo_font_weight_tablet":"","ocean_menu_typo_font_weight_mobile":"","ocean_menu_typo_transform":"","ocean_menu_typo_transform_tablet":"","ocean_menu_typo_transform_mobile":"","ocean_menu_typo_line_height":0,"ocean_menu_typo_line_height_tablet":0,"ocean_menu_typo_line_height_mobile":0,"ocean_menu_typo_line_height_unit":"","ocean_menu_typo_spacing":0,"ocean_menu_typo_spacing_tablet":0,"ocean_menu_typo_spacing_mobile":0,"ocean_menu_typo_spacing_unit":"","ocean_menu_link_color":"","ocean_menu_link_color_hover":"","ocean_menu_link_color_active":"","ocean_menu_link_background":"","ocean_menu_link_hover_background":"","ocean_menu_link_active_background":"","ocean_menu_social_links_bg":"","ocean_menu_social_hover_links_bg":"","ocean_menu_social_links_color":"","ocean_menu_social_hover_links_color":"","ocean_disable_title":"default","ocean_disable_heading":"default","ocean_post_title":"","ocean_post_subheading":"","ocean_post_title_style":"","ocean_post_title_background_color":"","ocean_post_title_background":0,"ocean_post_title_bg_image_position":"","ocean_post_title_bg_image_attachment":"","ocean_post_title_bg_image_repeat":"","ocean_post_title_bg_image_size":"","ocean_post_title_height":0,"ocean_post_title_bg_overlay":0.5,"ocean_post_title_bg_overlay_color":"","ocean_disable_breadcrumbs":"default","ocean_breadcrumbs_color":"","ocean_breadcrumbs_separator_color":"","ocean_breadcrumbs_links_color":"","ocean_breadcrumbs_links_hover_color":"","ocean_display_footer_widgets":"default","ocean_display_footer_bottom":"default","ocean_custom_footer_template":"","ocean_post_oembed":"","ocean_post_self_hosted_media":"","ocean_post_video_embed":"","ocean_link_format":"","ocean_link_format_target":"self","ocean_quote_format":"","ocean_quote_format_link":"post","ocean_gallery_link_images":"on","ocean_gallery_id":[],"footnotes":""},"categories":[26,28],"tags":[38,846,37,74,75],"class_list":["post-17021","post","type-post","status-publish","format-standard","has-post-thumbnail","hentry","category-aktualnosci","category-warsztaty","tag-centrum-kultury-i-inicjatyw-obywatelskich-w-podkowie-lesnej","tag-ferie-2026","tag-podkowa-lesna","tag-swierkowa-1","tag-warsztaty","entry","has-media"],"yoast_head":"<!-- This site is optimized with the Yoast SEO Premium plugin v15.2.1 - https:\/\/yoast.com\/wordpress\/plugins\/seo\/ -->\n<title>Art-Warsztaty ZIMA 2026 - CKiO Podkowa Le\u015bna<\/title>\n<meta name=\"robots\" content=\"index, follow, max-snippet:-1, max-image-preview:large, max-video-preview:-1\" \/>\n<link rel=\"canonical\" href=\"https:\/\/www.ckiopodkowa.pl\/index.php\/2026\/01\/19\/art-warsztaty-zima-2026\/\" \/>\n<meta property=\"og:locale\" content=\"pl_PL\" \/>\n<meta property=\"og:type\" content=\"article\" \/>\n<meta property=\"og:title\" content=\"Art-Warsztaty ZIMA 2026 - CKiO Podkowa Le\u015bna\" \/>\n<meta property=\"og:description\" content=\"Zapraszamy dzieci w wieku 7-12 lat do udzia\u0142u w warsztatach przygotowanych przez do\u015bwiadczonych edukator\u00f3w. Uczestnicy zaj\u0119\u0107 ka\u017cdego dnia wezm\u0105 udzia\u0142 w r\u00f3\u017cnorodnych i kreatywnych warsztatach, kt\u00f3re pozwol\u0105 im mi\u0142o i tw\u00f3rczo sp\u0119dzi\u0107 czas pe\u0142en emocji i rado\u015bci. Zapraszamy na ferie pe\u0142ne przyg\u00f3d! ART FERIE &#8211; TYDZIE\u0143 JAPO\u0143SKI&nbsp; JAPONIA. KRAJ KWITN\u0104CEJ WYOBRA\u0179NI Japonia nie przestaje zaskakiwa\u0107 [&hellip;]\" \/>\n<meta property=\"og:url\" content=\"https:\/\/www.ckiopodkowa.pl\/index.php\/2026\/01\/19\/art-warsztaty-zima-2026\/\" \/>\n<meta property=\"og:site_name\" content=\"CKiO Podkowa Le\u015bna\" \/>\n<meta property=\"article:published_time\" content=\"2026-01-19T15:04:21+00:00\" \/>\n<meta property=\"article:modified_time\" content=\"2026-01-19T15:04:22+00:00\" \/>\n<meta property=\"og:image\" content=\"https:\/\/www.ckiopodkowa.pl\/wp-content\/uploads\/2025\/12\/plakat_ferie-2026-724x1024.png\" \/>\n\t<meta property=\"og:image:width\" content=\"724\" \/>\n\t<meta property=\"og:image:height\" content=\"1024\" \/>\n<meta name=\"twitter:card\" content=\"summary_large_image\" \/>\n<meta name=\"twitter:label1\" content=\"Napisane przez\">\n\t<meta name=\"twitter:data1\" content=\"Paulina Soczewka\">\n\t<meta name=\"twitter:label2\" content=\"Szacowany czas czytania\">\n\t<meta name=\"twitter:data2\" content=\"3 minuty\">\n<script type=\"application\/ld+json\" class=\"yoast-schema-graph\">{\"@context\":\"https:\/\/schema.org\",\"@graph\":[{\"@type\":\"WebSite\",\"@id\":\"https:\/\/www.ckiopodkowa.pl\/#website\",\"url\":\"https:\/\/www.ckiopodkowa.pl\/\",\"name\":\"CKiO Podkowa Le\\u015bna\",\"description\":\"\",\"potentialAction\":[{\"@type\":\"SearchAction\",\"target\":\"https:\/\/www.ckiopodkowa.pl\/?s={search_term_string}\",\"query-input\":\"required name=search_term_string\"}],\"inLanguage\":\"pl-PL\"},{\"@type\":\"ImageObject\",\"@id\":\"https:\/\/www.ckiopodkowa.pl\/index.php\/2026\/01\/19\/art-warsztaty-zima-2026\/#primaryimage\",\"inLanguage\":\"pl-PL\",\"url\":\"https:\/\/www.ckiopodkowa.pl\/wp-content\/uploads\/2025\/12\/plakat_ferie-2026.png\",\"width\":1414,\"height\":2000},{\"@type\":\"WebPage\",\"@id\":\"https:\/\/www.ckiopodkowa.pl\/index.php\/2026\/01\/19\/art-warsztaty-zima-2026\/#webpage\",\"url\":\"https:\/\/www.ckiopodkowa.pl\/index.php\/2026\/01\/19\/art-warsztaty-zima-2026\/\",\"name\":\"Art-Warsztaty ZIMA 2026 - CKiO Podkowa Le\\u015bna\",\"isPartOf\":{\"@id\":\"https:\/\/www.ckiopodkowa.pl\/#website\"},\"primaryImageOfPage\":{\"@id\":\"https:\/\/www.ckiopodkowa.pl\/index.php\/2026\/01\/19\/art-warsztaty-zima-2026\/#primaryimage\"},\"datePublished\":\"2026-01-19T15:04:21+00:00\",\"dateModified\":\"2026-01-19T15:04:22+00:00\",\"author\":{\"@id\":\"https:\/\/www.ckiopodkowa.pl\/#\/schema\/person\/fe8183879faf2a5171bab7e34189804e\"},\"breadcrumb\":{\"@id\":\"https:\/\/www.ckiopodkowa.pl\/index.php\/2026\/01\/19\/art-warsztaty-zima-2026\/#breadcrumb\"},\"inLanguage\":\"pl-PL\",\"potentialAction\":[{\"@type\":\"ReadAction\",\"target\":[\"https:\/\/www.ckiopodkowa.pl\/index.php\/2026\/01\/19\/art-warsztaty-zima-2026\/\"]}]},{\"@type\":\"BreadcrumbList\",\"@id\":\"https:\/\/www.ckiopodkowa.pl\/index.php\/2026\/01\/19\/art-warsztaty-zima-2026\/#breadcrumb\",\"itemListElement\":[{\"@type\":\"ListItem\",\"position\":1,\"item\":{\"@type\":\"WebPage\",\"@id\":\"https:\/\/www.ckiopodkowa.pl\/\",\"url\":\"https:\/\/www.ckiopodkowa.pl\/\",\"name\":\"Strona g\\u0142\\u00f3wna\"}},{\"@type\":\"ListItem\",\"position\":2,\"item\":{\"@type\":\"WebPage\",\"@id\":\"https:\/\/www.ckiopodkowa.pl\/index.php\/2026\/01\/19\/art-warsztaty-zima-2026\/\",\"url\":\"https:\/\/www.ckiopodkowa.pl\/index.php\/2026\/01\/19\/art-warsztaty-zima-2026\/\",\"name\":\"Art-Warsztaty ZIMA 2026\"}}]},{\"@type\":\"Person\",\"@id\":\"https:\/\/www.ckiopodkowa.pl\/#\/schema\/person\/fe8183879faf2a5171bab7e34189804e\",\"name\":\"Paulina Soczewka\",\"image\":{\"@type\":\"ImageObject\",\"@id\":\"https:\/\/www.ckiopodkowa.pl\/#personlogo\",\"inLanguage\":\"pl-PL\",\"url\":\"https:\/\/secure.gravatar.com\/avatar\/06768c0942b0d44629c19894f46ebfbeecb968e3d2029a19581a606d7c1453bb?s=96&d=mm&r=g\",\"caption\":\"Paulina Soczewka\"}}]}<\/script>\n<!-- \/ Yoast SEO Premium plugin. -->","_links":{"self":[{"href":"https:\/\/www.ckiopodkowa.pl\/index.php\/wp-json\/wp\/v2\/posts\/17021","targetHints":{"allow":["GET"]}}],"collection":[{"href":"https:\/\/www.ckiopodkowa.pl\/index.php\/wp-json\/wp\/v2\/posts"}],"about":[{"href":"https:\/\/www.ckiopodkowa.pl\/index.php\/wp-json\/wp\/v2\/types\/post"}],"author":[{"embeddable":true,"href":"https:\/\/www.ckiopodkowa.pl\/index.php\/wp-json\/wp\/v2\/users\/10"}],"replies":[{"embeddable":true,"href":"https:\/\/www.ckiopodkowa.pl\/index.php\/wp-json\/wp\/v2\/comments?post=17021"}],"version-history":[{"count":13,"href":"https:\/\/www.ckiopodkowa.pl\/index.php\/wp-json\/wp\/v2\/posts\/17021\/revisions"}],"predecessor-version":[{"id":17079,"href":"https:\/\/www.ckiopodkowa.pl\/index.php\/wp-json\/wp\/v2\/posts\/17021\/revisions\/17079"}],"wp:featuredmedia":[{"embeddable":true,"href":"https:\/\/www.ckiopodkowa.pl\/index.php\/wp-json\/wp\/v2\/media\/17022"}],"wp:attachment":[{"href":"https:\/\/www.ckiopodkowa.pl\/index.php\/wp-json\/wp\/v2\/media?parent=17021"}],"wp:term":[{"taxonomy":"category","embeddable":true,"href":"https:\/\/www.ckiopodkowa.pl\/index.php\/wp-json\/wp\/v2\/categories?post=17021"},{"taxonomy":"post_tag","embeddable":true,"href":"https:\/\/www.ckiopodkowa.pl\/index.php\/wp-json\/wp\/v2\/tags?post=17021"}],"curies":[{"name":"wp","href":"https:\/\/api.w.org\/{rel}","templated":true}]}}