{"id":16986,"date":"2025-12-01T12:46:37","date_gmt":"2025-12-01T11:46:37","guid":{"rendered":"https:\/\/www.ckiopodkowa.pl\/?p=16986"},"modified":"2025-12-13T10:13:42","modified_gmt":"2025-12-13T09:13:42","slug":"debata-prawda-pod-presja-swiat-w-epoce-dezinformacji","status":"publish","type":"post","link":"https:\/\/www.ckiopodkowa.pl\/index.php\/2025\/12\/01\/debata-prawda-pod-presja-swiat-w-epoce-dezinformacji\/","title":{"rendered":"Debata: Prawda pod presj\u0105 &#8211; \u015bwiat w epoce dezinformacji\u00a0"},"content":{"rendered":"\n<h2 class=\"wp-block-heading\" id=\"h-wraz-z-organizatorem-regionalnym-o-rodkiem-debaty-mi-dzynarodowej-mazowieckie-i-dzkie-zapraszamy-w-pi-tek-12-grudnia-na-debat-z-ekspertami-poruszaj-c-gor-cy-i-wa-ki-temat-naszej-rzeczywisto-ci-dezinformacji-w-przestrzeni-publicznej-w-sferze-medi-w-nie-tylko-spo-eczno-ciowych-pocz-tek-o-godz-18-30-wst-p-wolny\">Wraz z organizatorem &#8211; Regionalnym O\u015brodkiem Debaty Mi\u0119dzynarodowej Mazowieckie i \u0141\u00f3dzkie, zapraszamy w pi\u0105tek 12 grudnia na debat\u0119 z ekspertami, poruszaj\u0105c\u0105 gor\u0105cy i wa\u017cki temat naszej rzeczywisto\u015bci &#8211; dezinformacji w przestrzeni publicznej, w sferze medi\u00f3w, nie tylko spo\u0142eczno\u015bciowych. Pocz\u0105tek o godz. 18.30. Wst\u0119p wolny.<\/h2>\n\n\n\n<p>W debacie wezm\u0105 udzia\u0142 znakomici eksperci: redaktor<strong> Jaros\u0142aw Guga\u0142a<\/strong> &#8211; znany dziennikarz telewizyjny medi\u00f3w informacyjnych i <strong>Agnieszka Ostrowska <\/strong>&#8211; dyrektor programowa Centrum Stosunk\u00f3w Mi\u0119dzynarodowych, cz\u0142onkini Rady ds. Dezinformacji Mi\u0119dzynarodowej przy MSZ. Moderatorem debaty b\u0119dzie <strong>Adrianna \u015aniadowska z Centrum Stosunk\u00f3w Mi\u0119dzynarodowych.<\/strong><br><br><strong>Organizator: Regionalny O\u015brodek Debaty Mi\u0119dzynarodowej 2025-2026 Mazowieckie i \u0141\u00f3dzkie. Partner: CKiIO<\/strong><\/p>\n","protected":false},"excerpt":{"rendered":"<p>Wraz z organizatorem &#8211; Regionalnym O\u015brodkiem Debaty Mi\u0119dzynarodowej Mazowieckie i \u0141\u00f3dzkie, zapraszamy w pi\u0105tek 12 grudnia na debat\u0119 z ekspertami, poruszaj\u0105c\u0105 gor\u0105cy i wa\u017cki temat naszej rzeczywisto\u015bci &#8211; dezinformacji w przestrzeni publicznej, w sferze medi\u00f3w, nie tylko spo\u0142eczno\u015bciowych. Pocz\u0105tek o godz. 18.30. Wst\u0119p wolny. W debacie wezm\u0105 udzia\u0142 znakomici eksperci: redaktor Jaros\u0142aw Guga\u0142a &#8211; znany [&hellip;]<\/p>\n","protected":false},"author":3,"featured_media":16987,"comment_status":"closed","ping_status":"closed","sticky":false,"template":"","format":"standard","meta":{"ocean_post_layout":"","ocean_both_sidebars_style":"","ocean_both_sidebars_content_width":0,"ocean_both_sidebars_sidebars_width":0,"ocean_sidebar":"","ocean_second_sidebar":"","ocean_disable_margins":"enable","ocean_add_body_class":"","ocean_shortcode_before_top_bar":"","ocean_shortcode_after_top_bar":"","ocean_shortcode_before_header":"","ocean_shortcode_after_header":"","ocean_has_shortcode":"","ocean_shortcode_after_title":"","ocean_shortcode_before_footer_widgets":"","ocean_shortcode_after_footer_widgets":"","ocean_shortcode_before_footer_bottom":"","ocean_shortcode_after_footer_bottom":"","ocean_display_top_bar":"default","ocean_display_header":"default","ocean_header_style":"","ocean_center_header_left_menu":"","ocean_custom_header_template":"","ocean_custom_logo":0,"ocean_custom_retina_logo":0,"ocean_custom_logo_max_width":0,"ocean_custom_logo_tablet_max_width":0,"ocean_custom_logo_mobile_max_width":0,"ocean_custom_logo_max_height":0,"ocean_custom_logo_tablet_max_height":0,"ocean_custom_logo_mobile_max_height":0,"ocean_header_custom_menu":"","ocean_menu_typo_font_family":"","ocean_menu_typo_font_subset":"","ocean_menu_typo_font_size":0,"ocean_menu_typo_font_size_tablet":0,"ocean_menu_typo_font_size_mobile":0,"ocean_menu_typo_font_size_unit":"px","ocean_menu_typo_font_weight":"","ocean_menu_typo_font_weight_tablet":"","ocean_menu_typo_font_weight_mobile":"","ocean_menu_typo_transform":"","ocean_menu_typo_transform_tablet":"","ocean_menu_typo_transform_mobile":"","ocean_menu_typo_line_height":0,"ocean_menu_typo_line_height_tablet":0,"ocean_menu_typo_line_height_mobile":0,"ocean_menu_typo_line_height_unit":"","ocean_menu_typo_spacing":0,"ocean_menu_typo_spacing_tablet":0,"ocean_menu_typo_spacing_mobile":0,"ocean_menu_typo_spacing_unit":"","ocean_menu_link_color":"","ocean_menu_link_color_hover":"","ocean_menu_link_color_active":"","ocean_menu_link_background":"","ocean_menu_link_hover_background":"","ocean_menu_link_active_background":"","ocean_menu_social_links_bg":"","ocean_menu_social_hover_links_bg":"","ocean_menu_social_links_color":"","ocean_menu_social_hover_links_color":"","ocean_disable_title":"default","ocean_disable_heading":"default","ocean_post_title":"","ocean_post_subheading":"","ocean_post_title_style":"","ocean_post_title_background_color":"","ocean_post_title_background":0,"ocean_post_title_bg_image_position":"","ocean_post_title_bg_image_attachment":"","ocean_post_title_bg_image_repeat":"","ocean_post_title_bg_image_size":"","ocean_post_title_height":0,"ocean_post_title_bg_overlay":0.5,"ocean_post_title_bg_overlay_color":"","ocean_disable_breadcrumbs":"default","ocean_breadcrumbs_color":"","ocean_breadcrumbs_separator_color":"","ocean_breadcrumbs_links_color":"","ocean_breadcrumbs_links_hover_color":"","ocean_display_footer_widgets":"default","ocean_display_footer_bottom":"default","ocean_custom_footer_template":"","ocean_post_oembed":"","ocean_post_self_hosted_media":"","ocean_post_video_embed":"","ocean_link_format":"","ocean_link_format_target":"self","ocean_quote_format":"","ocean_quote_format_link":"post","ocean_gallery_link_images":"on","ocean_gallery_id":[],"footnotes":""},"categories":[26,32],"tags":[38,842,840,841,80,37],"class_list":["post-16986","post","type-post","status-publish","format-standard","has-post-thumbnail","hentry","category-aktualnosci","category-spotkania","tag-centrum-kultury-i-inicjatyw-obywatelskich-w-podkowie-lesnej","tag-centrum-stosunkow-miedzynarodowych","tag-debaty","tag-dezinformacja","tag-palacyk-kasyno","tag-podkowa-lesna","entry","has-media"],"yoast_head":"<!-- This site is optimized with the Yoast SEO Premium plugin v15.2.1 - https:\/\/yoast.com\/wordpress\/plugins\/seo\/ -->\n<title>Debata: Prawda pod presj\u0105 - \u015bwiat w epoce dezinformacji\u00a0 - CKiO Podkowa Le\u015bna<\/title>\n<meta name=\"robots\" content=\"index, follow, max-snippet:-1, max-image-preview:large, max-video-preview:-1\" \/>\n<link rel=\"canonical\" href=\"https:\/\/www.ckiopodkowa.pl\/index.php\/2025\/12\/01\/debata-prawda-pod-presja-swiat-w-epoce-dezinformacji\/\" \/>\n<meta property=\"og:locale\" content=\"pl_PL\" \/>\n<meta property=\"og:type\" content=\"article\" \/>\n<meta property=\"og:title\" content=\"Debata: Prawda pod presj\u0105 - \u015bwiat w epoce dezinformacji\u00a0 - CKiO Podkowa Le\u015bna\" \/>\n<meta property=\"og:description\" content=\"Wraz z organizatorem &#8211; Regionalnym O\u015brodkiem Debaty Mi\u0119dzynarodowej Mazowieckie i \u0141\u00f3dzkie, zapraszamy w pi\u0105tek 12 grudnia na debat\u0119 z ekspertami, poruszaj\u0105c\u0105 gor\u0105cy i wa\u017cki temat naszej rzeczywisto\u015bci &#8211; dezinformacji w przestrzeni publicznej, w sferze medi\u00f3w, nie tylko spo\u0142eczno\u015bciowych. Pocz\u0105tek o godz. 18.30. Wst\u0119p wolny. W debacie wezm\u0105 udzia\u0142 znakomici eksperci: redaktor Jaros\u0142aw Guga\u0142a &#8211; znany [&hellip;]\" \/>\n<meta property=\"og:url\" content=\"https:\/\/www.ckiopodkowa.pl\/index.php\/2025\/12\/01\/debata-prawda-pod-presja-swiat-w-epoce-dezinformacji\/\" \/>\n<meta property=\"og:site_name\" content=\"CKiO Podkowa Le\u015bna\" \/>\n<meta property=\"article:published_time\" content=\"2025-12-01T11:46:37+00:00\" \/>\n<meta property=\"article:modified_time\" content=\"2025-12-13T09:13:42+00:00\" \/>\n<meta property=\"og:image\" content=\"https:\/\/www.ckiopodkowa.pl\/wp-content\/uploads\/2025\/12\/prawda-pod-presja-plakat86-1-scaled.jpg\" \/>\n\t<meta property=\"og:image:width\" content=\"1828\" \/>\n\t<meta property=\"og:image:height\" content=\"2560\" \/>\n<meta name=\"twitter:card\" content=\"summary_large_image\" \/>\n<meta name=\"twitter:label1\" content=\"Napisane przez\">\n\t<meta name=\"twitter:data1\" content=\"Micha\u0142 Burszta\">\n\t<meta name=\"twitter:label2\" content=\"Szacowany czas czytania\">\n\t<meta name=\"twitter:data2\" content=\"0 minut\">\n<script type=\"application\/ld+json\" class=\"yoast-schema-graph\">{\"@context\":\"https:\/\/schema.org\",\"@graph\":[{\"@type\":\"WebSite\",\"@id\":\"https:\/\/www.ckiopodkowa.pl\/#website\",\"url\":\"https:\/\/www.ckiopodkowa.pl\/\",\"name\":\"CKiO Podkowa Le\\u015bna\",\"description\":\"\",\"potentialAction\":[{\"@type\":\"SearchAction\",\"target\":\"https:\/\/www.ckiopodkowa.pl\/?s={search_term_string}\",\"query-input\":\"required name=search_term_string\"}],\"inLanguage\":\"pl-PL\"},{\"@type\":\"ImageObject\",\"@id\":\"https:\/\/www.ckiopodkowa.pl\/index.php\/2025\/12\/01\/debata-prawda-pod-presja-swiat-w-epoce-dezinformacji\/#primaryimage\",\"inLanguage\":\"pl-PL\",\"url\":\"https:\/\/www.ckiopodkowa.pl\/wp-content\/uploads\/2025\/12\/prawda-pod-presja-plakat86-1-scaled.jpg\",\"width\":1828,\"height\":2560},{\"@type\":\"WebPage\",\"@id\":\"https:\/\/www.ckiopodkowa.pl\/index.php\/2025\/12\/01\/debata-prawda-pod-presja-swiat-w-epoce-dezinformacji\/#webpage\",\"url\":\"https:\/\/www.ckiopodkowa.pl\/index.php\/2025\/12\/01\/debata-prawda-pod-presja-swiat-w-epoce-dezinformacji\/\",\"name\":\"Debata: Prawda pod presj\\u0105 - \\u015bwiat w epoce dezinformacji\\u00a0 - CKiO Podkowa Le\\u015bna\",\"isPartOf\":{\"@id\":\"https:\/\/www.ckiopodkowa.pl\/#website\"},\"primaryImageOfPage\":{\"@id\":\"https:\/\/www.ckiopodkowa.pl\/index.php\/2025\/12\/01\/debata-prawda-pod-presja-swiat-w-epoce-dezinformacji\/#primaryimage\"},\"datePublished\":\"2025-12-01T11:46:37+00:00\",\"dateModified\":\"2025-12-13T09:13:42+00:00\",\"author\":{\"@id\":\"https:\/\/www.ckiopodkowa.pl\/#\/schema\/person\/c86f9e496f06965599cdf61c3f0d7353\"},\"breadcrumb\":{\"@id\":\"https:\/\/www.ckiopodkowa.pl\/index.php\/2025\/12\/01\/debata-prawda-pod-presja-swiat-w-epoce-dezinformacji\/#breadcrumb\"},\"inLanguage\":\"pl-PL\",\"potentialAction\":[{\"@type\":\"ReadAction\",\"target\":[\"https:\/\/www.ckiopodkowa.pl\/index.php\/2025\/12\/01\/debata-prawda-pod-presja-swiat-w-epoce-dezinformacji\/\"]}]},{\"@type\":\"BreadcrumbList\",\"@id\":\"https:\/\/www.ckiopodkowa.pl\/index.php\/2025\/12\/01\/debata-prawda-pod-presja-swiat-w-epoce-dezinformacji\/#breadcrumb\",\"itemListElement\":[{\"@type\":\"ListItem\",\"position\":1,\"item\":{\"@type\":\"WebPage\",\"@id\":\"https:\/\/www.ckiopodkowa.pl\/\",\"url\":\"https:\/\/www.ckiopodkowa.pl\/\",\"name\":\"Strona g\\u0142\\u00f3wna\"}},{\"@type\":\"ListItem\",\"position\":2,\"item\":{\"@type\":\"WebPage\",\"@id\":\"https:\/\/www.ckiopodkowa.pl\/index.php\/2025\/12\/01\/debata-prawda-pod-presja-swiat-w-epoce-dezinformacji\/\",\"url\":\"https:\/\/www.ckiopodkowa.pl\/index.php\/2025\/12\/01\/debata-prawda-pod-presja-swiat-w-epoce-dezinformacji\/\",\"name\":\"Debata: Prawda pod presj\\u0105 &#8211; \\u015bwiat w epoce dezinformacji\\u00a0\"}}]},{\"@type\":\"Person\",\"@id\":\"https:\/\/www.ckiopodkowa.pl\/#\/schema\/person\/c86f9e496f06965599cdf61c3f0d7353\",\"name\":\"Micha\\u0142 Burszta\",\"image\":{\"@type\":\"ImageObject\",\"@id\":\"https:\/\/www.ckiopodkowa.pl\/#personlogo\",\"inLanguage\":\"pl-PL\",\"url\":\"https:\/\/secure.gravatar.com\/avatar\/f1f4d167c304c69158a01101acd802fb2136a0a7ace154aa5a365dff7ecbce61?s=96&d=mm&r=g\",\"caption\":\"Micha\\u0142 Burszta\"}}]}<\/script>\n<!-- \/ Yoast SEO Premium plugin. -->","_links":{"self":[{"href":"https:\/\/www.ckiopodkowa.pl\/index.php\/wp-json\/wp\/v2\/posts\/16986","targetHints":{"allow":["GET"]}}],"collection":[{"href":"https:\/\/www.ckiopodkowa.pl\/index.php\/wp-json\/wp\/v2\/posts"}],"about":[{"href":"https:\/\/www.ckiopodkowa.pl\/index.php\/wp-json\/wp\/v2\/types\/post"}],"author":[{"embeddable":true,"href":"https:\/\/www.ckiopodkowa.pl\/index.php\/wp-json\/wp\/v2\/users\/3"}],"replies":[{"embeddable":true,"href":"https:\/\/www.ckiopodkowa.pl\/index.php\/wp-json\/wp\/v2\/comments?post=16986"}],"version-history":[{"count":1,"href":"https:\/\/www.ckiopodkowa.pl\/index.php\/wp-json\/wp\/v2\/posts\/16986\/revisions"}],"predecessor-version":[{"id":16988,"href":"https:\/\/www.ckiopodkowa.pl\/index.php\/wp-json\/wp\/v2\/posts\/16986\/revisions\/16988"}],"wp:featuredmedia":[{"embeddable":true,"href":"https:\/\/www.ckiopodkowa.pl\/index.php\/wp-json\/wp\/v2\/media\/16987"}],"wp:attachment":[{"href":"https:\/\/www.ckiopodkowa.pl\/index.php\/wp-json\/wp\/v2\/media?parent=16986"}],"wp:term":[{"taxonomy":"category","embeddable":true,"href":"https:\/\/www.ckiopodkowa.pl\/index.php\/wp-json\/wp\/v2\/categories?post=16986"},{"taxonomy":"post_tag","embeddable":true,"href":"https:\/\/www.ckiopodkowa.pl\/index.php\/wp-json\/wp\/v2\/tags?post=16986"}],"curies":[{"name":"wp","href":"https:\/\/api.w.org\/{rel}","templated":true}]}}