{"id":16978,"date":"2025-12-02T10:37:35","date_gmt":"2025-12-02T09:37:35","guid":{"rendered":"https:\/\/www.ckiopodkowa.pl\/?p=16978"},"modified":"2025-12-11T11:15:43","modified_gmt":"2025-12-11T10:15:43","slug":"iv-jarmark-bozonarodzeniowy-w-podkowie-lesnej","status":"publish","type":"post","link":"https:\/\/www.ckiopodkowa.pl\/index.php\/2025\/12\/02\/iv-jarmark-bozonarodzeniowy-w-podkowie-lesnej\/","title":{"rendered":"IV Jarmark Bo\u017conarodzeniowy w Podkowie Le\u015bnej"},"content":{"rendered":"\n<h2 class=\"wp-block-heading\" id=\"h-w-weekend-6-7-grudnia-zapraszamy-do-parku-przy-ul-akacjowej-na-czwart-ju-edycj-jarmarku-bo-onarodzeniowego-w-podkowie-le-nej-w-oba-dni-zaczynamy-w-samo-po-udnie-wst-p-wolny\">W weekend 6-7 grudnia zapraszamy do Parku przy ul. Akacjowej na czwart\u0105 ju\u017c edycj\u0119 Jarmarku Bo\u017conarodzeniowego w Podkowie Le\u015bnej. W oba dni zaczynamy w samo po\u0142udnie. Wst\u0119p wolny. <\/h2>\n\n\n\n<p>To ju\u017c czwarta edycja wydarzenia, kt\u00f3re na sta\u0142e wpisa\u0142o si\u0119 w kalendarz przed\u015bwi\u0105tecznych atrakcji miasta. Jarmark organizowany jest z my\u015bl\u0105 o mieszka\u0144cach Podkowy Le\u015bnej i okolic, a jego celem jest stworzenie miejsca spotka\u0144, wsp\u00f3lnego prze\u017cywania atmosfery \u015bwi\u0105t oraz promocji lokalnego r\u0119kodzie\u0142a i tw\u00f3rczo\u015bci.<\/p>\n\n\n\n<p><strong>Sobota 12.00 &#8211; 21.00<br>Niedziela 12.00 &#8211; 20.00<\/strong><\/p>\n\n\n\n<p>W tym roku organizatorzy tak\u017ce zaprosili do udzia\u0142u tw\u00f3rc\u00f3w, rzemie\u015blnik\u00f3w, artyst\u00f3w i wystawc\u00f3w, kt\u00f3rzy oferuj\u0105 w\u0142asnor\u0119cznie wykonane produkty i wyroby. B\u0119dzie ponad 100 wystawc\u00f3w.<\/p>\n\n\n\n<p>Jarmark ma by\u0107 nie tylko kiermaszem, lecz tak\u017ce \u015bwi\u0119tem wsp\u00f3lnoty i tradycji.\u00a0Organizatorzy podkre\u015blaj\u0105, \u017ce to przestrze\u0144, w kt\u00f3rej mo\u017cna spotka\u0107 si\u0119 z lokalnymi artystami, porozmawia\u0107 o ich pracy i kupi\u0107 wyj\u0105tkowe prezenty wykonane z pasj\u0105.<\/p>\n\n\n\n<p>Podczas Jarmarku znajdziecie szeroki wyb\u00f3r wyrob\u00f3w \u015bwi\u0105tecznych i artystycznych:<\/p>\n\n\n\n<p>Co\u015b do ozdoby:<br><img decoding=\"async\" height=\"16\" width=\"16\" alt=\"&#x1f7e2;\" src=\"https:\/\/static.xx.fbcdn.net\/images\/emoji.php\/v9\/tfc\/1\/16\/1f7e2.png\">&nbsp;naszyjniki, kolczyki, bi\u017cuteria do w\u0142os\u00f3w, bransoletki, broszki<br><img decoding=\"async\" height=\"16\" width=\"16\" alt=\"&#x1f7e2;\" src=\"https:\/\/static.xx.fbcdn.net\/images\/emoji.php\/v9\/tfc\/1\/16\/1f7e2.png\">&nbsp;bi\u017cuteria tkana na kro\u015bnie<br><img decoding=\"async\" height=\"16\" width=\"16\" alt=\"&#x1f7e2;\" src=\"https:\/\/static.xx.fbcdn.net\/images\/emoji.php\/v9\/tfc\/1\/16\/1f7e2.png\">&nbsp;wachlarze<br><img decoding=\"async\" height=\"16\" width=\"16\" alt=\"&#x1f7e2;\" src=\"https:\/\/static.xx.fbcdn.net\/images\/emoji.php\/v9\/tfc\/1\/16\/1f7e2.png\">&nbsp;czapki, szaliki, chusty<br><img decoding=\"async\" height=\"16\" width=\"16\" alt=\"&#x1f7e2;\" src=\"https:\/\/static.xx.fbcdn.net\/images\/emoji.php\/v9\/tfc\/1\/16\/1f7e2.png\">&nbsp;torebki, portfele, wyroby ze sk\u00f3ry naturalnej<\/p>\n\n\n\n<p>Co\u015b na prezent:<br><img decoding=\"async\" height=\"16\" width=\"16\" alt=\"&#x1f7e0;\" src=\"https:\/\/static.xx.fbcdn.net\/images\/emoji.php\/v9\/tfa\/1\/16\/1f7e0.png\">&nbsp;ceramika<br><img decoding=\"async\" height=\"16\" width=\"16\" alt=\"&#x1f7e0;\" src=\"https:\/\/static.xx.fbcdn.net\/images\/emoji.php\/v9\/tfa\/1\/16\/1f7e0.png\">&nbsp;obrazy<br><img decoding=\"async\" height=\"16\" width=\"16\" alt=\"&#x1f7e0;\" src=\"https:\/\/static.xx.fbcdn.net\/images\/emoji.php\/v9\/tfa\/1\/16\/1f7e0.png\">&nbsp;rze\u017aby, drewniane wieszaki, skrzynki na listy, ozdoby i akcesoria do domu<br><img decoding=\"async\" height=\"16\" width=\"16\" alt=\"&#x1f7e0;\" src=\"https:\/\/static.xx.fbcdn.net\/images\/emoji.php\/v9\/tfa\/1\/16\/1f7e0.png\">&nbsp;\u015bwiece sojowe, \u015bwieczniki, zapachy do szafy<br><img decoding=\"async\" height=\"16\" width=\"16\" alt=\"&#x1f7e0;\" src=\"https:\/\/static.xx.fbcdn.net\/images\/emoji.php\/v9\/tfa\/1\/16\/1f7e0.png\">&nbsp;r\u0119cznie szyte torby<br><img decoding=\"async\" height=\"16\" width=\"16\" alt=\"&#x1f7e0;\" src=\"https:\/\/static.xx.fbcdn.net\/images\/emoji.php\/v9\/tfa\/1\/16\/1f7e0.png\">&nbsp;wianki, stroiki, krasnale<br><img decoding=\"async\" height=\"16\" width=\"16\" alt=\"&#x1f7e0;\" src=\"https:\/\/static.xx.fbcdn.net\/images\/emoji.php\/v9\/tfa\/1\/16\/1f7e0.png\">&nbsp;zabawki robione na szyde\u0142ku<br><img decoding=\"async\" height=\"16\" width=\"16\" alt=\"&#x1f7e0;\" src=\"https:\/\/static.xx.fbcdn.net\/images\/emoji.php\/v9\/tfa\/1\/16\/1f7e0.png\">&nbsp;poduszki z aromatycznymi zio\u0142ami i kwiatami<br><img decoding=\"async\" height=\"16\" width=\"16\" alt=\"&#x1f7e0;\" src=\"https:\/\/static.xx.fbcdn.net\/images\/emoji.php\/v9\/tfa\/1\/16\/1f7e0.png\">&nbsp;r\u0119kodzie\u0142o z filcu<\/p>\n\n\n\n<p>Co\u015b dla podniebienia:<br><img decoding=\"async\" height=\"16\" width=\"16\" alt=\"&#x1f7e3;\" src=\"https:\/\/static.xx.fbcdn.net\/images\/emoji.php\/v9\/t7d\/1\/16\/1f7e3.png\">&nbsp;r\u0119cznie dekorowane pierniki, \u015bwi\u0105teczne s\u0142odycze<br><img decoding=\"async\" height=\"16\" width=\"16\" alt=\"&#x1f7e3;\" src=\"https:\/\/static.xx.fbcdn.net\/images\/emoji.php\/v9\/t7d\/1\/16\/1f7e3.png\">&nbsp;ciastka, ciasteczka, pieczywo<br><img decoding=\"async\" height=\"16\" width=\"16\" alt=\"&#x1f7e3;\" src=\"https:\/\/static.xx.fbcdn.net\/images\/emoji.php\/v9\/t7d\/1\/16\/1f7e3.png\">&nbsp;kosze i zestawy prezentowe<br><img decoding=\"async\" height=\"16\" width=\"16\" alt=\"&#x1f7e3;\" src=\"https:\/\/static.xx.fbcdn.net\/images\/emoji.php\/v9\/t7d\/1\/16\/1f7e3.png\">&nbsp;r\u0119cznie wyrabiany nabia\u0142: sery kozie, d\u0142ugo dojrzewaj\u0105ce, ple\u015bniowe<br><img decoding=\"async\" height=\"16\" width=\"16\" alt=\"&#x1f7e3;\" src=\"https:\/\/static.xx.fbcdn.net\/images\/emoji.php\/v9\/t7d\/1\/16\/1f7e3.png\">&nbsp;miody, powid\u0142a, soki naturalne, konfitury<br><img decoding=\"async\" height=\"16\" width=\"16\" alt=\"&#x1f7e3;\" src=\"https:\/\/static.xx.fbcdn.net\/images\/emoji.php\/v9\/t7d\/1\/16\/1f7e3.png\">&nbsp;rzemie\u015blnicza kawa, r\u0119cznie robione kr\u00f3wki<br><img decoding=\"async\" height=\"16\" width=\"16\" alt=\"&#x1f7e3;\" src=\"https:\/\/static.xx.fbcdn.net\/images\/emoji.php\/v9\/t7d\/1\/16\/1f7e3.png\">&nbsp;przetwory rybne, pasztety, \u015bledzie, wyroby w\u0119dliniarskie<br><img decoding=\"async\" height=\"16\" width=\"16\" alt=\"&#x1f7e3;\" src=\"https:\/\/static.xx.fbcdn.net\/images\/emoji.php\/v9\/t7d\/1\/16\/1f7e3.png\">&nbsp;pierogi, bigos<br><img decoding=\"async\" height=\"16\" width=\"16\" alt=\"&#x1f7e3;\" src=\"https:\/\/static.xx.fbcdn.net\/images\/emoji.php\/v9\/t7d\/1\/16\/1f7e3.png\">&nbsp;i oczywi\u015bcie grza\u0144ce (tak\u017ce bezalkoholowe).<\/p>\n\n\n\n<p>Co\u015b na choink\u0119:<br><img loading=\"lazy\" decoding=\"async\" height=\"16\" width=\"16\" alt=\"&#x1f7e4;\" src=\"https:\/\/static.xx.fbcdn.net\/images\/emoji.php\/v9\/tfe\/1\/16\/1f7e4.png\">&nbsp;r\u0119cznie robione bombki z w\u0142\u00f3czki<br><img loading=\"lazy\" decoding=\"async\" height=\"16\" width=\"16\" alt=\"&#x1f7e4;\" src=\"https:\/\/static.xx.fbcdn.net\/images\/emoji.php\/v9\/tfe\/1\/16\/1f7e4.png\">&nbsp;zawieszki i \u0142a\u0144cuchy<br><img loading=\"lazy\" decoding=\"async\" height=\"16\" width=\"16\" alt=\"&#x1f7e4;\" src=\"https:\/\/static.xx.fbcdn.net\/images\/emoji.php\/v9\/tfe\/1\/16\/1f7e4.png\">&nbsp;ozdoby z drewna i papieru.<\/p>\n\n\n\n<p>Co\u015b dla ducha:<br><img loading=\"lazy\" decoding=\"async\" height=\"16\" width=\"16\" alt=\"&#x1f7e1;\" src=\"https:\/\/static.xx.fbcdn.net\/images\/emoji.php\/v9\/t7b\/1\/16\/1f7e1.png\">&nbsp;wyst\u0119p przedszkolak\u00f3w z Miejskiego Przedszkola im. Krasnala Ha\u0142aba\u0142y \u2013 dzieci za\u015bpiewaj\u0105 naj\u0142adniejsze polskie pastora\u0142ki<br><img loading=\"lazy\" decoding=\"async\" height=\"16\" width=\"16\" alt=\"&#x1f7e1;\" src=\"https:\/\/static.xx.fbcdn.net\/images\/emoji.php\/v9\/t7b\/1\/16\/1f7e1.png\">&nbsp;kol\u0119dy i piosenki \u015bwi\u0105teczne w wykonaniu uczni\u00f3w: Szko\u0142y Podstawowej im. Bohater\u00f3w Warszawy, Szko\u0142y Podstawowej nr 2 im. \u015bw. Teresy od Dzieci\u0105tka Jezus, Podkowia\u0144skiego Liceum Og\u00f3lnokszta\u0142c\u0105cego nr 60.<\/p>\n\n\n\n<p>W sobot\u0119 startujemy o godz. 12.00 tradycyjnym Biegiem Miko\u0142aj\u00f3w.\u00a0<\/p>\n\n\n\n<p>W niedziel\u0119 zapraszamy dodatkowo na zabaw\u0119-konkurs z nagrodami. Wygrywa co drugi los, a nagrody zapewniaj\u0105 wspaniali lokalni przedsi\u0119biorcy.<\/p>\n\n\n\n<p>Ju\u017c dzi\u015b mo\u017cemy podzi\u0119kowa\u0107 za wsp\u00f3\u0142prac\u0119\u00a0Warszawskim Kolejom Dojazdowym oraz Szk\u00f3\u0142ce Ro\u015blin Uli\u0144scy.<\/p>\n\n\n\n<p>Udzia\u0142 w Jarmarku Bo\u017conarodzeniowym w Podkowie Le\u015bnej to doskona\u0142a okazja, by w spokojny spos\u00f3b przygotowa\u0107 si\u0119 do \u015bwi\u0105t, sp\u0119dzi\u0107 czas z rodzin\u0105 i znajomymi oraz wesprze\u0107 lokalnych tw\u00f3rc\u00f3w. Wydarzenie odbywa si\u0119 na \u015bwie\u017cym powietrzu, dlatego zach\u0119camy, by ubra\u0107 si\u0119 ciep\u0142o i wzi\u0105\u0107 udzia\u0142 w tym wyj\u0105tkowym, zimowym spotkaniu w sercu Podkowy Le\u015bnej.<\/p>\n\n\n\n<p>B\u0119dzie mn\u00f3stwo \u015bwiate\u0142ek, \u015bwi\u0105tecznej muzyki, spotkanie z Miko\u0142ajem, specjalna strefa gastronomiczna, a tak\u017ce niespodzianka od firmy Uli\u0144scy. B\u0119dzie pi\u0119knie i\u2026 ciep\u0142o.<\/p>\n","protected":false},"excerpt":{"rendered":"<p>W weekend 6-7 grudnia zapraszamy do Parku przy ul. Akacjowej na czwart\u0105 ju\u017c edycj\u0119 Jarmarku Bo\u017conarodzeniowego w Podkowie Le\u015bnej. W oba dni zaczynamy w samo po\u0142udnie. Wst\u0119p wolny. To ju\u017c czwarta edycja wydarzenia, kt\u00f3re na sta\u0142e wpisa\u0142o si\u0119 w kalendarz przed\u015bwi\u0105tecznych atrakcji miasta. Jarmark organizowany jest z my\u015bl\u0105 o mieszka\u0144cach Podkowy Le\u015bnej i okolic, a [&hellip;]<\/p>\n","protected":false},"author":3,"featured_media":16985,"comment_status":"closed","ping_status":"closed","sticky":false,"template":"","format":"standard","meta":{"ocean_post_layout":"","ocean_both_sidebars_style":"","ocean_both_sidebars_content_width":0,"ocean_both_sidebars_sidebars_width":0,"ocean_sidebar":"","ocean_second_sidebar":"","ocean_disable_margins":"enable","ocean_add_body_class":"","ocean_shortcode_before_top_bar":"","ocean_shortcode_after_top_bar":"","ocean_shortcode_before_header":"","ocean_shortcode_after_header":"","ocean_has_shortcode":"","ocean_shortcode_after_title":"","ocean_shortcode_before_footer_widgets":"","ocean_shortcode_after_footer_widgets":"","ocean_shortcode_before_footer_bottom":"","ocean_shortcode_after_footer_bottom":"","ocean_display_top_bar":"default","ocean_display_header":"default","ocean_header_style":"","ocean_center_header_left_menu":"","ocean_custom_header_template":"","ocean_custom_logo":0,"ocean_custom_retina_logo":0,"ocean_custom_logo_max_width":0,"ocean_custom_logo_tablet_max_width":0,"ocean_custom_logo_mobile_max_width":0,"ocean_custom_logo_max_height":0,"ocean_custom_logo_tablet_max_height":0,"ocean_custom_logo_mobile_max_height":0,"ocean_header_custom_menu":"","ocean_menu_typo_font_family":"","ocean_menu_typo_font_subset":"","ocean_menu_typo_font_size":0,"ocean_menu_typo_font_size_tablet":0,"ocean_menu_typo_font_size_mobile":0,"ocean_menu_typo_font_size_unit":"px","ocean_menu_typo_font_weight":"","ocean_menu_typo_font_weight_tablet":"","ocean_menu_typo_font_weight_mobile":"","ocean_menu_typo_transform":"","ocean_menu_typo_transform_tablet":"","ocean_menu_typo_transform_mobile":"","ocean_menu_typo_line_height":0,"ocean_menu_typo_line_height_tablet":0,"ocean_menu_typo_line_height_mobile":0,"ocean_menu_typo_line_height_unit":"","ocean_menu_typo_spacing":0,"ocean_menu_typo_spacing_tablet":0,"ocean_menu_typo_spacing_mobile":0,"ocean_menu_typo_spacing_unit":"","ocean_menu_link_color":"","ocean_menu_link_color_hover":"","ocean_menu_link_color_active":"","ocean_menu_link_background":"","ocean_menu_link_hover_background":"","ocean_menu_link_active_background":"","ocean_menu_social_links_bg":"","ocean_menu_social_hover_links_bg":"","ocean_menu_social_links_color":"","ocean_menu_social_hover_links_color":"","ocean_disable_title":"default","ocean_disable_heading":"default","ocean_post_title":"","ocean_post_subheading":"","ocean_post_title_style":"","ocean_post_title_background_color":"","ocean_post_title_background":0,"ocean_post_title_bg_image_position":"","ocean_post_title_bg_image_attachment":"","ocean_post_title_bg_image_repeat":"","ocean_post_title_bg_image_size":"","ocean_post_title_height":0,"ocean_post_title_bg_overlay":0.5,"ocean_post_title_bg_overlay_color":"","ocean_disable_breadcrumbs":"default","ocean_breadcrumbs_color":"","ocean_breadcrumbs_separator_color":"","ocean_breadcrumbs_links_color":"","ocean_breadcrumbs_links_hover_color":"","ocean_display_footer_widgets":"default","ocean_display_footer_bottom":"default","ocean_custom_footer_template":"","ocean_post_oembed":"","ocean_post_self_hosted_media":"","ocean_post_video_embed":"","ocean_link_format":"","ocean_link_format_target":"self","ocean_quote_format":"","ocean_quote_format_link":"post","ocean_gallery_link_images":"on","ocean_gallery_id":[],"footnotes":""},"categories":[26],"tags":[803,257,37,670],"class_list":["post-16978","post","type-post","status-publish","format-standard","has-post-thumbnail","hentry","category-aktualnosci","tag-jarmark-bozonarodzeniowy","tag-park-przyjazni-polsko-wegierskiej","tag-podkowa-lesna","tag-rzemioslo","entry","has-media"],"yoast_head":"<!-- This site is optimized with the Yoast SEO Premium plugin v15.2.1 - https:\/\/yoast.com\/wordpress\/plugins\/seo\/ -->\n<title>IV Jarmark Bo\u017conarodzeniowy w Podkowie Le\u015bnej - CKiO Podkowa Le\u015bna<\/title>\n<meta name=\"robots\" content=\"index, follow, max-snippet:-1, max-image-preview:large, max-video-preview:-1\" \/>\n<link rel=\"canonical\" href=\"https:\/\/www.ckiopodkowa.pl\/index.php\/2025\/12\/02\/iv-jarmark-bozonarodzeniowy-w-podkowie-lesnej\/\" \/>\n<meta property=\"og:locale\" content=\"pl_PL\" \/>\n<meta property=\"og:type\" content=\"article\" \/>\n<meta property=\"og:title\" content=\"IV Jarmark Bo\u017conarodzeniowy w Podkowie Le\u015bnej - CKiO Podkowa Le\u015bna\" \/>\n<meta property=\"og:description\" content=\"W weekend 6-7 grudnia zapraszamy do Parku przy ul. Akacjowej na czwart\u0105 ju\u017c edycj\u0119 Jarmarku Bo\u017conarodzeniowego w Podkowie Le\u015bnej. W oba dni zaczynamy w samo po\u0142udnie. Wst\u0119p wolny. To ju\u017c czwarta edycja wydarzenia, kt\u00f3re na sta\u0142e wpisa\u0142o si\u0119 w kalendarz przed\u015bwi\u0105tecznych atrakcji miasta. Jarmark organizowany jest z my\u015bl\u0105 o mieszka\u0144cach Podkowy Le\u015bnej i okolic, a [&hellip;]\" \/>\n<meta property=\"og:url\" content=\"https:\/\/www.ckiopodkowa.pl\/index.php\/2025\/12\/02\/iv-jarmark-bozonarodzeniowy-w-podkowie-lesnej\/\" \/>\n<meta property=\"og:site_name\" content=\"CKiO Podkowa Le\u015bna\" \/>\n<meta property=\"article:published_time\" content=\"2025-12-02T09:37:35+00:00\" \/>\n<meta property=\"article:modified_time\" content=\"2025-12-11T10:15:43+00:00\" \/>\n<meta property=\"og:image\" content=\"https:\/\/www.ckiopodkowa.pl\/wp-content\/uploads\/2025\/11\/Jarmark-bozonarodzeniowy-2025-724x1024.png\" \/>\n\t<meta property=\"og:image:width\" content=\"724\" \/>\n\t<meta property=\"og:image:height\" content=\"1024\" \/>\n<meta name=\"twitter:card\" content=\"summary_large_image\" \/>\n<meta name=\"twitter:label1\" content=\"Napisane przez\">\n\t<meta name=\"twitter:data1\" content=\"Micha\u0142 Burszta\">\n\t<meta name=\"twitter:label2\" content=\"Szacowany czas czytania\">\n\t<meta name=\"twitter:data2\" content=\"2 minuty\">\n<script type=\"application\/ld+json\" class=\"yoast-schema-graph\">{\"@context\":\"https:\/\/schema.org\",\"@graph\":[{\"@type\":\"WebSite\",\"@id\":\"https:\/\/www.ckiopodkowa.pl\/#website\",\"url\":\"https:\/\/www.ckiopodkowa.pl\/\",\"name\":\"CKiO Podkowa Le\\u015bna\",\"description\":\"\",\"potentialAction\":[{\"@type\":\"SearchAction\",\"target\":\"https:\/\/www.ckiopodkowa.pl\/?s={search_term_string}\",\"query-input\":\"required name=search_term_string\"}],\"inLanguage\":\"pl-PL\"},{\"@type\":\"ImageObject\",\"@id\":\"https:\/\/www.ckiopodkowa.pl\/index.php\/2025\/12\/02\/iv-jarmark-bozonarodzeniowy-w-podkowie-lesnej\/#primaryimage\",\"inLanguage\":\"pl-PL\",\"url\":\"https:\/\/www.ckiopodkowa.pl\/wp-content\/uploads\/2025\/11\/Jarmark-bozonarodzeniowy-2025.png\",\"width\":1414,\"height\":2000},{\"@type\":\"WebPage\",\"@id\":\"https:\/\/www.ckiopodkowa.pl\/index.php\/2025\/12\/02\/iv-jarmark-bozonarodzeniowy-w-podkowie-lesnej\/#webpage\",\"url\":\"https:\/\/www.ckiopodkowa.pl\/index.php\/2025\/12\/02\/iv-jarmark-bozonarodzeniowy-w-podkowie-lesnej\/\",\"name\":\"IV Jarmark Bo\\u017conarodzeniowy w Podkowie Le\\u015bnej - CKiO Podkowa Le\\u015bna\",\"isPartOf\":{\"@id\":\"https:\/\/www.ckiopodkowa.pl\/#website\"},\"primaryImageOfPage\":{\"@id\":\"https:\/\/www.ckiopodkowa.pl\/index.php\/2025\/12\/02\/iv-jarmark-bozonarodzeniowy-w-podkowie-lesnej\/#primaryimage\"},\"datePublished\":\"2025-12-02T09:37:35+00:00\",\"dateModified\":\"2025-12-11T10:15:43+00:00\",\"author\":{\"@id\":\"https:\/\/www.ckiopodkowa.pl\/#\/schema\/person\/c86f9e496f06965599cdf61c3f0d7353\"},\"breadcrumb\":{\"@id\":\"https:\/\/www.ckiopodkowa.pl\/index.php\/2025\/12\/02\/iv-jarmark-bozonarodzeniowy-w-podkowie-lesnej\/#breadcrumb\"},\"inLanguage\":\"pl-PL\",\"potentialAction\":[{\"@type\":\"ReadAction\",\"target\":[\"https:\/\/www.ckiopodkowa.pl\/index.php\/2025\/12\/02\/iv-jarmark-bozonarodzeniowy-w-podkowie-lesnej\/\"]}]},{\"@type\":\"BreadcrumbList\",\"@id\":\"https:\/\/www.ckiopodkowa.pl\/index.php\/2025\/12\/02\/iv-jarmark-bozonarodzeniowy-w-podkowie-lesnej\/#breadcrumb\",\"itemListElement\":[{\"@type\":\"ListItem\",\"position\":1,\"item\":{\"@type\":\"WebPage\",\"@id\":\"https:\/\/www.ckiopodkowa.pl\/\",\"url\":\"https:\/\/www.ckiopodkowa.pl\/\",\"name\":\"Strona g\\u0142\\u00f3wna\"}},{\"@type\":\"ListItem\",\"position\":2,\"item\":{\"@type\":\"WebPage\",\"@id\":\"https:\/\/www.ckiopodkowa.pl\/index.php\/2025\/12\/02\/iv-jarmark-bozonarodzeniowy-w-podkowie-lesnej\/\",\"url\":\"https:\/\/www.ckiopodkowa.pl\/index.php\/2025\/12\/02\/iv-jarmark-bozonarodzeniowy-w-podkowie-lesnej\/\",\"name\":\"IV Jarmark Bo\\u017conarodzeniowy w Podkowie Le\\u015bnej\"}}]},{\"@type\":\"Person\",\"@id\":\"https:\/\/www.ckiopodkowa.pl\/#\/schema\/person\/c86f9e496f06965599cdf61c3f0d7353\",\"name\":\"Micha\\u0142 Burszta\",\"image\":{\"@type\":\"ImageObject\",\"@id\":\"https:\/\/www.ckiopodkowa.pl\/#personlogo\",\"inLanguage\":\"pl-PL\",\"url\":\"https:\/\/secure.gravatar.com\/avatar\/f1f4d167c304c69158a01101acd802fb2136a0a7ace154aa5a365dff7ecbce61?s=96&d=mm&r=g\",\"caption\":\"Micha\\u0142 Burszta\"}}]}<\/script>\n<!-- \/ Yoast SEO Premium plugin. -->","_links":{"self":[{"href":"https:\/\/www.ckiopodkowa.pl\/index.php\/wp-json\/wp\/v2\/posts\/16978","targetHints":{"allow":["GET"]}}],"collection":[{"href":"https:\/\/www.ckiopodkowa.pl\/index.php\/wp-json\/wp\/v2\/posts"}],"about":[{"href":"https:\/\/www.ckiopodkowa.pl\/index.php\/wp-json\/wp\/v2\/types\/post"}],"author":[{"embeddable":true,"href":"https:\/\/www.ckiopodkowa.pl\/index.php\/wp-json\/wp\/v2\/users\/3"}],"replies":[{"embeddable":true,"href":"https:\/\/www.ckiopodkowa.pl\/index.php\/wp-json\/wp\/v2\/comments?post=16978"}],"version-history":[{"count":1,"href":"https:\/\/www.ckiopodkowa.pl\/index.php\/wp-json\/wp\/v2\/posts\/16978\/revisions"}],"predecessor-version":[{"id":16979,"href":"https:\/\/www.ckiopodkowa.pl\/index.php\/wp-json\/wp\/v2\/posts\/16978\/revisions\/16979"}],"wp:featuredmedia":[{"embeddable":true,"href":"https:\/\/www.ckiopodkowa.pl\/index.php\/wp-json\/wp\/v2\/media\/16985"}],"wp:attachment":[{"href":"https:\/\/www.ckiopodkowa.pl\/index.php\/wp-json\/wp\/v2\/media?parent=16978"}],"wp:term":[{"taxonomy":"category","embeddable":true,"href":"https:\/\/www.ckiopodkowa.pl\/index.php\/wp-json\/wp\/v2\/categories?post=16978"},{"taxonomy":"post_tag","embeddable":true,"href":"https:\/\/www.ckiopodkowa.pl\/index.php\/wp-json\/wp\/v2\/tags?post=16978"}],"curies":[{"name":"wp","href":"https:\/\/api.w.org\/{rel}","templated":true}]}}