{"id":16947,"date":"2025-11-20T10:52:37","date_gmt":"2025-11-20T09:52:37","guid":{"rendered":"https:\/\/www.ckiopodkowa.pl\/?p=16947"},"modified":"2025-11-20T10:53:54","modified_gmt":"2025-11-20T09:53:54","slug":"rynek-polski-stosunki-polsko-wegierskie-w-latach-80","status":"publish","type":"post","link":"https:\/\/www.ckiopodkowa.pl\/index.php\/2025\/11\/20\/rynek-polski-stosunki-polsko-wegierskie-w-latach-80\/","title":{"rendered":"Rynek polski &#8211; stosunki polsko-w\u0119gierskie w latach 80."},"content":{"rendered":"\t\t<div data-elementor-type=\"wp-post\" data-elementor-id=\"16947\" class=\"elementor elementor-16947\" data-elementor-post-type=\"post\">\n\t\t\t\t\t\t<section class=\"elementor-section elementor-top-section elementor-element elementor-element-85efa34 elementor-section-boxed elementor-section-height-default elementor-section-height-default\" data-id=\"85efa34\" data-element_type=\"section\">\n\t\t\t\t\t\t<div class=\"elementor-container elementor-column-gap-default\">\n\t\t\t\t\t<div class=\"elementor-column elementor-col-100 elementor-top-column elementor-element elementor-element-413612c\" data-id=\"413612c\" data-element_type=\"column\">\n\t\t\t<div class=\"elementor-widget-wrap elementor-element-populated\">\n\t\t\t\t\t\t<div class=\"elementor-element elementor-element-a63952a elementor-widget elementor-widget-text-editor\" data-id=\"a63952a\" data-element_type=\"widget\" data-widget_type=\"text-editor.default\">\n\t\t\t\t<div class=\"elementor-widget-container\">\n\t\t\t\t\t\t\t\t\t<div class=\"xdj266r x14z9mp xat24cr x1lziwak x1vvkbs\">Serdecznie zapraszamy na podr\u00f3\u017c w czasie w ramach pokazu filmu dokumentalnego \u201eRynek polski \u2013 stosunki polsko\u2011w\u0119gierskie w latach 80.\u201d (re\u017c. Ferenc Zajti, 2025, 58\u2019).<\/div><div class=\"x14z9mp xat24cr x1lziwak x1vvkbs xtlvy1s\">Po projekcji odb\u0119dzie si\u0119 spotkanie z wyst\u0119puj\u0105cymi w filmie Podkowianami: \u00c1kosem Engelmayerem oraz dr Ann\u0105 Kalinowsk\u0105. Wsp\u00f3lnie z bohaterami filmu powspominamy epok\u0119, przywo\u0142uj\u0105c tamten \u015bwiat za pomoc\u0105 osobistych anegdot&#8230; Rozmow\u0119 poprowadzi G\u00e1sp\u00e1r Keresztes &#8211; Dyrektor Instytutu Liszta &#8211; W\u0119gierskiego Instytutu Kultury w Warszawie.<\/div><div class=\"x14z9mp xat24cr x1lziwak x1vvkbs xtlvy1s\">Kr\u00f3tko o filmie:<br class=\"html-br\" \/>Unikatowy dokument o ma\u0142o znanym aspekcie transformacji demokratycznej. O tym, jak przebiega\u0142a ostatnia dekada przed zmian\u0105 ustroju \u2013 jakie procesy mia\u0142y miejsce mi\u0119dzy dwoma narodami w czasie, gdy w Polsce wprowadzono stan wojenny, a W\u0119gry by\u0142y najweselszym barakiem RWPG. Jakie produkty bra\u0142y udzia\u0142 w handlu wymiennym na ulicach i placach publicznych oraz w jaki spos\u00f3b Polacy i W\u0119grzy przekazywali sobie nawzajem my\u015bli i idee<\/div>\t\t\t\t\t\t\t\t<\/div>\n\t\t\t\t<\/div>\n\t\t\t\t\t<\/div>\n\t\t<\/div>\n\t\t\t\t\t<\/div>\n\t\t<\/section>\n\t\t\t\t<\/div>\n\t\t","protected":false},"excerpt":{"rendered":"<p>Serdecznie zapraszamy na podr\u00f3\u017c w czasie w ramach pokazu filmu dokumentalnego \u201eRynek polski \u2013 stosunki polsko\u2011w\u0119gierskie w latach 80.\u201d (re\u017c. Ferenc Zajti, 2025, 58\u2019).Po projekcji odb\u0119dzie si\u0119 spotkanie z wyst\u0119puj\u0105cymi w filmie Podkowianami: \u00c1kosem Engelmayerem oraz dr Ann\u0105 Kalinowsk\u0105. Wsp\u00f3lnie z bohaterami filmu powspominamy epok\u0119, przywo\u0142uj\u0105c tamten \u015bwiat za pomoc\u0105 osobistych anegdot&#8230; Rozmow\u0119 poprowadzi G\u00e1sp\u00e1r [&hellip;]<\/p>\n","protected":false},"author":7,"featured_media":16948,"comment_status":"closed","ping_status":"closed","sticky":false,"template":"","format":"standard","meta":{"ocean_post_layout":"","ocean_both_sidebars_style":"","ocean_both_sidebars_content_width":0,"ocean_both_sidebars_sidebars_width":0,"ocean_sidebar":"","ocean_second_sidebar":"","ocean_disable_margins":"enable","ocean_add_body_class":"","ocean_shortcode_before_top_bar":"","ocean_shortcode_after_top_bar":"","ocean_shortcode_before_header":"","ocean_shortcode_after_header":"","ocean_has_shortcode":"","ocean_shortcode_after_title":"","ocean_shortcode_before_footer_widgets":"","ocean_shortcode_after_footer_widgets":"","ocean_shortcode_before_footer_bottom":"","ocean_shortcode_after_footer_bottom":"","ocean_display_top_bar":"default","ocean_display_header":"default","ocean_header_style":"","ocean_center_header_left_menu":"","ocean_custom_header_template":"","ocean_custom_logo":0,"ocean_custom_retina_logo":0,"ocean_custom_logo_max_width":0,"ocean_custom_logo_tablet_max_width":0,"ocean_custom_logo_mobile_max_width":0,"ocean_custom_logo_max_height":0,"ocean_custom_logo_tablet_max_height":0,"ocean_custom_logo_mobile_max_height":0,"ocean_header_custom_menu":"","ocean_menu_typo_font_family":"","ocean_menu_typo_font_subset":"","ocean_menu_typo_font_size":0,"ocean_menu_typo_font_size_tablet":0,"ocean_menu_typo_font_size_mobile":0,"ocean_menu_typo_font_size_unit":"px","ocean_menu_typo_font_weight":"","ocean_menu_typo_font_weight_tablet":"","ocean_menu_typo_font_weight_mobile":"","ocean_menu_typo_transform":"","ocean_menu_typo_transform_tablet":"","ocean_menu_typo_transform_mobile":"","ocean_menu_typo_line_height":0,"ocean_menu_typo_line_height_tablet":0,"ocean_menu_typo_line_height_mobile":0,"ocean_menu_typo_line_height_unit":"","ocean_menu_typo_spacing":0,"ocean_menu_typo_spacing_tablet":0,"ocean_menu_typo_spacing_mobile":0,"ocean_menu_typo_spacing_unit":"","ocean_menu_link_color":"","ocean_menu_link_color_hover":"","ocean_menu_link_color_active":"","ocean_menu_link_background":"","ocean_menu_link_hover_background":"","ocean_menu_link_active_background":"","ocean_menu_social_links_bg":"","ocean_menu_social_hover_links_bg":"","ocean_menu_social_links_color":"","ocean_menu_social_hover_links_color":"","ocean_disable_title":"default","ocean_disable_heading":"default","ocean_post_title":"","ocean_post_subheading":"","ocean_post_title_style":"","ocean_post_title_background_color":"","ocean_post_title_background":0,"ocean_post_title_bg_image_position":"","ocean_post_title_bg_image_attachment":"","ocean_post_title_bg_image_repeat":"","ocean_post_title_bg_image_size":"","ocean_post_title_height":0,"ocean_post_title_bg_overlay":0.5,"ocean_post_title_bg_overlay_color":"","ocean_disable_breadcrumbs":"default","ocean_breadcrumbs_color":"","ocean_breadcrumbs_separator_color":"","ocean_breadcrumbs_links_color":"","ocean_breadcrumbs_links_hover_color":"","ocean_display_footer_widgets":"default","ocean_display_footer_bottom":"default","ocean_custom_footer_template":"","ocean_post_oembed":"","ocean_post_self_hosted_media":"","ocean_post_video_embed":"","ocean_link_format":"","ocean_link_format_target":"self","ocean_quote_format":"","ocean_quote_format_link":"post","ocean_gallery_link_images":"on","ocean_gallery_id":[],"footnotes":""},"categories":[26,23,32],"tags":[],"class_list":["post-16947","post","type-post","status-publish","format-standard","has-post-thumbnail","hentry","category-aktualnosci","category-filmy","category-spotkania","entry","has-media"],"yoast_head":"<!-- This site is optimized with the Yoast SEO Premium plugin v15.2.1 - https:\/\/yoast.com\/wordpress\/plugins\/seo\/ -->\n<title>Rynek polski - stosunki polsko-w\u0119gierskie w latach 80. - CKiO Podkowa Le\u015bna<\/title>\n<meta name=\"robots\" content=\"index, follow, max-snippet:-1, max-image-preview:large, max-video-preview:-1\" \/>\n<link rel=\"canonical\" href=\"https:\/\/www.ckiopodkowa.pl\/index.php\/2025\/11\/20\/rynek-polski-stosunki-polsko-wegierskie-w-latach-80\/\" \/>\n<meta property=\"og:locale\" content=\"pl_PL\" \/>\n<meta property=\"og:type\" content=\"article\" \/>\n<meta property=\"og:title\" content=\"Rynek polski - stosunki polsko-w\u0119gierskie w latach 80. - CKiO Podkowa Le\u015bna\" \/>\n<meta property=\"og:description\" content=\"Serdecznie zapraszamy na podr\u00f3\u017c w czasie w ramach pokazu filmu dokumentalnego \u201eRynek polski \u2013 stosunki polsko\u2011w\u0119gierskie w latach 80.\u201d (re\u017c. Ferenc Zajti, 2025, 58\u2019).Po projekcji odb\u0119dzie si\u0119 spotkanie z wyst\u0119puj\u0105cymi w filmie Podkowianami: \u00c1kosem Engelmayerem oraz dr Ann\u0105 Kalinowsk\u0105. Wsp\u00f3lnie z bohaterami filmu powspominamy epok\u0119, przywo\u0142uj\u0105c tamten \u015bwiat za pomoc\u0105 osobistych anegdot&#8230; Rozmow\u0119 poprowadzi G\u00e1sp\u00e1r [&hellip;]\" \/>\n<meta property=\"og:url\" content=\"https:\/\/www.ckiopodkowa.pl\/index.php\/2025\/11\/20\/rynek-polski-stosunki-polsko-wegierskie-w-latach-80\/\" \/>\n<meta property=\"og:site_name\" content=\"CKiO Podkowa Le\u015bna\" \/>\n<meta property=\"article:published_time\" content=\"2025-11-20T09:52:37+00:00\" \/>\n<meta property=\"article:modified_time\" content=\"2025-11-20T09:53:54+00:00\" \/>\n<meta property=\"og:image\" content=\"https:\/\/www.ckiopodkowa.pl\/wp-content\/uploads\/2025\/11\/582925627_1270438478459134_656804199808705888_n.jpg\" \/>\n\t<meta property=\"og:image:width\" content=\"1080\" \/>\n\t<meta property=\"og:image:height\" content=\"1350\" \/>\n<meta name=\"twitter:card\" content=\"summary_large_image\" \/>\n<meta name=\"twitter:label1\" content=\"Napisane przez\">\n\t<meta name=\"twitter:data1\" content=\"Barbara Potka\u0144ska\">\n\t<meta name=\"twitter:label2\" content=\"Szacowany czas czytania\">\n\t<meta name=\"twitter:data2\" content=\"1 minuta\">\n<script type=\"application\/ld+json\" class=\"yoast-schema-graph\">{\"@context\":\"https:\/\/schema.org\",\"@graph\":[{\"@type\":\"WebSite\",\"@id\":\"https:\/\/www.ckiopodkowa.pl\/#website\",\"url\":\"https:\/\/www.ckiopodkowa.pl\/\",\"name\":\"CKiO Podkowa Le\\u015bna\",\"description\":\"\",\"potentialAction\":[{\"@type\":\"SearchAction\",\"target\":\"https:\/\/www.ckiopodkowa.pl\/?s={search_term_string}\",\"query-input\":\"required name=search_term_string\"}],\"inLanguage\":\"pl-PL\"},{\"@type\":\"ImageObject\",\"@id\":\"https:\/\/www.ckiopodkowa.pl\/index.php\/2025\/11\/20\/rynek-polski-stosunki-polsko-wegierskie-w-latach-80\/#primaryimage\",\"inLanguage\":\"pl-PL\",\"url\":\"https:\/\/www.ckiopodkowa.pl\/wp-content\/uploads\/2025\/11\/582925627_1270438478459134_656804199808705888_n.jpg\",\"width\":1080,\"height\":1350},{\"@type\":\"WebPage\",\"@id\":\"https:\/\/www.ckiopodkowa.pl\/index.php\/2025\/11\/20\/rynek-polski-stosunki-polsko-wegierskie-w-latach-80\/#webpage\",\"url\":\"https:\/\/www.ckiopodkowa.pl\/index.php\/2025\/11\/20\/rynek-polski-stosunki-polsko-wegierskie-w-latach-80\/\",\"name\":\"Rynek polski - stosunki polsko-w\\u0119gierskie w latach 80. - CKiO Podkowa Le\\u015bna\",\"isPartOf\":{\"@id\":\"https:\/\/www.ckiopodkowa.pl\/#website\"},\"primaryImageOfPage\":{\"@id\":\"https:\/\/www.ckiopodkowa.pl\/index.php\/2025\/11\/20\/rynek-polski-stosunki-polsko-wegierskie-w-latach-80\/#primaryimage\"},\"datePublished\":\"2025-11-20T09:52:37+00:00\",\"dateModified\":\"2025-11-20T09:53:54+00:00\",\"author\":{\"@id\":\"https:\/\/www.ckiopodkowa.pl\/#\/schema\/person\/34e0b0e10cd3f5942f19a99074ba6b93\"},\"breadcrumb\":{\"@id\":\"https:\/\/www.ckiopodkowa.pl\/index.php\/2025\/11\/20\/rynek-polski-stosunki-polsko-wegierskie-w-latach-80\/#breadcrumb\"},\"inLanguage\":\"pl-PL\",\"potentialAction\":[{\"@type\":\"ReadAction\",\"target\":[\"https:\/\/www.ckiopodkowa.pl\/index.php\/2025\/11\/20\/rynek-polski-stosunki-polsko-wegierskie-w-latach-80\/\"]}]},{\"@type\":\"BreadcrumbList\",\"@id\":\"https:\/\/www.ckiopodkowa.pl\/index.php\/2025\/11\/20\/rynek-polski-stosunki-polsko-wegierskie-w-latach-80\/#breadcrumb\",\"itemListElement\":[{\"@type\":\"ListItem\",\"position\":1,\"item\":{\"@type\":\"WebPage\",\"@id\":\"https:\/\/www.ckiopodkowa.pl\/\",\"url\":\"https:\/\/www.ckiopodkowa.pl\/\",\"name\":\"Strona g\\u0142\\u00f3wna\"}},{\"@type\":\"ListItem\",\"position\":2,\"item\":{\"@type\":\"WebPage\",\"@id\":\"https:\/\/www.ckiopodkowa.pl\/index.php\/2025\/11\/20\/rynek-polski-stosunki-polsko-wegierskie-w-latach-80\/\",\"url\":\"https:\/\/www.ckiopodkowa.pl\/index.php\/2025\/11\/20\/rynek-polski-stosunki-polsko-wegierskie-w-latach-80\/\",\"name\":\"Rynek polski &#8211; stosunki polsko-w\\u0119gierskie w latach 80.\"}}]},{\"@type\":\"Person\",\"@id\":\"https:\/\/www.ckiopodkowa.pl\/#\/schema\/person\/34e0b0e10cd3f5942f19a99074ba6b93\",\"name\":\"Barbara Potka\\u0144ska\",\"image\":{\"@type\":\"ImageObject\",\"@id\":\"https:\/\/www.ckiopodkowa.pl\/#personlogo\",\"inLanguage\":\"pl-PL\",\"url\":\"https:\/\/secure.gravatar.com\/avatar\/45e29de8d3335f4ccd5161e08ef089285ecb3860bf8c65f418eb453e6a0f93e1?s=96&d=mm&r=g\",\"caption\":\"Barbara Potka\\u0144ska\"}}]}<\/script>\n<!-- \/ Yoast SEO Premium plugin. -->","_links":{"self":[{"href":"https:\/\/www.ckiopodkowa.pl\/index.php\/wp-json\/wp\/v2\/posts\/16947","targetHints":{"allow":["GET"]}}],"collection":[{"href":"https:\/\/www.ckiopodkowa.pl\/index.php\/wp-json\/wp\/v2\/posts"}],"about":[{"href":"https:\/\/www.ckiopodkowa.pl\/index.php\/wp-json\/wp\/v2\/types\/post"}],"author":[{"embeddable":true,"href":"https:\/\/www.ckiopodkowa.pl\/index.php\/wp-json\/wp\/v2\/users\/7"}],"replies":[{"embeddable":true,"href":"https:\/\/www.ckiopodkowa.pl\/index.php\/wp-json\/wp\/v2\/comments?post=16947"}],"version-history":[{"count":4,"href":"https:\/\/www.ckiopodkowa.pl\/index.php\/wp-json\/wp\/v2\/posts\/16947\/revisions"}],"predecessor-version":[{"id":16952,"href":"https:\/\/www.ckiopodkowa.pl\/index.php\/wp-json\/wp\/v2\/posts\/16947\/revisions\/16952"}],"wp:featuredmedia":[{"embeddable":true,"href":"https:\/\/www.ckiopodkowa.pl\/index.php\/wp-json\/wp\/v2\/media\/16948"}],"wp:attachment":[{"href":"https:\/\/www.ckiopodkowa.pl\/index.php\/wp-json\/wp\/v2\/media?parent=16947"}],"wp:term":[{"taxonomy":"category","embeddable":true,"href":"https:\/\/www.ckiopodkowa.pl\/index.php\/wp-json\/wp\/v2\/categories?post=16947"},{"taxonomy":"post_tag","embeddable":true,"href":"https:\/\/www.ckiopodkowa.pl\/index.php\/wp-json\/wp\/v2\/tags?post=16947"}],"curies":[{"name":"wp","href":"https:\/\/api.w.org\/{rel}","templated":true}]}}