{"id":16900,"date":"2025-10-31T16:29:15","date_gmt":"2025-10-31T15:29:15","guid":{"rendered":"https:\/\/www.ckiopodkowa.pl\/?p=16900"},"modified":"2025-11-14T10:00:21","modified_gmt":"2025-11-14T09:00:21","slug":"nasza-mala-poczekalnia-spotkanie-autorskie-z-maciejem-koszewskim","status":"publish","type":"post","link":"https:\/\/www.ckiopodkowa.pl\/index.php\/2025\/10\/31\/nasza-mala-poczekalnia-spotkanie-autorskie-z-maciejem-koszewskim\/","title":{"rendered":"Nasza ma\u0142a poczekalnia &#8211; spotkanie autorskie z Maciejem Koszewskim"},"content":{"rendered":"\t\t<div data-elementor-type=\"wp-post\" data-elementor-id=\"16900\" class=\"elementor elementor-16900\" data-elementor-post-type=\"post\">\n\t\t\t\t\t\t<section class=\"elementor-section elementor-top-section elementor-element elementor-element-b067906 elementor-section-boxed elementor-section-height-default elementor-section-height-default\" data-id=\"b067906\" data-element_type=\"section\">\n\t\t\t\t\t\t<div class=\"elementor-container elementor-column-gap-default\">\n\t\t\t\t\t<div class=\"elementor-column elementor-col-100 elementor-top-column elementor-element elementor-element-e2856e1\" data-id=\"e2856e1\" data-element_type=\"column\">\n\t\t\t<div class=\"elementor-widget-wrap elementor-element-populated\">\n\t\t\t\t\t\t<div class=\"elementor-element elementor-element-240b0c7 elementor-widget elementor-widget-heading\" data-id=\"240b0c7\" data-element_type=\"widget\" data-widget_type=\"heading.default\">\n\t\t\t\t<div class=\"elementor-widget-container\">\n\t\t\t\t\t<h2 class=\"elementor-heading-title elementor-size-default\">Spotkanie autorskie z Maciejem Koszewskim.<\/h2>\t\t\t\t<\/div>\n\t\t\t\t<\/div>\n\t\t\t\t\t<\/div>\n\t\t<\/div>\n\t\t\t\t\t<\/div>\n\t\t<\/section>\n\t\t\t\t<section class=\"elementor-section elementor-top-section elementor-element elementor-element-02ac385 elementor-section-boxed elementor-section-height-default elementor-section-height-default\" data-id=\"02ac385\" data-element_type=\"section\">\n\t\t\t\t\t\t<div class=\"elementor-container elementor-column-gap-default\">\n\t\t\t\t\t<div class=\"elementor-column elementor-col-100 elementor-top-column elementor-element elementor-element-050aa04\" data-id=\"050aa04\" data-element_type=\"column\">\n\t\t\t<div class=\"elementor-widget-wrap elementor-element-populated\">\n\t\t\t\t\t\t<div class=\"elementor-element elementor-element-bf0c7ff elementor-widget elementor-widget-text-editor\" data-id=\"bf0c7ff\" data-element_type=\"widget\" data-widget_type=\"text-editor.default\">\n\t\t\t\t<div class=\"elementor-widget-container\">\n\t\t\t\t\t\t\t\t\t<p>W pi\u0105tek <strong>7 listopada o godz. 17:00<\/strong> zapraszamy na spotkanie z Maciejem Koszewski.<\/p><div class=\"x14z9mp xat24cr x1lziwak x1vvkbs xtlvy1s\">Tematem rozmowy b\u0119dzie, wydana w podkowia\u0144skim wydawnictwie kamera klara, ksi\u0105\u017cka pt. \u201enasza ma\u0142a poczekalnia&#8221;. Ksi\u0105\u017cka przypomina notatnik, poetycki dziennik. Autor kre\u015bli kr\u00f3tkie, epigramatyczne frazy odnosz\u0105ce si\u0119 do ulotnych moment\u00f3w codzienno\u015bci i d\u0105\u017cy do wydobycia z nich istotnego konkretu, z kt\u00f3rym chce zostawi\u0107 siebie i czytelnika. O okoliczno\u015bciach powstania ksi\u0105\u017cki, poetyckich idea\u0142ach i sile lirycznego wyrazu autor b\u0119dzie rozmawia\u0142 ze swoj\u0105 wydawczyni\u0105 Klar\u0105 Kopci\u0144sk\u0105.<\/div><div>\u00a0<\/div><div>Miejsce: CKiIO Podkowa Le\u015bna, <strong>ul. \u015awierkowa 1<\/strong><\/div><div class=\"x14z9mp xat24cr x1lziwak x1vvkbs xtlvy1s\">Zdj\u0119cie: Micha\u0142 Ignar<\/div>\t\t\t\t\t\t\t\t<\/div>\n\t\t\t\t<\/div>\n\t\t\t\t\t<\/div>\n\t\t<\/div>\n\t\t\t\t\t<\/div>\n\t\t<\/section>\n\t\t\t\t<\/div>\n\t\t","protected":false},"excerpt":{"rendered":"<p>Spotkanie autorskie z Maciejem Koszewskim. W pi\u0105tek 7 listopada o godz. 17:00 zapraszamy na spotkanie z Maciejem Koszewski. Tematem rozmowy b\u0119dzie, wydana w podkowia\u0144skim wydawnictwie kamera klara, ksi\u0105\u017cka pt. \u201enasza ma\u0142a poczekalnia&#8221;. Ksi\u0105\u017cka przypomina notatnik, poetycki dziennik. Autor kre\u015bli kr\u00f3tkie, epigramatyczne frazy odnosz\u0105ce si\u0119 do ulotnych moment\u00f3w codzienno\u015bci i d\u0105\u017cy do wydobycia z nich istotnego [&hellip;]<\/p>\n","protected":false},"author":10,"featured_media":16901,"comment_status":"closed","ping_status":"closed","sticky":false,"template":"","format":"standard","meta":{"ocean_post_layout":"","ocean_both_sidebars_style":"","ocean_both_sidebars_content_width":0,"ocean_both_sidebars_sidebars_width":0,"ocean_sidebar":"","ocean_second_sidebar":"","ocean_disable_margins":"enable","ocean_add_body_class":"","ocean_shortcode_before_top_bar":"","ocean_shortcode_after_top_bar":"","ocean_shortcode_before_header":"","ocean_shortcode_after_header":"","ocean_has_shortcode":"","ocean_shortcode_after_title":"","ocean_shortcode_before_footer_widgets":"","ocean_shortcode_after_footer_widgets":"","ocean_shortcode_before_footer_bottom":"","ocean_shortcode_after_footer_bottom":"","ocean_display_top_bar":"default","ocean_display_header":"default","ocean_header_style":"","ocean_center_header_left_menu":"","ocean_custom_header_template":"","ocean_custom_logo":0,"ocean_custom_retina_logo":0,"ocean_custom_logo_max_width":0,"ocean_custom_logo_tablet_max_width":0,"ocean_custom_logo_mobile_max_width":0,"ocean_custom_logo_max_height":0,"ocean_custom_logo_tablet_max_height":0,"ocean_custom_logo_mobile_max_height":0,"ocean_header_custom_menu":"","ocean_menu_typo_font_family":"","ocean_menu_typo_font_subset":"","ocean_menu_typo_font_size":0,"ocean_menu_typo_font_size_tablet":0,"ocean_menu_typo_font_size_mobile":0,"ocean_menu_typo_font_size_unit":"px","ocean_menu_typo_font_weight":"","ocean_menu_typo_font_weight_tablet":"","ocean_menu_typo_font_weight_mobile":"","ocean_menu_typo_transform":"","ocean_menu_typo_transform_tablet":"","ocean_menu_typo_transform_mobile":"","ocean_menu_typo_line_height":0,"ocean_menu_typo_line_height_tablet":0,"ocean_menu_typo_line_height_mobile":0,"ocean_menu_typo_line_height_unit":"","ocean_menu_typo_spacing":0,"ocean_menu_typo_spacing_tablet":0,"ocean_menu_typo_spacing_mobile":0,"ocean_menu_typo_spacing_unit":"","ocean_menu_link_color":"","ocean_menu_link_color_hover":"","ocean_menu_link_color_active":"","ocean_menu_link_background":"","ocean_menu_link_hover_background":"","ocean_menu_link_active_background":"","ocean_menu_social_links_bg":"","ocean_menu_social_hover_links_bg":"","ocean_menu_social_links_color":"","ocean_menu_social_hover_links_color":"","ocean_disable_title":"default","ocean_disable_heading":"default","ocean_post_title":"","ocean_post_subheading":"","ocean_post_title_style":"","ocean_post_title_background_color":"","ocean_post_title_background":0,"ocean_post_title_bg_image_position":"","ocean_post_title_bg_image_attachment":"","ocean_post_title_bg_image_repeat":"","ocean_post_title_bg_image_size":"","ocean_post_title_height":0,"ocean_post_title_bg_overlay":0.5,"ocean_post_title_bg_overlay_color":"","ocean_disable_breadcrumbs":"default","ocean_breadcrumbs_color":"","ocean_breadcrumbs_separator_color":"","ocean_breadcrumbs_links_color":"","ocean_breadcrumbs_links_hover_color":"","ocean_display_footer_widgets":"default","ocean_display_footer_bottom":"default","ocean_custom_footer_template":"","ocean_post_oembed":"","ocean_post_self_hosted_media":"","ocean_post_video_embed":"","ocean_link_format":"","ocean_link_format_target":"self","ocean_quote_format":"","ocean_quote_format_link":"post","ocean_gallery_link_images":"on","ocean_gallery_id":[],"footnotes":""},"categories":[26,32],"tags":[38,54,526,80,37,838,413],"class_list":["post-16900","post","type-post","status-publish","format-standard","has-post-thumbnail","hentry","category-aktualnosci","category-spotkania","tag-centrum-kultury-i-inicjatyw-obywatelskich-w-podkowie-lesnej","tag-ckiio","tag-ksiazka","tag-palacyk-kasyno","tag-podkowa-lesna","tag-poetycki-dziennik","tag-spotkanie-autorskie","entry","has-media"],"yoast_head":"<!-- This site is optimized with the Yoast SEO Premium plugin v15.2.1 - https:\/\/yoast.com\/wordpress\/plugins\/seo\/ -->\n<title>Nasza ma\u0142a poczekalnia - spotkanie autorskie z Maciejem Koszewskim - CKiO Podkowa Le\u015bna<\/title>\n<meta name=\"robots\" content=\"index, follow, max-snippet:-1, max-image-preview:large, max-video-preview:-1\" \/>\n<link rel=\"canonical\" href=\"https:\/\/www.ckiopodkowa.pl\/index.php\/2025\/10\/31\/nasza-mala-poczekalnia-spotkanie-autorskie-z-maciejem-koszewskim\/\" \/>\n<meta property=\"og:locale\" content=\"pl_PL\" \/>\n<meta property=\"og:type\" content=\"article\" \/>\n<meta property=\"og:title\" content=\"Nasza ma\u0142a poczekalnia - spotkanie autorskie z Maciejem Koszewskim - CKiO Podkowa Le\u015bna\" \/>\n<meta property=\"og:description\" content=\"Spotkanie autorskie z Maciejem Koszewskim. W pi\u0105tek 7 listopada o godz. 17:00 zapraszamy na spotkanie z Maciejem Koszewski. Tematem rozmowy b\u0119dzie, wydana w podkowia\u0144skim wydawnictwie kamera klara, ksi\u0105\u017cka pt. \u201enasza ma\u0142a poczekalnia&#8221;. Ksi\u0105\u017cka przypomina notatnik, poetycki dziennik. Autor kre\u015bli kr\u00f3tkie, epigramatyczne frazy odnosz\u0105ce si\u0119 do ulotnych moment\u00f3w codzienno\u015bci i d\u0105\u017cy do wydobycia z nich istotnego [&hellip;]\" \/>\n<meta property=\"og:url\" content=\"https:\/\/www.ckiopodkowa.pl\/index.php\/2025\/10\/31\/nasza-mala-poczekalnia-spotkanie-autorskie-z-maciejem-koszewskim\/\" \/>\n<meta property=\"og:site_name\" content=\"CKiO Podkowa Le\u015bna\" \/>\n<meta property=\"article:published_time\" content=\"2025-10-31T15:29:15+00:00\" \/>\n<meta property=\"article:modified_time\" content=\"2025-11-14T09:00:21+00:00\" \/>\n<meta property=\"og:image\" content=\"https:\/\/www.ckiopodkowa.pl\/wp-content\/uploads\/2025\/10\/571799907_835422695662402_2105406690521132965_n.jpg\" \/>\n\t<meta property=\"og:image:width\" content=\"679\" \/>\n\t<meta property=\"og:image:height\" content=\"960\" \/>\n<meta name=\"twitter:card\" content=\"summary_large_image\" \/>\n<meta name=\"twitter:label1\" content=\"Napisane przez\">\n\t<meta name=\"twitter:data1\" content=\"Paulina Soczewka\">\n\t<meta name=\"twitter:label2\" content=\"Szacowany czas czytania\">\n\t<meta name=\"twitter:data2\" content=\"0 minut\">\n<script type=\"application\/ld+json\" class=\"yoast-schema-graph\">{\"@context\":\"https:\/\/schema.org\",\"@graph\":[{\"@type\":\"WebSite\",\"@id\":\"https:\/\/www.ckiopodkowa.pl\/#website\",\"url\":\"https:\/\/www.ckiopodkowa.pl\/\",\"name\":\"CKiO Podkowa Le\\u015bna\",\"description\":\"\",\"potentialAction\":[{\"@type\":\"SearchAction\",\"target\":\"https:\/\/www.ckiopodkowa.pl\/?s={search_term_string}\",\"query-input\":\"required name=search_term_string\"}],\"inLanguage\":\"pl-PL\"},{\"@type\":\"ImageObject\",\"@id\":\"https:\/\/www.ckiopodkowa.pl\/index.php\/2025\/10\/31\/nasza-mala-poczekalnia-spotkanie-autorskie-z-maciejem-koszewskim\/#primaryimage\",\"inLanguage\":\"pl-PL\",\"url\":\"https:\/\/www.ckiopodkowa.pl\/wp-content\/uploads\/2025\/10\/571799907_835422695662402_2105406690521132965_n.jpg\",\"width\":679,\"height\":960},{\"@type\":\"WebPage\",\"@id\":\"https:\/\/www.ckiopodkowa.pl\/index.php\/2025\/10\/31\/nasza-mala-poczekalnia-spotkanie-autorskie-z-maciejem-koszewskim\/#webpage\",\"url\":\"https:\/\/www.ckiopodkowa.pl\/index.php\/2025\/10\/31\/nasza-mala-poczekalnia-spotkanie-autorskie-z-maciejem-koszewskim\/\",\"name\":\"Nasza ma\\u0142a poczekalnia - spotkanie autorskie z Maciejem Koszewskim - CKiO Podkowa Le\\u015bna\",\"isPartOf\":{\"@id\":\"https:\/\/www.ckiopodkowa.pl\/#website\"},\"primaryImageOfPage\":{\"@id\":\"https:\/\/www.ckiopodkowa.pl\/index.php\/2025\/10\/31\/nasza-mala-poczekalnia-spotkanie-autorskie-z-maciejem-koszewskim\/#primaryimage\"},\"datePublished\":\"2025-10-31T15:29:15+00:00\",\"dateModified\":\"2025-11-14T09:00:21+00:00\",\"author\":{\"@id\":\"https:\/\/www.ckiopodkowa.pl\/#\/schema\/person\/fe8183879faf2a5171bab7e34189804e\"},\"breadcrumb\":{\"@id\":\"https:\/\/www.ckiopodkowa.pl\/index.php\/2025\/10\/31\/nasza-mala-poczekalnia-spotkanie-autorskie-z-maciejem-koszewskim\/#breadcrumb\"},\"inLanguage\":\"pl-PL\",\"potentialAction\":[{\"@type\":\"ReadAction\",\"target\":[\"https:\/\/www.ckiopodkowa.pl\/index.php\/2025\/10\/31\/nasza-mala-poczekalnia-spotkanie-autorskie-z-maciejem-koszewskim\/\"]}]},{\"@type\":\"BreadcrumbList\",\"@id\":\"https:\/\/www.ckiopodkowa.pl\/index.php\/2025\/10\/31\/nasza-mala-poczekalnia-spotkanie-autorskie-z-maciejem-koszewskim\/#breadcrumb\",\"itemListElement\":[{\"@type\":\"ListItem\",\"position\":1,\"item\":{\"@type\":\"WebPage\",\"@id\":\"https:\/\/www.ckiopodkowa.pl\/\",\"url\":\"https:\/\/www.ckiopodkowa.pl\/\",\"name\":\"Strona g\\u0142\\u00f3wna\"}},{\"@type\":\"ListItem\",\"position\":2,\"item\":{\"@type\":\"WebPage\",\"@id\":\"https:\/\/www.ckiopodkowa.pl\/index.php\/2025\/10\/31\/nasza-mala-poczekalnia-spotkanie-autorskie-z-maciejem-koszewskim\/\",\"url\":\"https:\/\/www.ckiopodkowa.pl\/index.php\/2025\/10\/31\/nasza-mala-poczekalnia-spotkanie-autorskie-z-maciejem-koszewskim\/\",\"name\":\"Nasza ma\\u0142a poczekalnia &#8211; spotkanie autorskie z Maciejem Koszewskim\"}}]},{\"@type\":\"Person\",\"@id\":\"https:\/\/www.ckiopodkowa.pl\/#\/schema\/person\/fe8183879faf2a5171bab7e34189804e\",\"name\":\"Paulina Soczewka\",\"image\":{\"@type\":\"ImageObject\",\"@id\":\"https:\/\/www.ckiopodkowa.pl\/#personlogo\",\"inLanguage\":\"pl-PL\",\"url\":\"https:\/\/secure.gravatar.com\/avatar\/06768c0942b0d44629c19894f46ebfbeecb968e3d2029a19581a606d7c1453bb?s=96&d=mm&r=g\",\"caption\":\"Paulina Soczewka\"}}]}<\/script>\n<!-- \/ Yoast SEO Premium plugin. -->","_links":{"self":[{"href":"https:\/\/www.ckiopodkowa.pl\/index.php\/wp-json\/wp\/v2\/posts\/16900","targetHints":{"allow":["GET"]}}],"collection":[{"href":"https:\/\/www.ckiopodkowa.pl\/index.php\/wp-json\/wp\/v2\/posts"}],"about":[{"href":"https:\/\/www.ckiopodkowa.pl\/index.php\/wp-json\/wp\/v2\/types\/post"}],"author":[{"embeddable":true,"href":"https:\/\/www.ckiopodkowa.pl\/index.php\/wp-json\/wp\/v2\/users\/10"}],"replies":[{"embeddable":true,"href":"https:\/\/www.ckiopodkowa.pl\/index.php\/wp-json\/wp\/v2\/comments?post=16900"}],"version-history":[{"count":5,"href":"https:\/\/www.ckiopodkowa.pl\/index.php\/wp-json\/wp\/v2\/posts\/16900\/revisions"}],"predecessor-version":[{"id":16910,"href":"https:\/\/www.ckiopodkowa.pl\/index.php\/wp-json\/wp\/v2\/posts\/16900\/revisions\/16910"}],"wp:featuredmedia":[{"embeddable":true,"href":"https:\/\/www.ckiopodkowa.pl\/index.php\/wp-json\/wp\/v2\/media\/16901"}],"wp:attachment":[{"href":"https:\/\/www.ckiopodkowa.pl\/index.php\/wp-json\/wp\/v2\/media?parent=16900"}],"wp:term":[{"taxonomy":"category","embeddable":true,"href":"https:\/\/www.ckiopodkowa.pl\/index.php\/wp-json\/wp\/v2\/categories?post=16900"},{"taxonomy":"post_tag","embeddable":true,"href":"https:\/\/www.ckiopodkowa.pl\/index.php\/wp-json\/wp\/v2\/tags?post=16900"}],"curies":[{"name":"wp","href":"https:\/\/api.w.org\/{rel}","templated":true}]}}