{"id":16117,"date":"2025-09-28T12:54:55","date_gmt":"2025-09-28T10:54:55","guid":{"rendered":"https:\/\/www.ckiopodkowa.pl\/?p=16117"},"modified":"2025-10-14T12:10:57","modified_gmt":"2025-10-14T10:10:57","slug":"daniel-olbrychski-honorowym-obywatelem-podkowy-lesnej","status":"publish","type":"post","link":"https:\/\/www.ckiopodkowa.pl\/index.php\/2025\/09\/28\/daniel-olbrychski-honorowym-obywatelem-podkowy-lesnej\/","title":{"rendered":"Daniel Olbrychski Honorowym Obywatelem Podkowy Le\u015bnej"},"content":{"rendered":"\n<h2 class=\"wp-block-heading\" id=\"h-w-niedziel-12-pa-dziernika-w-pa-acyku-kasyno-b-dzie-mia-a-miejsce-uroczysto-nadania-honorowego-obywatelstwa-podkowy-le-nej-wybitnemu-aktorowi-danielowi-olbrychskiemu-pocz-tek-o-godz-11-00-wst-p-wolny\">W niedziel\u0119 12 pa\u017adziernika w Pa\u0142acyku Kasyno b\u0119dzie mia\u0142a miejsce uroczysto\u015b\u0107 nadania honorowego obywatelstwa Podkowy Le\u015bnej wybitnemu aktorowi Danielowi Olbrychskiemu. Pocz\u0105tek o godz. 11.00. Wst\u0119p wolny. <\/h2>\n\n\n\n<p>MAGDALENA ECKHOFF, Burmistrz Miasta Podkowa Le\u015bna<br>MICHA\u0141 GO\u0141\u0104B, Przewodnicz\u0105cy Rady Miasta Podkowa Le\u015bna<br>maj\u0105 zaszczyt zaprosi\u0107 na uroczysto\u015b\u0107<br>wr\u0119czenia aktu nadania tytu\u0142u<\/p>\n\n\n\n<p><strong>HONOROWEGO OBYWATELA MIASTA OGRODU PODKOWA LE\u015aNA DANIELOWI OLBRYCHSKIEMU<\/strong><\/p>\n\n\n\n<p><strong><br>XXII Sesja Rady Miasta Podkowa Le\u015bna<\/strong><\/p>\n\n\n\n<p><strong>12 pa\u017adziernika 2025 roku (niedziela) o godz. 11.00<\/strong><\/p>\n\n\n\n<p><strong>Laudacj\u0119 na cze\u015b\u0107 Honorowego Obywatela&nbsp;<\/strong><\/p>\n\n\n\n<p><strong>wyg\u0142osi&nbsp;<\/strong><strong>ANDRZEJ KOWALCZYK<\/strong><\/p>\n\n\n\n<p><strong>Wydarzenie u\u015bwietni wyst\u0119p W\u0141ODKA PAWLIKA &#8211; fortepian<\/strong><\/p>\n\n\n\n<p>Centrum Kultury i Inicjatyw Obywatelskich\u00a0w Podkowie Le\u015bnej (Pa\u0142acyk Kasyno), ul. Lilpopa 18, wst\u0119p wolny!<\/p>\n","protected":false},"excerpt":{"rendered":"<p>W niedziel\u0119 12 pa\u017adziernika w Pa\u0142acyku Kasyno b\u0119dzie mia\u0142a miejsce uroczysto\u015b\u0107 nadania honorowego obywatelstwa Podkowy Le\u015bnej wybitnemu aktorowi Danielowi Olbrychskiemu. Pocz\u0105tek o godz. 11.00. Wst\u0119p wolny. MAGDALENA ECKHOFF, Burmistrz Miasta Podkowa Le\u015bnaMICHA\u0141 GO\u0141\u0104B, Przewodnicz\u0105cy Rady Miasta Podkowa Le\u015bnamaj\u0105 zaszczyt zaprosi\u0107 na uroczysto\u015b\u0107wr\u0119czenia aktu nadania tytu\u0142u HONOROWEGO OBYWATELA MIASTA OGRODU PODKOWA LE\u015aNA DANIELOWI OLBRYCHSKIEMU XXII Sesja [&hellip;]<\/p>\n","protected":false},"author":3,"featured_media":16120,"comment_status":"closed","ping_status":"closed","sticky":false,"template":"","format":"standard","meta":{"ocean_post_layout":"","ocean_both_sidebars_style":"","ocean_both_sidebars_content_width":0,"ocean_both_sidebars_sidebars_width":0,"ocean_sidebar":"","ocean_second_sidebar":"","ocean_disable_margins":"enable","ocean_add_body_class":"","ocean_shortcode_before_top_bar":"","ocean_shortcode_after_top_bar":"","ocean_shortcode_before_header":"","ocean_shortcode_after_header":"","ocean_has_shortcode":"","ocean_shortcode_after_title":"","ocean_shortcode_before_footer_widgets":"","ocean_shortcode_after_footer_widgets":"","ocean_shortcode_before_footer_bottom":"","ocean_shortcode_after_footer_bottom":"","ocean_display_top_bar":"default","ocean_display_header":"default","ocean_header_style":"","ocean_center_header_left_menu":"","ocean_custom_header_template":"","ocean_custom_logo":0,"ocean_custom_retina_logo":0,"ocean_custom_logo_max_width":0,"ocean_custom_logo_tablet_max_width":0,"ocean_custom_logo_mobile_max_width":0,"ocean_custom_logo_max_height":0,"ocean_custom_logo_tablet_max_height":0,"ocean_custom_logo_mobile_max_height":0,"ocean_header_custom_menu":"","ocean_menu_typo_font_family":"","ocean_menu_typo_font_subset":"","ocean_menu_typo_font_size":0,"ocean_menu_typo_font_size_tablet":0,"ocean_menu_typo_font_size_mobile":0,"ocean_menu_typo_font_size_unit":"px","ocean_menu_typo_font_weight":"","ocean_menu_typo_font_weight_tablet":"","ocean_menu_typo_font_weight_mobile":"","ocean_menu_typo_transform":"","ocean_menu_typo_transform_tablet":"","ocean_menu_typo_transform_mobile":"","ocean_menu_typo_line_height":0,"ocean_menu_typo_line_height_tablet":0,"ocean_menu_typo_line_height_mobile":0,"ocean_menu_typo_line_height_unit":"","ocean_menu_typo_spacing":0,"ocean_menu_typo_spacing_tablet":0,"ocean_menu_typo_spacing_mobile":0,"ocean_menu_typo_spacing_unit":"","ocean_menu_link_color":"","ocean_menu_link_color_hover":"","ocean_menu_link_color_active":"","ocean_menu_link_background":"","ocean_menu_link_hover_background":"","ocean_menu_link_active_background":"","ocean_menu_social_links_bg":"","ocean_menu_social_hover_links_bg":"","ocean_menu_social_links_color":"","ocean_menu_social_hover_links_color":"","ocean_disable_title":"default","ocean_disable_heading":"default","ocean_post_title":"","ocean_post_subheading":"","ocean_post_title_style":"","ocean_post_title_background_color":"","ocean_post_title_background":0,"ocean_post_title_bg_image_position":"","ocean_post_title_bg_image_attachment":"","ocean_post_title_bg_image_repeat":"","ocean_post_title_bg_image_size":"","ocean_post_title_height":0,"ocean_post_title_bg_overlay":0.5,"ocean_post_title_bg_overlay_color":"","ocean_disable_breadcrumbs":"default","ocean_breadcrumbs_color":"","ocean_breadcrumbs_separator_color":"","ocean_breadcrumbs_links_color":"","ocean_breadcrumbs_links_hover_color":"","ocean_display_footer_widgets":"default","ocean_display_footer_bottom":"default","ocean_custom_footer_template":"","ocean_post_oembed":"","ocean_post_self_hosted_media":"","ocean_post_video_embed":"","ocean_link_format":"","ocean_link_format_target":"self","ocean_quote_format":"","ocean_quote_format_link":"post","ocean_gallery_link_images":"on","ocean_gallery_id":[],"footnotes":""},"categories":[26,21],"tags":[122,836,80,37],"class_list":["post-16117","post","type-post","status-publish","format-standard","has-post-thumbnail","hentry","category-aktualnosci","category-swiatowa-podkowa","tag-daniel-olbrychski","tag-honorowy-obywatel","tag-palacyk-kasyno","tag-podkowa-lesna","entry","has-media"],"yoast_head":"<!-- This site is optimized with the Yoast SEO Premium plugin v15.2.1 - https:\/\/yoast.com\/wordpress\/plugins\/seo\/ -->\n<title>Daniel Olbrychski Honorowym Obywatelem Podkowy Le\u015bnej - CKiO Podkowa Le\u015bna<\/title>\n<meta name=\"robots\" content=\"index, follow, max-snippet:-1, max-image-preview:large, max-video-preview:-1\" \/>\n<link rel=\"canonical\" href=\"https:\/\/www.ckiopodkowa.pl\/index.php\/2025\/09\/28\/daniel-olbrychski-honorowym-obywatelem-podkowy-lesnej\/\" \/>\n<meta property=\"og:locale\" content=\"pl_PL\" \/>\n<meta property=\"og:type\" content=\"article\" \/>\n<meta property=\"og:title\" content=\"Daniel Olbrychski Honorowym Obywatelem Podkowy Le\u015bnej - CKiO Podkowa Le\u015bna\" \/>\n<meta property=\"og:description\" content=\"W niedziel\u0119 12 pa\u017adziernika w Pa\u0142acyku Kasyno b\u0119dzie mia\u0142a miejsce uroczysto\u015b\u0107 nadania honorowego obywatelstwa Podkowy Le\u015bnej wybitnemu aktorowi Danielowi Olbrychskiemu. Pocz\u0105tek o godz. 11.00. Wst\u0119p wolny. MAGDALENA ECKHOFF, Burmistrz Miasta Podkowa Le\u015bnaMICHA\u0141 GO\u0141\u0104B, Przewodnicz\u0105cy Rady Miasta Podkowa Le\u015bnamaj\u0105 zaszczyt zaprosi\u0107 na uroczysto\u015b\u0107wr\u0119czenia aktu nadania tytu\u0142u HONOROWEGO OBYWATELA MIASTA OGRODU PODKOWA LE\u015aNA DANIELOWI OLBRYCHSKIEMU XXII Sesja [&hellip;]\" \/>\n<meta property=\"og:url\" content=\"https:\/\/www.ckiopodkowa.pl\/index.php\/2025\/09\/28\/daniel-olbrychski-honorowym-obywatelem-podkowy-lesnej\/\" \/>\n<meta property=\"og:site_name\" content=\"CKiO Podkowa Le\u015bna\" \/>\n<meta property=\"article:published_time\" content=\"2025-09-28T10:54:55+00:00\" \/>\n<meta property=\"article:modified_time\" content=\"2025-10-14T10:10:57+00:00\" \/>\n<meta property=\"og:image\" content=\"https:\/\/www.ckiopodkowa.pl\/wp-content\/uploads\/2025\/09\/Daniel-Olbrychski-Honorowym-Obywatelem-Miasta-PL-scaled.jpg\" \/>\n\t<meta property=\"og:image:width\" content=\"1869\" \/>\n\t<meta property=\"og:image:height\" content=\"2560\" \/>\n<meta name=\"twitter:card\" content=\"summary_large_image\" \/>\n<meta name=\"twitter:label1\" content=\"Napisane przez\">\n\t<meta name=\"twitter:data1\" content=\"Micha\u0142 Burszta\">\n\t<meta name=\"twitter:label2\" content=\"Szacowany czas czytania\">\n\t<meta name=\"twitter:data2\" content=\"0 minut\">\n<script type=\"application\/ld+json\" class=\"yoast-schema-graph\">{\"@context\":\"https:\/\/schema.org\",\"@graph\":[{\"@type\":\"WebSite\",\"@id\":\"https:\/\/www.ckiopodkowa.pl\/#website\",\"url\":\"https:\/\/www.ckiopodkowa.pl\/\",\"name\":\"CKiO Podkowa Le\\u015bna\",\"description\":\"\",\"potentialAction\":[{\"@type\":\"SearchAction\",\"target\":\"https:\/\/www.ckiopodkowa.pl\/?s={search_term_string}\",\"query-input\":\"required name=search_term_string\"}],\"inLanguage\":\"pl-PL\"},{\"@type\":\"ImageObject\",\"@id\":\"https:\/\/www.ckiopodkowa.pl\/index.php\/2025\/09\/28\/daniel-olbrychski-honorowym-obywatelem-podkowy-lesnej\/#primaryimage\",\"inLanguage\":\"pl-PL\",\"url\":\"https:\/\/www.ckiopodkowa.pl\/wp-content\/uploads\/2025\/09\/Daniel-Olbrychski-Honorowym-Obywatelem-Miasta-PL-scaled.jpg\",\"width\":1869,\"height\":2560},{\"@type\":\"WebPage\",\"@id\":\"https:\/\/www.ckiopodkowa.pl\/index.php\/2025\/09\/28\/daniel-olbrychski-honorowym-obywatelem-podkowy-lesnej\/#webpage\",\"url\":\"https:\/\/www.ckiopodkowa.pl\/index.php\/2025\/09\/28\/daniel-olbrychski-honorowym-obywatelem-podkowy-lesnej\/\",\"name\":\"Daniel Olbrychski Honorowym Obywatelem Podkowy Le\\u015bnej - CKiO Podkowa Le\\u015bna\",\"isPartOf\":{\"@id\":\"https:\/\/www.ckiopodkowa.pl\/#website\"},\"primaryImageOfPage\":{\"@id\":\"https:\/\/www.ckiopodkowa.pl\/index.php\/2025\/09\/28\/daniel-olbrychski-honorowym-obywatelem-podkowy-lesnej\/#primaryimage\"},\"datePublished\":\"2025-09-28T10:54:55+00:00\",\"dateModified\":\"2025-10-14T10:10:57+00:00\",\"author\":{\"@id\":\"https:\/\/www.ckiopodkowa.pl\/#\/schema\/person\/c86f9e496f06965599cdf61c3f0d7353\"},\"breadcrumb\":{\"@id\":\"https:\/\/www.ckiopodkowa.pl\/index.php\/2025\/09\/28\/daniel-olbrychski-honorowym-obywatelem-podkowy-lesnej\/#breadcrumb\"},\"inLanguage\":\"pl-PL\",\"potentialAction\":[{\"@type\":\"ReadAction\",\"target\":[\"https:\/\/www.ckiopodkowa.pl\/index.php\/2025\/09\/28\/daniel-olbrychski-honorowym-obywatelem-podkowy-lesnej\/\"]}]},{\"@type\":\"BreadcrumbList\",\"@id\":\"https:\/\/www.ckiopodkowa.pl\/index.php\/2025\/09\/28\/daniel-olbrychski-honorowym-obywatelem-podkowy-lesnej\/#breadcrumb\",\"itemListElement\":[{\"@type\":\"ListItem\",\"position\":1,\"item\":{\"@type\":\"WebPage\",\"@id\":\"https:\/\/www.ckiopodkowa.pl\/\",\"url\":\"https:\/\/www.ckiopodkowa.pl\/\",\"name\":\"Strona g\\u0142\\u00f3wna\"}},{\"@type\":\"ListItem\",\"position\":2,\"item\":{\"@type\":\"WebPage\",\"@id\":\"https:\/\/www.ckiopodkowa.pl\/index.php\/2025\/09\/28\/daniel-olbrychski-honorowym-obywatelem-podkowy-lesnej\/\",\"url\":\"https:\/\/www.ckiopodkowa.pl\/index.php\/2025\/09\/28\/daniel-olbrychski-honorowym-obywatelem-podkowy-lesnej\/\",\"name\":\"Daniel Olbrychski Honorowym Obywatelem Podkowy Le\\u015bnej\"}}]},{\"@type\":\"Person\",\"@id\":\"https:\/\/www.ckiopodkowa.pl\/#\/schema\/person\/c86f9e496f06965599cdf61c3f0d7353\",\"name\":\"Micha\\u0142 Burszta\",\"image\":{\"@type\":\"ImageObject\",\"@id\":\"https:\/\/www.ckiopodkowa.pl\/#personlogo\",\"inLanguage\":\"pl-PL\",\"url\":\"https:\/\/secure.gravatar.com\/avatar\/f1f4d167c304c69158a01101acd802fb2136a0a7ace154aa5a365dff7ecbce61?s=96&d=mm&r=g\",\"caption\":\"Micha\\u0142 Burszta\"}}]}<\/script>\n<!-- \/ Yoast SEO Premium plugin. -->","_links":{"self":[{"href":"https:\/\/www.ckiopodkowa.pl\/index.php\/wp-json\/wp\/v2\/posts\/16117","targetHints":{"allow":["GET"]}}],"collection":[{"href":"https:\/\/www.ckiopodkowa.pl\/index.php\/wp-json\/wp\/v2\/posts"}],"about":[{"href":"https:\/\/www.ckiopodkowa.pl\/index.php\/wp-json\/wp\/v2\/types\/post"}],"author":[{"embeddable":true,"href":"https:\/\/www.ckiopodkowa.pl\/index.php\/wp-json\/wp\/v2\/users\/3"}],"replies":[{"embeddable":true,"href":"https:\/\/www.ckiopodkowa.pl\/index.php\/wp-json\/wp\/v2\/comments?post=16117"}],"version-history":[{"count":3,"href":"https:\/\/www.ckiopodkowa.pl\/index.php\/wp-json\/wp\/v2\/posts\/16117\/revisions"}],"predecessor-version":[{"id":16121,"href":"https:\/\/www.ckiopodkowa.pl\/index.php\/wp-json\/wp\/v2\/posts\/16117\/revisions\/16121"}],"wp:featuredmedia":[{"embeddable":true,"href":"https:\/\/www.ckiopodkowa.pl\/index.php\/wp-json\/wp\/v2\/media\/16120"}],"wp:attachment":[{"href":"https:\/\/www.ckiopodkowa.pl\/index.php\/wp-json\/wp\/v2\/media?parent=16117"}],"wp:term":[{"taxonomy":"category","embeddable":true,"href":"https:\/\/www.ckiopodkowa.pl\/index.php\/wp-json\/wp\/v2\/categories?post=16117"},{"taxonomy":"post_tag","embeddable":true,"href":"https:\/\/www.ckiopodkowa.pl\/index.php\/wp-json\/wp\/v2\/tags?post=16117"}],"curies":[{"name":"wp","href":"https:\/\/api.w.org\/{rel}","templated":true}]}}