{"id":16090,"date":"2025-09-10T09:01:29","date_gmt":"2025-09-10T07:01:29","guid":{"rendered":"https:\/\/www.ckiopodkowa.pl\/?p=16090"},"modified":"2025-09-25T10:53:26","modified_gmt":"2025-09-25T08:53:26","slug":"sasiedzkie-spotkania-filmowe-kwiat-osmiu-gor","status":"publish","type":"post","link":"https:\/\/www.ckiopodkowa.pl\/index.php\/2025\/09\/10\/sasiedzkie-spotkania-filmowe-kwiat-osmiu-gor\/","title":{"rendered":"S\u0104SIEDZKIE SPOTKANIA FILMOWE: &#8222;Kwiat o\u015bmiu g\u00f3r&#8221;"},"content":{"rendered":"\t\t<div data-elementor-type=\"wp-post\" data-elementor-id=\"16090\" class=\"elementor elementor-16090\" data-elementor-post-type=\"post\">\n\t\t\t\t\t\t<section class=\"elementor-section elementor-top-section elementor-element elementor-element-4a5cbb9 elementor-section-boxed elementor-section-height-default elementor-section-height-default\" data-id=\"4a5cbb9\" data-element_type=\"section\">\n\t\t\t\t\t\t<div class=\"elementor-container elementor-column-gap-default\">\n\t\t\t\t\t<div class=\"elementor-column elementor-col-100 elementor-top-column elementor-element elementor-element-3fd4250\" data-id=\"3fd4250\" data-element_type=\"column\">\n\t\t\t<div class=\"elementor-widget-wrap elementor-element-populated\">\n\t\t\t\t\t\t<div class=\"elementor-element elementor-element-0f38d5e elementor-widget elementor-widget-text-editor\" data-id=\"0f38d5e\" data-element_type=\"widget\" data-widget_type=\"text-editor.default\">\n\t\t\t\t<div class=\"elementor-widget-container\">\n\t\t\t\t\t\t\t\t\t<p>Zapraszamy 20 wrze\u015bnia (sobota) godz. 18.00 na kolejne S\u0105siedzkie Spotkanie Filmowe.\u00a0\u00a0Debiut filmowy Paolo Cognettiego, kt\u00f3ry po sukcesie ekranizacji swojej ksi\u0105\u017cki \u201eOsiem g\u00f3r\u201d, zaj\u0105\u0142 si\u0119 re\u017cyseri\u0105. \u201eKwiat o\u015bmiu g\u00f3r&#8221; to spojrzenie na ludzi, kt\u00f3rzy \u017cyj\u0105 z dala od zgie\u0142ku dolin, dooko\u0142a rozleg\u0142ej g\u00f3ry Monte Rosa w Alpach. Wszystko zacz\u0119\u0142o si\u0119 od suszy, kt\u00f3ra nawiedzi\u0142a miejscowo\u015b\u0107 Estoul, po\u0142o\u017con\u0105 na wysoko\u015bci 1700 m n.p.m. To nie jest jednak film o tym, jak ocali\u0107 g\u00f3ry, ale o tym, jak g\u00f3ry mog\u0105 ocali\u0107 nas. Re\u017cyser w\u0119druje po nich wraz ze swoim wiernym psem Lakim. W schroniskach rozmawia z lud\u017ami, kt\u00f3rzy wybrali \u017cycie na wysoko\u015bciach. Klimat tych miejsc tworz\u0105 melancholia nadchodz\u0105cej jesieni i uczucie samotno\u015bci w obliczu nieprzejednanego g\u00f3rskiego krajobrazu. Marta Squinobal prowadzi jedyne w ca\u0142ych Alpach wega\u0144skie schronisko. Pracuje z Szerp\u0105 Sete Tamangiem i przyjmuje tych, kt\u00f3rzy chc\u0105 tu \u2013 na wysoko\u015bci 3855 mn.p.m. \u2013 spojrze\u0107 na nowo w g\u0142\u0105b siebie. O zmianach, kt\u00f3re nadchodz\u0105, nawet tu nikt nie m\u00f3wi wprost. \u201eGdy natura b\u0119dzie mia\u0142a nas do\u015b\u0107, po prostu nas wyrzuci i nie obejrzy si\u0119 za siebie\u201d \u2013 t\u0142umaczy instruktorka medytacji. Pi\u0119kno Alp niezm\u0105cone jest tu masow\u0105 turystyk\u0105. Historia, kt\u00f3r\u0105 przedstawia Cognetti, otwiera si\u0119 przed nami w ciszy.<\/p>\t\t\t\t\t\t\t\t<\/div>\n\t\t\t\t<\/div>\n\t\t\t\t\t<\/div>\n\t\t<\/div>\n\t\t\t\t\t<\/div>\n\t\t<\/section>\n\t\t\t\t<\/div>\n\t\t","protected":false},"excerpt":{"rendered":"<p>Zapraszamy 20 wrze\u015bnia (sobota) godz. 18.00 na kolejne S\u0105siedzkie Spotkanie Filmowe.\u00a0\u00a0Debiut filmowy Paolo Cognettiego, kt\u00f3ry po sukcesie ekranizacji swojej ksi\u0105\u017cki \u201eOsiem g\u00f3r\u201d, zaj\u0105\u0142 si\u0119 re\u017cyseri\u0105. \u201eKwiat o\u015bmiu g\u00f3r&#8221; to spojrzenie na ludzi, kt\u00f3rzy \u017cyj\u0105 z dala od zgie\u0142ku dolin, dooko\u0142a rozleg\u0142ej g\u00f3ry Monte Rosa w Alpach. Wszystko zacz\u0119\u0142o si\u0119 od suszy, kt\u00f3ra nawiedzi\u0142a miejscowo\u015b\u0107 Estoul, [&hellip;]<\/p>\n","protected":false},"author":7,"featured_media":16091,"comment_status":"closed","ping_status":"closed","sticky":false,"template":"","format":"standard","meta":{"ocean_post_layout":"","ocean_both_sidebars_style":"","ocean_both_sidebars_content_width":0,"ocean_both_sidebars_sidebars_width":0,"ocean_sidebar":"","ocean_second_sidebar":"","ocean_disable_margins":"enable","ocean_add_body_class":"","ocean_shortcode_before_top_bar":"","ocean_shortcode_after_top_bar":"","ocean_shortcode_before_header":"","ocean_shortcode_after_header":"","ocean_has_shortcode":"","ocean_shortcode_after_title":"","ocean_shortcode_before_footer_widgets":"","ocean_shortcode_after_footer_widgets":"","ocean_shortcode_before_footer_bottom":"","ocean_shortcode_after_footer_bottom":"","ocean_display_top_bar":"default","ocean_display_header":"default","ocean_header_style":"","ocean_center_header_left_menu":"","ocean_custom_header_template":"","ocean_custom_logo":0,"ocean_custom_retina_logo":0,"ocean_custom_logo_max_width":0,"ocean_custom_logo_tablet_max_width":0,"ocean_custom_logo_mobile_max_width":0,"ocean_custom_logo_max_height":0,"ocean_custom_logo_tablet_max_height":0,"ocean_custom_logo_mobile_max_height":0,"ocean_header_custom_menu":"","ocean_menu_typo_font_family":"","ocean_menu_typo_font_subset":"","ocean_menu_typo_font_size":0,"ocean_menu_typo_font_size_tablet":0,"ocean_menu_typo_font_size_mobile":0,"ocean_menu_typo_font_size_unit":"px","ocean_menu_typo_font_weight":"","ocean_menu_typo_font_weight_tablet":"","ocean_menu_typo_font_weight_mobile":"","ocean_menu_typo_transform":"","ocean_menu_typo_transform_tablet":"","ocean_menu_typo_transform_mobile":"","ocean_menu_typo_line_height":0,"ocean_menu_typo_line_height_tablet":0,"ocean_menu_typo_line_height_mobile":0,"ocean_menu_typo_line_height_unit":"","ocean_menu_typo_spacing":0,"ocean_menu_typo_spacing_tablet":0,"ocean_menu_typo_spacing_mobile":0,"ocean_menu_typo_spacing_unit":"","ocean_menu_link_color":"","ocean_menu_link_color_hover":"","ocean_menu_link_color_active":"","ocean_menu_link_background":"","ocean_menu_link_hover_background":"","ocean_menu_link_active_background":"","ocean_menu_social_links_bg":"","ocean_menu_social_hover_links_bg":"","ocean_menu_social_links_color":"","ocean_menu_social_hover_links_color":"","ocean_disable_title":"default","ocean_disable_heading":"default","ocean_post_title":"","ocean_post_subheading":"","ocean_post_title_style":"","ocean_post_title_background_color":"","ocean_post_title_background":0,"ocean_post_title_bg_image_position":"","ocean_post_title_bg_image_attachment":"","ocean_post_title_bg_image_repeat":"","ocean_post_title_bg_image_size":"","ocean_post_title_height":0,"ocean_post_title_bg_overlay":0.5,"ocean_post_title_bg_overlay_color":"","ocean_disable_breadcrumbs":"default","ocean_breadcrumbs_color":"","ocean_breadcrumbs_separator_color":"","ocean_breadcrumbs_links_color":"","ocean_breadcrumbs_links_hover_color":"","ocean_display_footer_widgets":"default","ocean_display_footer_bottom":"default","ocean_custom_footer_template":"","ocean_post_oembed":"","ocean_post_self_hosted_media":"","ocean_post_video_embed":"","ocean_link_format":"","ocean_link_format_target":"self","ocean_quote_format":"","ocean_quote_format_link":"post","ocean_gallery_link_images":"on","ocean_gallery_id":[],"footnotes":""},"categories":[23,15],"tags":[],"class_list":["post-16090","post","type-post","status-publish","format-standard","has-post-thumbnail","hentry","category-filmy","category-kino-projekt","entry","has-media"],"yoast_head":"<!-- This site is optimized with the Yoast SEO Premium plugin v15.2.1 - https:\/\/yoast.com\/wordpress\/plugins\/seo\/ -->\n<title>S\u0104SIEDZKIE SPOTKANIA FILMOWE: &quot;Kwiat o\u015bmiu g\u00f3r&quot; - CKiO Podkowa Le\u015bna<\/title>\n<meta name=\"robots\" content=\"index, follow, max-snippet:-1, max-image-preview:large, max-video-preview:-1\" \/>\n<link rel=\"canonical\" href=\"https:\/\/www.ckiopodkowa.pl\/index.php\/2025\/09\/10\/sasiedzkie-spotkania-filmowe-kwiat-osmiu-gor\/\" \/>\n<meta property=\"og:locale\" content=\"pl_PL\" \/>\n<meta property=\"og:type\" content=\"article\" \/>\n<meta property=\"og:title\" content=\"S\u0104SIEDZKIE SPOTKANIA FILMOWE: &quot;Kwiat o\u015bmiu g\u00f3r&quot; - CKiO Podkowa Le\u015bna\" \/>\n<meta property=\"og:description\" content=\"Zapraszamy 20 wrze\u015bnia (sobota) godz. 18.00 na kolejne S\u0105siedzkie Spotkanie Filmowe.\u00a0\u00a0Debiut filmowy Paolo Cognettiego, kt\u00f3ry po sukcesie ekranizacji swojej ksi\u0105\u017cki \u201eOsiem g\u00f3r\u201d, zaj\u0105\u0142 si\u0119 re\u017cyseri\u0105. \u201eKwiat o\u015bmiu g\u00f3r&#8221; to spojrzenie na ludzi, kt\u00f3rzy \u017cyj\u0105 z dala od zgie\u0142ku dolin, dooko\u0142a rozleg\u0142ej g\u00f3ry Monte Rosa w Alpach. Wszystko zacz\u0119\u0142o si\u0119 od suszy, kt\u00f3ra nawiedzi\u0142a miejscowo\u015b\u0107 Estoul, [&hellip;]\" \/>\n<meta property=\"og:url\" content=\"https:\/\/www.ckiopodkowa.pl\/index.php\/2025\/09\/10\/sasiedzkie-spotkania-filmowe-kwiat-osmiu-gor\/\" \/>\n<meta property=\"og:site_name\" content=\"CKiO Podkowa Le\u015bna\" \/>\n<meta property=\"article:published_time\" content=\"2025-09-10T07:01:29+00:00\" \/>\n<meta property=\"article:modified_time\" content=\"2025-09-25T08:53:26+00:00\" \/>\n<meta name=\"twitter:card\" content=\"summary_large_image\" \/>\n<meta name=\"twitter:image\" content=\"https:\/\/www.ckiopodkowa.pl\/wp-content\/uploads\/2025\/09\/8189535.8.webp\" \/>\n<meta name=\"twitter:label1\" content=\"Napisane przez\">\n\t<meta name=\"twitter:data1\" content=\"Barbara Potka\u0144ska\">\n\t<meta name=\"twitter:label2\" content=\"Szacowany czas czytania\">\n\t<meta name=\"twitter:data2\" content=\"1 minuta\">\n<script type=\"application\/ld+json\" class=\"yoast-schema-graph\">{\"@context\":\"https:\/\/schema.org\",\"@graph\":[{\"@type\":\"WebSite\",\"@id\":\"https:\/\/www.ckiopodkowa.pl\/#website\",\"url\":\"https:\/\/www.ckiopodkowa.pl\/\",\"name\":\"CKiO Podkowa Le\\u015bna\",\"description\":\"\",\"potentialAction\":[{\"@type\":\"SearchAction\",\"target\":\"https:\/\/www.ckiopodkowa.pl\/?s={search_term_string}\",\"query-input\":\"required name=search_term_string\"}],\"inLanguage\":\"pl-PL\"},{\"@type\":\"ImageObject\",\"@id\":\"https:\/\/www.ckiopodkowa.pl\/index.php\/2025\/09\/10\/sasiedzkie-spotkania-filmowe-kwiat-osmiu-gor\/#primaryimage\",\"inLanguage\":\"pl-PL\",\"url\":\"https:\/\/www.ckiopodkowa.pl\/wp-content\/uploads\/2025\/09\/8189535.8.webp\",\"width\":500,\"height\":704},{\"@type\":\"WebPage\",\"@id\":\"https:\/\/www.ckiopodkowa.pl\/index.php\/2025\/09\/10\/sasiedzkie-spotkania-filmowe-kwiat-osmiu-gor\/#webpage\",\"url\":\"https:\/\/www.ckiopodkowa.pl\/index.php\/2025\/09\/10\/sasiedzkie-spotkania-filmowe-kwiat-osmiu-gor\/\",\"name\":\"S\\u0104SIEDZKIE SPOTKANIA FILMOWE: \\\"Kwiat o\\u015bmiu g\\u00f3r\\\" - CKiO Podkowa Le\\u015bna\",\"isPartOf\":{\"@id\":\"https:\/\/www.ckiopodkowa.pl\/#website\"},\"primaryImageOfPage\":{\"@id\":\"https:\/\/www.ckiopodkowa.pl\/index.php\/2025\/09\/10\/sasiedzkie-spotkania-filmowe-kwiat-osmiu-gor\/#primaryimage\"},\"datePublished\":\"2025-09-10T07:01:29+00:00\",\"dateModified\":\"2025-09-25T08:53:26+00:00\",\"author\":{\"@id\":\"https:\/\/www.ckiopodkowa.pl\/#\/schema\/person\/34e0b0e10cd3f5942f19a99074ba6b93\"},\"breadcrumb\":{\"@id\":\"https:\/\/www.ckiopodkowa.pl\/index.php\/2025\/09\/10\/sasiedzkie-spotkania-filmowe-kwiat-osmiu-gor\/#breadcrumb\"},\"inLanguage\":\"pl-PL\",\"potentialAction\":[{\"@type\":\"ReadAction\",\"target\":[\"https:\/\/www.ckiopodkowa.pl\/index.php\/2025\/09\/10\/sasiedzkie-spotkania-filmowe-kwiat-osmiu-gor\/\"]}]},{\"@type\":\"BreadcrumbList\",\"@id\":\"https:\/\/www.ckiopodkowa.pl\/index.php\/2025\/09\/10\/sasiedzkie-spotkania-filmowe-kwiat-osmiu-gor\/#breadcrumb\",\"itemListElement\":[{\"@type\":\"ListItem\",\"position\":1,\"item\":{\"@type\":\"WebPage\",\"@id\":\"https:\/\/www.ckiopodkowa.pl\/\",\"url\":\"https:\/\/www.ckiopodkowa.pl\/\",\"name\":\"Strona g\\u0142\\u00f3wna\"}},{\"@type\":\"ListItem\",\"position\":2,\"item\":{\"@type\":\"WebPage\",\"@id\":\"https:\/\/www.ckiopodkowa.pl\/index.php\/2025\/09\/10\/sasiedzkie-spotkania-filmowe-kwiat-osmiu-gor\/\",\"url\":\"https:\/\/www.ckiopodkowa.pl\/index.php\/2025\/09\/10\/sasiedzkie-spotkania-filmowe-kwiat-osmiu-gor\/\",\"name\":\"S\\u0104SIEDZKIE SPOTKANIA FILMOWE: &#8222;Kwiat o\\u015bmiu g\\u00f3r&#8221;\"}}]},{\"@type\":\"Person\",\"@id\":\"https:\/\/www.ckiopodkowa.pl\/#\/schema\/person\/34e0b0e10cd3f5942f19a99074ba6b93\",\"name\":\"Barbara Potka\\u0144ska\",\"image\":{\"@type\":\"ImageObject\",\"@id\":\"https:\/\/www.ckiopodkowa.pl\/#personlogo\",\"inLanguage\":\"pl-PL\",\"url\":\"https:\/\/secure.gravatar.com\/avatar\/45e29de8d3335f4ccd5161e08ef089285ecb3860bf8c65f418eb453e6a0f93e1?s=96&d=mm&r=g\",\"caption\":\"Barbara Potka\\u0144ska\"}}]}<\/script>\n<!-- \/ Yoast SEO Premium plugin. -->","_links":{"self":[{"href":"https:\/\/www.ckiopodkowa.pl\/index.php\/wp-json\/wp\/v2\/posts\/16090","targetHints":{"allow":["GET"]}}],"collection":[{"href":"https:\/\/www.ckiopodkowa.pl\/index.php\/wp-json\/wp\/v2\/posts"}],"about":[{"href":"https:\/\/www.ckiopodkowa.pl\/index.php\/wp-json\/wp\/v2\/types\/post"}],"author":[{"embeddable":true,"href":"https:\/\/www.ckiopodkowa.pl\/index.php\/wp-json\/wp\/v2\/users\/7"}],"replies":[{"embeddable":true,"href":"https:\/\/www.ckiopodkowa.pl\/index.php\/wp-json\/wp\/v2\/comments?post=16090"}],"version-history":[{"count":5,"href":"https:\/\/www.ckiopodkowa.pl\/index.php\/wp-json\/wp\/v2\/posts\/16090\/revisions"}],"predecessor-version":[{"id":16097,"href":"https:\/\/www.ckiopodkowa.pl\/index.php\/wp-json\/wp\/v2\/posts\/16090\/revisions\/16097"}],"wp:featuredmedia":[{"embeddable":true,"href":"https:\/\/www.ckiopodkowa.pl\/index.php\/wp-json\/wp\/v2\/media\/16091"}],"wp:attachment":[{"href":"https:\/\/www.ckiopodkowa.pl\/index.php\/wp-json\/wp\/v2\/media?parent=16090"}],"wp:term":[{"taxonomy":"category","embeddable":true,"href":"https:\/\/www.ckiopodkowa.pl\/index.php\/wp-json\/wp\/v2\/categories?post=16090"},{"taxonomy":"post_tag","embeddable":true,"href":"https:\/\/www.ckiopodkowa.pl\/index.php\/wp-json\/wp\/v2\/tags?post=16090"}],"curies":[{"name":"wp","href":"https:\/\/api.w.org\/{rel}","templated":true}]}}