{"id":16020,"date":"2025-09-30T23:46:11","date_gmt":"2025-09-30T21:46:11","guid":{"rendered":"https:\/\/www.ckiopodkowa.pl\/?p=16020"},"modified":"2025-10-07T13:01:26","modified_gmt":"2025-10-07T11:01:26","slug":"on-on-i-on-prominscy-wystawa-rzezby-malarstwa-i-grafiki","status":"publish","type":"post","link":"https:\/\/www.ckiopodkowa.pl\/index.php\/2025\/09\/30\/on-on-i-on-prominscy-wystawa-rzezby-malarstwa-i-grafiki\/","title":{"rendered":"ON, ON I ON. PROMI\u0143SCY &#8211; wystawa rze\u017aby, malarstwa i grafiki"},"content":{"rendered":"\n<h2 class=\"wp-block-heading\" id=\"h-w-pa-acyku-kasyno-do-12-pa-dziernika-mo-na-obecnie-ogl-da-wystaw-prac-franciszka-maksymiliana-i-piotra-promi-skich-wst-p-wolny\">W Pa\u0142acyku Kasyno do 12 pa\u017adziernika mo\u017cna obecnie ogl\u0105da\u0107 wystaw\u0119 prac Franciszka, Maksymiliana i Piotra Promi\u0144skich. Wst\u0119p wolny.<\/h2>\n\n\n\n<p><strong>ON, ON i ON. PROMI\u0143SCY<\/strong><br><strong>wernisa\u017c wystawy prac Franciszka Promi\u0144skiego &#8211; rze\u017aba i malarstwo, Maksymiliana Promi\u0144skiego &#8211; grafiki koncepcyjne i rysunek&nbsp;oraz Piotra Promi\u0144skiego &#8211; grafik i rysunek<br><\/strong><br><strong>13.09.2025, sobota, godz. 15.00<\/strong><\/p>\n\n\n\n<p><strong>Pa\u0142acyk Kasyno, Podkowa Le\u015bna, ul. Lilpopa 18, wst\u0119p wolny!<\/strong><br><strong><br><\/strong><em><strong>Wystawa w ramach Europejskich Dni Dziedzictwa 2025 w Podkowie Le\u015bnej.<br>Patronat Honorowy: Magdalena Eckhoff Burmistrz Miasta Podkowa Le\u015bna<\/strong><\/em><\/p>\n\n\n\n<p><strong>Link do wydarzenia:<\/strong><a href=\"https:\/\/fb.me\/e\/3BNPXtBsg\" target=\"_blank\" rel=\"noreferrer noopener\">https:\/\/fb.me\/e\/3BNPXtBsg<\/a><\/p>\n\n\n\n<p><strong>PIOTR PROMI\u0143SKI<\/strong><br>Absolwent Wydzia\u0142u Grafiki Artystycznej Uniwersytetu Artystycznego w Poznaniu w pracowni prof. dr hab. Andrzeja Bobrowicza oraz Wydzia\u0142u Filozofii i Socjologii Uniwersytetu Warszawskiego. Certyfikowany rysownik Red Bulla. Ilustrator. Portrecista i karykaturzysta. Autor ok\u0142adek ksi\u0105\u017cek i ilustracji do ksi\u0105\u017cek i czasopism. <br><br>Projektant opakowa\u0144 oraz materia\u0142\u00f3w reklamowych i logotyp\u00f3w. Autor komiks\u00f3w. Redaktor graficzny. Tw\u00f3rca ilustracji militarnych oraz grafik i map do gier planszowych. Nauczyciel etyki. Mi\u0142o\u015bnik literatury science fiction. Szcz\u0119\u015bliwy m\u0105\u017c i ojciec. G\u0142\u00f3wnym temat jego artystycznego zainteresowania jest cz\u0142owiek i jego egzystencja w \u015bwiecie. Stosowana deformacja postaci ludzkiej wyra\u017ca z\u0142o\u017cono\u015b\u0107 i uci\u0105\u017cliwo\u015b\u0107 ludzkiego \u017cycia, zar\u00f3wno w sferze zewn\u0119trznej, czyli w relacjach do innych ludzi&nbsp;i do samego \u015bwiata, jak i wewn\u0119trznej, czyli w relacji do samego siebie. Jego sztuka nie jest tworzeniem czy te\u017c poszukiwaniem pi\u0119kna, a sensu.<br><br><strong>FRANCISZEK PROMI\u0143SKI<\/strong><br>Absolwent Akademii Sztuk Pi\u0119knych w Warszawie w pracowni profesora Adama Myjaka (dyplom magisterski wyr\u00f3\u017cniony na wystawie najlepszych dyplom\u00f3w ASP&nbsp;\u201eUpComing 2022&#8243;) oraz Liceum Plastycznego im. Wojciecha Gersona w Warszawie.<br>W 2021 roku stypendysta na Universidad Complutense w Madrycie. Laureat Stypendium Ministra Kultury i Dziedzictwa Narodowego oraz stypendysta Rektora.<br><br>Finalista mi\u0119dzynarodowego konkursu Malarstwa i Rze\u017aby Figuratywnej \u201eFigurativas 2021&#8243;. Pod artystycznym kierownictwem profesora Adama Myjaka cz\u0142onek zespo\u0142u tworz\u0105cego 8,5 metrow\u0105 figur\u0119 Chrystusa Zmartwychwsta\u0142ego, kt\u00f3ra znajduje si\u0119 \u015awi\u0105tyni Opatrzno\u015bci Bo\u017cej na warszawskim Wilanowie. Wystawia\u0142 w Barcelonie, Lwowie&nbsp;oraz Warszawie. W roku 2024 uczestnik mi\u0119dzynarodowego sympozjum rze\u017abiarskiego \u201eFestival for treskulptur og innovativ trearkitektur i Stor-Elvdal 2024&#8243; w Norwegii.<br><br>W \u015bwiecie sztuki porusza si\u0119 w obr\u0119bie malarstwa i rze\u017aby klasycznej, grafiki warsztatowej i komiksu. Interesuj\u0105 go \u015bwiaty nieistniej\u0105ce. Szczeg\u00f3lny nacisk k\u0142adzie&nbsp;na prze\u017cywanie procesu tw\u00f3rczego, pogr\u0105\u017caj\u0105c si\u0119 w stanie absolutnego oderwania od rzeczywisto\u015bci, w stanie skupienia i medytacji. Pasjonat filmu i literatury science fiction, z kt\u00f3rych niejednokrotnie czerpie inspiracje.<\/p>\n\n\n\n<p><strong><br>MAKSYMILIAN PROMI\u0143SKI<\/strong><br>Student IV roku wydzia\u0142u Architektury na Politechnice Warszawskiej. Grafik i ilustrator. Finalista og\u00f3lnopolskiego konkursu tworzenia gier komputerowych. Autor rysunk\u00f3w i wirtualnych prac koncepcyjnych. Interesuje si\u0119 sztuk\u0105, histori\u0105 oraz architektur\u0105 i urbanistyk\u0105 cywilizacji na przestrzeni wiek\u00f3w. Korepetytor matematyki i fizyki.<br><br>Niekt\u00f3re z jego prac s\u0105 efektem przemy\u015ble\u0144 na temat mo\u017cliwo\u015bci rozwoju cz\u0142owieka, a tak\u017ce ogranicze\u0144, jakie posiada. Powstaje pytanie: czy cz\u0142owiek przysz\u0142o\u015bci porusza\u0107 si\u0119 b\u0119dzie w obr\u0119bie praw fizyki i biomechaniki znanych wsp\u00f3\u0142cze\u015bnie, czy te\u017c wykroczy poza ten obr\u0119b? Inne prace s\u0105 efektem czystej potrzeby tworzenia, bez g\u0142\u0119bszych przemy\u015ble\u0144 i szukania drugiego dna, s\u0105 czyst\u0105 afirmacj\u0105 natury i otoczenia, w oderwaniu od intelektualnych rozwa\u017ca\u0144.<\/p>\n","protected":false},"excerpt":{"rendered":"<p>W Pa\u0142acyku Kasyno do 12 pa\u017adziernika mo\u017cna obecnie ogl\u0105da\u0107 wystaw\u0119 prac Franciszka, Maksymiliana i Piotra Promi\u0144skich. Wst\u0119p wolny. ON, ON i ON. PROMI\u0143SCYwernisa\u017c wystawy prac Franciszka Promi\u0144skiego &#8211; rze\u017aba i malarstwo, Maksymiliana Promi\u0144skiego &#8211; grafiki koncepcyjne i rysunek&nbsp;oraz Piotra Promi\u0144skiego &#8211; grafik i rysunek13.09.2025, sobota, godz. 15.00 Pa\u0142acyk Kasyno, Podkowa Le\u015bna, ul. Lilpopa 18, wst\u0119p [&hellip;]<\/p>\n","protected":false},"author":3,"featured_media":16021,"comment_status":"closed","ping_status":"closed","sticky":false,"template":"","format":"standard","meta":{"ocean_post_layout":"","ocean_both_sidebars_style":"","ocean_both_sidebars_content_width":0,"ocean_both_sidebars_sidebars_width":0,"ocean_sidebar":"","ocean_second_sidebar":"","ocean_disable_margins":"enable","ocean_add_body_class":"","ocean_shortcode_before_top_bar":"","ocean_shortcode_after_top_bar":"","ocean_shortcode_before_header":"","ocean_shortcode_after_header":"","ocean_has_shortcode":"","ocean_shortcode_after_title":"","ocean_shortcode_before_footer_widgets":"","ocean_shortcode_after_footer_widgets":"","ocean_shortcode_before_footer_bottom":"","ocean_shortcode_after_footer_bottom":"","ocean_display_top_bar":"default","ocean_display_header":"default","ocean_header_style":"","ocean_center_header_left_menu":"","ocean_custom_header_template":"","ocean_custom_logo":0,"ocean_custom_retina_logo":0,"ocean_custom_logo_max_width":0,"ocean_custom_logo_tablet_max_width":0,"ocean_custom_logo_mobile_max_width":0,"ocean_custom_logo_max_height":0,"ocean_custom_logo_tablet_max_height":0,"ocean_custom_logo_mobile_max_height":0,"ocean_header_custom_menu":"","ocean_menu_typo_font_family":"","ocean_menu_typo_font_subset":"","ocean_menu_typo_font_size":0,"ocean_menu_typo_font_size_tablet":0,"ocean_menu_typo_font_size_mobile":0,"ocean_menu_typo_font_size_unit":"px","ocean_menu_typo_font_weight":"","ocean_menu_typo_font_weight_tablet":"","ocean_menu_typo_font_weight_mobile":"","ocean_menu_typo_transform":"","ocean_menu_typo_transform_tablet":"","ocean_menu_typo_transform_mobile":"","ocean_menu_typo_line_height":0,"ocean_menu_typo_line_height_tablet":0,"ocean_menu_typo_line_height_mobile":0,"ocean_menu_typo_line_height_unit":"","ocean_menu_typo_spacing":0,"ocean_menu_typo_spacing_tablet":0,"ocean_menu_typo_spacing_mobile":0,"ocean_menu_typo_spacing_unit":"","ocean_menu_link_color":"","ocean_menu_link_color_hover":"","ocean_menu_link_color_active":"","ocean_menu_link_background":"","ocean_menu_link_hover_background":"","ocean_menu_link_active_background":"","ocean_menu_social_links_bg":"","ocean_menu_social_hover_links_bg":"","ocean_menu_social_links_color":"","ocean_menu_social_hover_links_color":"","ocean_disable_title":"default","ocean_disable_heading":"default","ocean_post_title":"","ocean_post_subheading":"","ocean_post_title_style":"","ocean_post_title_background_color":"","ocean_post_title_background":0,"ocean_post_title_bg_image_position":"","ocean_post_title_bg_image_attachment":"","ocean_post_title_bg_image_repeat":"","ocean_post_title_bg_image_size":"","ocean_post_title_height":0,"ocean_post_title_bg_overlay":0.5,"ocean_post_title_bg_overlay_color":"","ocean_disable_breadcrumbs":"default","ocean_breadcrumbs_color":"","ocean_breadcrumbs_separator_color":"","ocean_breadcrumbs_links_color":"","ocean_breadcrumbs_links_hover_color":"","ocean_display_footer_widgets":"default","ocean_display_footer_bottom":"default","ocean_custom_footer_template":"","ocean_post_oembed":"","ocean_post_self_hosted_media":"","ocean_post_video_embed":"","ocean_link_format":"","ocean_link_format_target":"self","ocean_quote_format":"","ocean_quote_format_link":"post","ocean_gallery_link_images":"on","ocean_gallery_id":[],"footnotes":""},"categories":[26,19],"tags":[],"class_list":["post-16020","post","type-post","status-publish","format-standard","has-post-thumbnail","hentry","category-aktualnosci","category-wystawy","entry","has-media"],"yoast_head":"<!-- This site is optimized with the Yoast SEO Premium plugin v15.2.1 - https:\/\/yoast.com\/wordpress\/plugins\/seo\/ -->\n<title>ON, ON I ON. PROMI\u0143SCY - wystawa rze\u017aby, malarstwa i grafiki - CKiO Podkowa Le\u015bna<\/title>\n<meta name=\"robots\" content=\"index, follow, max-snippet:-1, max-image-preview:large, max-video-preview:-1\" \/>\n<link rel=\"canonical\" href=\"https:\/\/www.ckiopodkowa.pl\/index.php\/2025\/09\/30\/on-on-i-on-prominscy-wystawa-rzezby-malarstwa-i-grafiki\/\" \/>\n<meta property=\"og:locale\" content=\"pl_PL\" \/>\n<meta property=\"og:type\" content=\"article\" \/>\n<meta property=\"og:title\" content=\"ON, ON I ON. PROMI\u0143SCY - wystawa rze\u017aby, malarstwa i grafiki - CKiO Podkowa Le\u015bna\" \/>\n<meta property=\"og:description\" content=\"W Pa\u0142acyku Kasyno do 12 pa\u017adziernika mo\u017cna obecnie ogl\u0105da\u0107 wystaw\u0119 prac Franciszka, Maksymiliana i Piotra Promi\u0144skich. Wst\u0119p wolny. ON, ON i ON. PROMI\u0143SCYwernisa\u017c wystawy prac Franciszka Promi\u0144skiego &#8211; rze\u017aba i malarstwo, Maksymiliana Promi\u0144skiego &#8211; grafiki koncepcyjne i rysunek&nbsp;oraz Piotra Promi\u0144skiego &#8211; grafik i rysunek13.09.2025, sobota, godz. 15.00 Pa\u0142acyk Kasyno, Podkowa Le\u015bna, ul. Lilpopa 18, wst\u0119p [&hellip;]\" \/>\n<meta property=\"og:url\" content=\"https:\/\/www.ckiopodkowa.pl\/index.php\/2025\/09\/30\/on-on-i-on-prominscy-wystawa-rzezby-malarstwa-i-grafiki\/\" \/>\n<meta property=\"og:site_name\" content=\"CKiO Podkowa Le\u015bna\" \/>\n<meta property=\"article:published_time\" content=\"2025-09-30T21:46:11+00:00\" \/>\n<meta property=\"article:modified_time\" content=\"2025-10-07T11:01:26+00:00\" \/>\n<meta property=\"og:image\" content=\"https:\/\/www.ckiopodkowa.pl\/wp-content\/uploads\/2025\/08\/ON-ON-i-ON-plakat-q-B1-1-scaled.jpg\" \/>\n\t<meta property=\"og:image:width\" content=\"1810\" \/>\n\t<meta property=\"og:image:height\" content=\"2560\" \/>\n<meta name=\"twitter:card\" content=\"summary_large_image\" \/>\n<meta name=\"twitter:label1\" content=\"Napisane przez\">\n\t<meta name=\"twitter:data1\" content=\"Micha\u0142 Burszta\">\n\t<meta name=\"twitter:label2\" content=\"Szacowany czas czytania\">\n\t<meta name=\"twitter:data2\" content=\"2 minuty\">\n<script type=\"application\/ld+json\" class=\"yoast-schema-graph\">{\"@context\":\"https:\/\/schema.org\",\"@graph\":[{\"@type\":\"WebSite\",\"@id\":\"https:\/\/www.ckiopodkowa.pl\/#website\",\"url\":\"https:\/\/www.ckiopodkowa.pl\/\",\"name\":\"CKiO Podkowa Le\\u015bna\",\"description\":\"\",\"potentialAction\":[{\"@type\":\"SearchAction\",\"target\":\"https:\/\/www.ckiopodkowa.pl\/?s={search_term_string}\",\"query-input\":\"required name=search_term_string\"}],\"inLanguage\":\"pl-PL\"},{\"@type\":\"ImageObject\",\"@id\":\"https:\/\/www.ckiopodkowa.pl\/index.php\/2025\/09\/30\/on-on-i-on-prominscy-wystawa-rzezby-malarstwa-i-grafiki\/#primaryimage\",\"inLanguage\":\"pl-PL\",\"url\":\"https:\/\/www.ckiopodkowa.pl\/wp-content\/uploads\/2025\/08\/ON-ON-i-ON-plakat-q-B1-1-scaled.jpg\",\"width\":1810,\"height\":2560},{\"@type\":\"WebPage\",\"@id\":\"https:\/\/www.ckiopodkowa.pl\/index.php\/2025\/09\/30\/on-on-i-on-prominscy-wystawa-rzezby-malarstwa-i-grafiki\/#webpage\",\"url\":\"https:\/\/www.ckiopodkowa.pl\/index.php\/2025\/09\/30\/on-on-i-on-prominscy-wystawa-rzezby-malarstwa-i-grafiki\/\",\"name\":\"ON, ON I ON. PROMI\\u0143SCY - wystawa rze\\u017aby, malarstwa i grafiki - CKiO Podkowa Le\\u015bna\",\"isPartOf\":{\"@id\":\"https:\/\/www.ckiopodkowa.pl\/#website\"},\"primaryImageOfPage\":{\"@id\":\"https:\/\/www.ckiopodkowa.pl\/index.php\/2025\/09\/30\/on-on-i-on-prominscy-wystawa-rzezby-malarstwa-i-grafiki\/#primaryimage\"},\"datePublished\":\"2025-09-30T21:46:11+00:00\",\"dateModified\":\"2025-10-07T11:01:26+00:00\",\"author\":{\"@id\":\"https:\/\/www.ckiopodkowa.pl\/#\/schema\/person\/c86f9e496f06965599cdf61c3f0d7353\"},\"breadcrumb\":{\"@id\":\"https:\/\/www.ckiopodkowa.pl\/index.php\/2025\/09\/30\/on-on-i-on-prominscy-wystawa-rzezby-malarstwa-i-grafiki\/#breadcrumb\"},\"inLanguage\":\"pl-PL\",\"potentialAction\":[{\"@type\":\"ReadAction\",\"target\":[\"https:\/\/www.ckiopodkowa.pl\/index.php\/2025\/09\/30\/on-on-i-on-prominscy-wystawa-rzezby-malarstwa-i-grafiki\/\"]}]},{\"@type\":\"BreadcrumbList\",\"@id\":\"https:\/\/www.ckiopodkowa.pl\/index.php\/2025\/09\/30\/on-on-i-on-prominscy-wystawa-rzezby-malarstwa-i-grafiki\/#breadcrumb\",\"itemListElement\":[{\"@type\":\"ListItem\",\"position\":1,\"item\":{\"@type\":\"WebPage\",\"@id\":\"https:\/\/www.ckiopodkowa.pl\/\",\"url\":\"https:\/\/www.ckiopodkowa.pl\/\",\"name\":\"Strona g\\u0142\\u00f3wna\"}},{\"@type\":\"ListItem\",\"position\":2,\"item\":{\"@type\":\"WebPage\",\"@id\":\"https:\/\/www.ckiopodkowa.pl\/index.php\/2025\/09\/30\/on-on-i-on-prominscy-wystawa-rzezby-malarstwa-i-grafiki\/\",\"url\":\"https:\/\/www.ckiopodkowa.pl\/index.php\/2025\/09\/30\/on-on-i-on-prominscy-wystawa-rzezby-malarstwa-i-grafiki\/\",\"name\":\"ON, ON I ON. PROMI\\u0143SCY &#8211; wystawa rze\\u017aby, malarstwa i grafiki\"}}]},{\"@type\":\"Person\",\"@id\":\"https:\/\/www.ckiopodkowa.pl\/#\/schema\/person\/c86f9e496f06965599cdf61c3f0d7353\",\"name\":\"Micha\\u0142 Burszta\",\"image\":{\"@type\":\"ImageObject\",\"@id\":\"https:\/\/www.ckiopodkowa.pl\/#personlogo\",\"inLanguage\":\"pl-PL\",\"url\":\"https:\/\/secure.gravatar.com\/avatar\/f1f4d167c304c69158a01101acd802fb2136a0a7ace154aa5a365dff7ecbce61?s=96&d=mm&r=g\",\"caption\":\"Micha\\u0142 Burszta\"}}]}<\/script>\n<!-- \/ Yoast SEO Premium plugin. -->","_links":{"self":[{"href":"https:\/\/www.ckiopodkowa.pl\/index.php\/wp-json\/wp\/v2\/posts\/16020","targetHints":{"allow":["GET"]}}],"collection":[{"href":"https:\/\/www.ckiopodkowa.pl\/index.php\/wp-json\/wp\/v2\/posts"}],"about":[{"href":"https:\/\/www.ckiopodkowa.pl\/index.php\/wp-json\/wp\/v2\/types\/post"}],"author":[{"embeddable":true,"href":"https:\/\/www.ckiopodkowa.pl\/index.php\/wp-json\/wp\/v2\/users\/3"}],"replies":[{"embeddable":true,"href":"https:\/\/www.ckiopodkowa.pl\/index.php\/wp-json\/wp\/v2\/comments?post=16020"}],"version-history":[{"count":5,"href":"https:\/\/www.ckiopodkowa.pl\/index.php\/wp-json\/wp\/v2\/posts\/16020\/revisions"}],"predecessor-version":[{"id":16184,"href":"https:\/\/www.ckiopodkowa.pl\/index.php\/wp-json\/wp\/v2\/posts\/16020\/revisions\/16184"}],"wp:featuredmedia":[{"embeddable":true,"href":"https:\/\/www.ckiopodkowa.pl\/index.php\/wp-json\/wp\/v2\/media\/16021"}],"wp:attachment":[{"href":"https:\/\/www.ckiopodkowa.pl\/index.php\/wp-json\/wp\/v2\/media?parent=16020"}],"wp:term":[{"taxonomy":"category","embeddable":true,"href":"https:\/\/www.ckiopodkowa.pl\/index.php\/wp-json\/wp\/v2\/categories?post=16020"},{"taxonomy":"post_tag","embeddable":true,"href":"https:\/\/www.ckiopodkowa.pl\/index.php\/wp-json\/wp\/v2\/tags?post=16020"}],"curies":[{"name":"wp","href":"https:\/\/api.w.org\/{rel}","templated":true}]}}