{"id":15999,"date":"2025-09-03T10:46:23","date_gmt":"2025-09-03T08:46:23","guid":{"rendered":"https:\/\/www.ckiopodkowa.pl\/?p=15999"},"modified":"2025-09-13T07:44:32","modified_gmt":"2025-09-13T05:44:32","slug":"europejskie-dni-dziedzictwa-dziedzictwo-architektoniczne-miasta-ogrodu","status":"publish","type":"post","link":"https:\/\/www.ckiopodkowa.pl\/index.php\/2025\/09\/03\/europejskie-dni-dziedzictwa-dziedzictwo-architektoniczne-miasta-ogrodu\/","title":{"rendered":"EUROPEJSKIE DNI DZIEDZICTWA: Dziedzictwo architektoniczne Miasta Ogrodu"},"content":{"rendered":"\n<h2 class=\"wp-block-heading\" id=\"h-zapraszamy-na-europejskie-dni-dziedzictwa-w-podkowie-le-nej-kt-re-odb-d-si-13-wrze-nia-stulecie-miasta-ogrodu-zbiega-si-z-has-em-tegorocznych-edd-w-stron-architektury-m-ode-dziedzictwo-dlatego-architekturze-po-wi-cimy-dwa-wydarzenia-w-ramach-edd\">Zapraszamy na Europejskie Dni Dziedzictwa w Podkowie Le\u015bnej, kt\u00f3re odb\u0119d\u0105 si\u0119 13 wrze\u015bnia. Stulecie Miasta Ogrodu zbiega si\u0119 z has\u0142em tegorocznych EDD: &#8222;W stron\u0119 Architektury &#8211; M\u0142ode Dziedzictwo&#8221;. Dlatego architekturze po\u015bwi\u0119cimy dwa wydarzenia w ramach EDD.<\/h2>\n\n\n\n<p>Zapraszamy na Europejskie Dni Dziedzictwa w Podkowie Le\u015bnej. To nie przypadek, \u017ce nasze Miasto Ogr\u00f3d, kt\u00f3re \u015bwi\u0119tuje w tym roku swoje Stulecie, od 20 lat nieprzerwanie bierze udzia\u0142 w Europejskich Dniach Dziedzictwa koordynowanych przez Narodowy Instytut Dziedzictwa.<br><br>Podkowa Le\u015bna, najpe\u0142niejsza na ziemiach polskich i do dzi\u015b zachowana realizacja howardowskiej idei miast ogrod\u00f3w, zosta\u0142a ze wzgl\u0119du na sw\u00f3j unikalny uk\u0142ad urbanistyczny, architektur\u0119 i ziele\u0144, wpisana w ca\u0142o\u015bci w pazdzierniku1981 roku do Rejestru Zabytk\u00f3w.<br>Podkowianie s\u0105 bardzo dumni z dziedzictwa kulturowego swojej miejscowo\u015bci.<br><br>Do\u015b\u0107 dobrze zachowana architektura Podkowy stanowi przekr\u00f3j r\u00f3\u017cnych styl\u00f3w &#8211; od stylu narodowego do modernizmu. Projektantami podkowia\u0144skich willi i budynk\u00f3w u\u017cyteczno\u015bci publicznej bywali wybitni, znani architekci, tacy jak Juliusz Dzier\u017canowski, s\u0142ynny duet Lachert i Szanajca czy te\u017c Bruno Zborowski.<br>Stulecie Miasta Ogrodu zbiega si\u0119 z has\u0142em tegorocznych EDD: &#8222;W stron\u0119 Architektury &#8211; M\u0142ode Dziedzictwo&#8221;.<br>Dlatego architekturze po\u015bwi\u0119cimy dwa wydarzenia w ramach EDD na ogrodzeniu willi Art Deco oraz w jej wn\u0119trzu (ul. Modrzewiowa 45):<\/p>\n\n\n\n<p>&#8211;<strong> o godz. 17.00 otwarcie wystawy plenerowej akwareli Marka Ziarkowskiego przedstawiaj\u0105cych charakterystyczne dla Podkowy, ciekawe obiekty architektury z opisami Grzegorza Gr\u0105tkowskiego<\/strong><\/p>\n\n\n\n<p><strong>&#8211; o godz. 18.00 &#8211; wyk\u0142ad o architekturze Miasta Ogrodu Grzegorza Gr\u0105tkowskiego, historyka sztuki, autora ksi\u0105\u017cki &#8222;Architektura Podkowy&#8221;<\/strong><\/p>\n\n\n\n<p>Wcze\u015bniej, o godz. 15.00 zapraszamy do Galerii Kasyno, ul. Lilpopa 18 na wernisa\u017c wystawy trzech artyst\u00f3w : Franciszka, Maksymiliana i Piotra Promi\u0144skich zatytu\u0142owanej &#8222;On, on i On. Promi\u0144scy.&#8221;<\/p>\n\n\n\n<p><strong>Wst\u0119p na wszystkie wydarzenia jest wolny.<\/strong><\/p>\n","protected":false},"excerpt":{"rendered":"<p>Zapraszamy na Europejskie Dni Dziedzictwa w Podkowie Le\u015bnej, kt\u00f3re odb\u0119d\u0105 si\u0119 13 wrze\u015bnia. Stulecie Miasta Ogrodu zbiega si\u0119 z has\u0142em tegorocznych EDD: &#8222;W stron\u0119 Architektury &#8211; M\u0142ode Dziedzictwo&#8221;. Dlatego architekturze po\u015bwi\u0119cimy dwa wydarzenia w ramach EDD. Zapraszamy na Europejskie Dni Dziedzictwa w Podkowie Le\u015bnej. To nie przypadek, \u017ce nasze Miasto Ogr\u00f3d, kt\u00f3re \u015bwi\u0119tuje w tym [&hellip;]<\/p>\n","protected":false},"author":3,"featured_media":16098,"comment_status":"closed","ping_status":"closed","sticky":false,"template":"","format":"standard","meta":{"ocean_post_layout":"","ocean_both_sidebars_style":"","ocean_both_sidebars_content_width":0,"ocean_both_sidebars_sidebars_width":0,"ocean_sidebar":"","ocean_second_sidebar":"","ocean_disable_margins":"enable","ocean_add_body_class":"","ocean_shortcode_before_top_bar":"","ocean_shortcode_after_top_bar":"","ocean_shortcode_before_header":"","ocean_shortcode_after_header":"","ocean_has_shortcode":"","ocean_shortcode_after_title":"","ocean_shortcode_before_footer_widgets":"","ocean_shortcode_after_footer_widgets":"","ocean_shortcode_before_footer_bottom":"","ocean_shortcode_after_footer_bottom":"","ocean_display_top_bar":"default","ocean_display_header":"default","ocean_header_style":"","ocean_center_header_left_menu":"","ocean_custom_header_template":"","ocean_custom_logo":0,"ocean_custom_retina_logo":0,"ocean_custom_logo_max_width":0,"ocean_custom_logo_tablet_max_width":0,"ocean_custom_logo_mobile_max_width":0,"ocean_custom_logo_max_height":0,"ocean_custom_logo_tablet_max_height":0,"ocean_custom_logo_mobile_max_height":0,"ocean_header_custom_menu":"","ocean_menu_typo_font_family":"","ocean_menu_typo_font_subset":"","ocean_menu_typo_font_size":0,"ocean_menu_typo_font_size_tablet":0,"ocean_menu_typo_font_size_mobile":0,"ocean_menu_typo_font_size_unit":"px","ocean_menu_typo_font_weight":"","ocean_menu_typo_font_weight_tablet":"","ocean_menu_typo_font_weight_mobile":"","ocean_menu_typo_transform":"","ocean_menu_typo_transform_tablet":"","ocean_menu_typo_transform_mobile":"","ocean_menu_typo_line_height":0,"ocean_menu_typo_line_height_tablet":0,"ocean_menu_typo_line_height_mobile":0,"ocean_menu_typo_line_height_unit":"","ocean_menu_typo_spacing":0,"ocean_menu_typo_spacing_tablet":0,"ocean_menu_typo_spacing_mobile":0,"ocean_menu_typo_spacing_unit":"","ocean_menu_link_color":"","ocean_menu_link_color_hover":"","ocean_menu_link_color_active":"","ocean_menu_link_background":"","ocean_menu_link_hover_background":"","ocean_menu_link_active_background":"","ocean_menu_social_links_bg":"","ocean_menu_social_hover_links_bg":"","ocean_menu_social_links_color":"","ocean_menu_social_hover_links_color":"","ocean_disable_title":"default","ocean_disable_heading":"default","ocean_post_title":"","ocean_post_subheading":"","ocean_post_title_style":"","ocean_post_title_background_color":"","ocean_post_title_background":0,"ocean_post_title_bg_image_position":"","ocean_post_title_bg_image_attachment":"","ocean_post_title_bg_image_repeat":"","ocean_post_title_bg_image_size":"","ocean_post_title_height":0,"ocean_post_title_bg_overlay":0.5,"ocean_post_title_bg_overlay_color":"","ocean_disable_breadcrumbs":"default","ocean_breadcrumbs_color":"","ocean_breadcrumbs_separator_color":"","ocean_breadcrumbs_links_color":"","ocean_breadcrumbs_links_hover_color":"","ocean_display_footer_widgets":"default","ocean_display_footer_bottom":"default","ocean_custom_footer_template":"","ocean_post_oembed":"","ocean_post_self_hosted_media":"","ocean_post_video_embed":"","ocean_link_format":"","ocean_link_format_target":"self","ocean_quote_format":"","ocean_quote_format_link":"post","ocean_gallery_link_images":"on","ocean_gallery_id":[],"footnotes":""},"categories":[26,19],"tags":[],"class_list":["post-15999","post","type-post","status-publish","format-standard","has-post-thumbnail","hentry","category-aktualnosci","category-wystawy","entry","has-media"],"yoast_head":"<!-- This site is optimized with the Yoast SEO Premium plugin v15.2.1 - https:\/\/yoast.com\/wordpress\/plugins\/seo\/ -->\n<title>EUROPEJSKIE DNI DZIEDZICTWA: Dziedzictwo architektoniczne Miasta Ogrodu - CKiO Podkowa Le\u015bna<\/title>\n<meta name=\"robots\" content=\"index, follow, max-snippet:-1, max-image-preview:large, max-video-preview:-1\" \/>\n<link rel=\"canonical\" href=\"https:\/\/www.ckiopodkowa.pl\/index.php\/2025\/09\/03\/europejskie-dni-dziedzictwa-dziedzictwo-architektoniczne-miasta-ogrodu\/\" \/>\n<meta property=\"og:locale\" content=\"pl_PL\" \/>\n<meta property=\"og:type\" content=\"article\" \/>\n<meta property=\"og:title\" content=\"EUROPEJSKIE DNI DZIEDZICTWA: Dziedzictwo architektoniczne Miasta Ogrodu - CKiO Podkowa Le\u015bna\" \/>\n<meta property=\"og:description\" content=\"Zapraszamy na Europejskie Dni Dziedzictwa w Podkowie Le\u015bnej, kt\u00f3re odb\u0119d\u0105 si\u0119 13 wrze\u015bnia. Stulecie Miasta Ogrodu zbiega si\u0119 z has\u0142em tegorocznych EDD: &#8222;W stron\u0119 Architektury &#8211; M\u0142ode Dziedzictwo&#8221;. Dlatego architekturze po\u015bwi\u0119cimy dwa wydarzenia w ramach EDD. Zapraszamy na Europejskie Dni Dziedzictwa w Podkowie Le\u015bnej. To nie przypadek, \u017ce nasze Miasto Ogr\u00f3d, kt\u00f3re \u015bwi\u0119tuje w tym [&hellip;]\" \/>\n<meta property=\"og:url\" content=\"https:\/\/www.ckiopodkowa.pl\/index.php\/2025\/09\/03\/europejskie-dni-dziedzictwa-dziedzictwo-architektoniczne-miasta-ogrodu\/\" \/>\n<meta property=\"og:site_name\" content=\"CKiO Podkowa Le\u015bna\" \/>\n<meta property=\"article:published_time\" content=\"2025-09-03T08:46:23+00:00\" \/>\n<meta property=\"article:modified_time\" content=\"2025-09-13T05:44:32+00:00\" \/>\n<meta property=\"og:image\" content=\"https:\/\/www.ckiopodkowa.pl\/wp-content\/uploads\/2025\/09\/plakat-EDD-Willa-Wystawa-i-wyklad-scaled.jpg\" \/>\n\t<meta property=\"og:image:width\" content=\"1689\" \/>\n\t<meta property=\"og:image:height\" content=\"2560\" \/>\n<meta name=\"twitter:card\" content=\"summary_large_image\" \/>\n<meta name=\"twitter:label1\" content=\"Napisane przez\">\n\t<meta name=\"twitter:data1\" content=\"Micha\u0142 Burszta\">\n\t<meta name=\"twitter:label2\" content=\"Szacowany czas czytania\">\n\t<meta name=\"twitter:data2\" content=\"1 minuta\">\n<script type=\"application\/ld+json\" class=\"yoast-schema-graph\">{\"@context\":\"https:\/\/schema.org\",\"@graph\":[{\"@type\":\"WebSite\",\"@id\":\"https:\/\/www.ckiopodkowa.pl\/#website\",\"url\":\"https:\/\/www.ckiopodkowa.pl\/\",\"name\":\"CKiO Podkowa Le\\u015bna\",\"description\":\"\",\"potentialAction\":[{\"@type\":\"SearchAction\",\"target\":\"https:\/\/www.ckiopodkowa.pl\/?s={search_term_string}\",\"query-input\":\"required name=search_term_string\"}],\"inLanguage\":\"pl-PL\"},{\"@type\":\"ImageObject\",\"@id\":\"https:\/\/www.ckiopodkowa.pl\/index.php\/2025\/09\/03\/europejskie-dni-dziedzictwa-dziedzictwo-architektoniczne-miasta-ogrodu\/#primaryimage\",\"inLanguage\":\"pl-PL\",\"url\":\"https:\/\/www.ckiopodkowa.pl\/wp-content\/uploads\/2025\/09\/plakat-EDD-Willa-Wystawa-i-wyklad-scaled.jpg\",\"width\":1689,\"height\":2560},{\"@type\":\"WebPage\",\"@id\":\"https:\/\/www.ckiopodkowa.pl\/index.php\/2025\/09\/03\/europejskie-dni-dziedzictwa-dziedzictwo-architektoniczne-miasta-ogrodu\/#webpage\",\"url\":\"https:\/\/www.ckiopodkowa.pl\/index.php\/2025\/09\/03\/europejskie-dni-dziedzictwa-dziedzictwo-architektoniczne-miasta-ogrodu\/\",\"name\":\"EUROPEJSKIE DNI DZIEDZICTWA: Dziedzictwo architektoniczne Miasta Ogrodu - CKiO Podkowa Le\\u015bna\",\"isPartOf\":{\"@id\":\"https:\/\/www.ckiopodkowa.pl\/#website\"},\"primaryImageOfPage\":{\"@id\":\"https:\/\/www.ckiopodkowa.pl\/index.php\/2025\/09\/03\/europejskie-dni-dziedzictwa-dziedzictwo-architektoniczne-miasta-ogrodu\/#primaryimage\"},\"datePublished\":\"2025-09-03T08:46:23+00:00\",\"dateModified\":\"2025-09-13T05:44:32+00:00\",\"author\":{\"@id\":\"https:\/\/www.ckiopodkowa.pl\/#\/schema\/person\/c86f9e496f06965599cdf61c3f0d7353\"},\"breadcrumb\":{\"@id\":\"https:\/\/www.ckiopodkowa.pl\/index.php\/2025\/09\/03\/europejskie-dni-dziedzictwa-dziedzictwo-architektoniczne-miasta-ogrodu\/#breadcrumb\"},\"inLanguage\":\"pl-PL\",\"potentialAction\":[{\"@type\":\"ReadAction\",\"target\":[\"https:\/\/www.ckiopodkowa.pl\/index.php\/2025\/09\/03\/europejskie-dni-dziedzictwa-dziedzictwo-architektoniczne-miasta-ogrodu\/\"]}]},{\"@type\":\"BreadcrumbList\",\"@id\":\"https:\/\/www.ckiopodkowa.pl\/index.php\/2025\/09\/03\/europejskie-dni-dziedzictwa-dziedzictwo-architektoniczne-miasta-ogrodu\/#breadcrumb\",\"itemListElement\":[{\"@type\":\"ListItem\",\"position\":1,\"item\":{\"@type\":\"WebPage\",\"@id\":\"https:\/\/www.ckiopodkowa.pl\/\",\"url\":\"https:\/\/www.ckiopodkowa.pl\/\",\"name\":\"Strona g\\u0142\\u00f3wna\"}},{\"@type\":\"ListItem\",\"position\":2,\"item\":{\"@type\":\"WebPage\",\"@id\":\"https:\/\/www.ckiopodkowa.pl\/index.php\/2025\/09\/03\/europejskie-dni-dziedzictwa-dziedzictwo-architektoniczne-miasta-ogrodu\/\",\"url\":\"https:\/\/www.ckiopodkowa.pl\/index.php\/2025\/09\/03\/europejskie-dni-dziedzictwa-dziedzictwo-architektoniczne-miasta-ogrodu\/\",\"name\":\"EUROPEJSKIE DNI DZIEDZICTWA: Dziedzictwo architektoniczne Miasta Ogrodu\"}}]},{\"@type\":\"Person\",\"@id\":\"https:\/\/www.ckiopodkowa.pl\/#\/schema\/person\/c86f9e496f06965599cdf61c3f0d7353\",\"name\":\"Micha\\u0142 Burszta\",\"image\":{\"@type\":\"ImageObject\",\"@id\":\"https:\/\/www.ckiopodkowa.pl\/#personlogo\",\"inLanguage\":\"pl-PL\",\"url\":\"https:\/\/secure.gravatar.com\/avatar\/f1f4d167c304c69158a01101acd802fb2136a0a7ace154aa5a365dff7ecbce61?s=96&d=mm&r=g\",\"caption\":\"Micha\\u0142 Burszta\"}}]}<\/script>\n<!-- \/ Yoast SEO Premium plugin. -->","_links":{"self":[{"href":"https:\/\/www.ckiopodkowa.pl\/index.php\/wp-json\/wp\/v2\/posts\/15999","targetHints":{"allow":["GET"]}}],"collection":[{"href":"https:\/\/www.ckiopodkowa.pl\/index.php\/wp-json\/wp\/v2\/posts"}],"about":[{"href":"https:\/\/www.ckiopodkowa.pl\/index.php\/wp-json\/wp\/v2\/types\/post"}],"author":[{"embeddable":true,"href":"https:\/\/www.ckiopodkowa.pl\/index.php\/wp-json\/wp\/v2\/users\/3"}],"replies":[{"embeddable":true,"href":"https:\/\/www.ckiopodkowa.pl\/index.php\/wp-json\/wp\/v2\/comments?post=15999"}],"version-history":[{"count":4,"href":"https:\/\/www.ckiopodkowa.pl\/index.php\/wp-json\/wp\/v2\/posts\/15999\/revisions"}],"predecessor-version":[{"id":16099,"href":"https:\/\/www.ckiopodkowa.pl\/index.php\/wp-json\/wp\/v2\/posts\/15999\/revisions\/16099"}],"wp:featuredmedia":[{"embeddable":true,"href":"https:\/\/www.ckiopodkowa.pl\/index.php\/wp-json\/wp\/v2\/media\/16098"}],"wp:attachment":[{"href":"https:\/\/www.ckiopodkowa.pl\/index.php\/wp-json\/wp\/v2\/media?parent=15999"}],"wp:term":[{"taxonomy":"category","embeddable":true,"href":"https:\/\/www.ckiopodkowa.pl\/index.php\/wp-json\/wp\/v2\/categories?post=15999"},{"taxonomy":"post_tag","embeddable":true,"href":"https:\/\/www.ckiopodkowa.pl\/index.php\/wp-json\/wp\/v2\/tags?post=15999"}],"curies":[{"name":"wp","href":"https:\/\/api.w.org\/{rel}","templated":true}]}}