{"id":14099,"date":"2024-09-11T07:55:28","date_gmt":"2024-09-11T05:55:28","guid":{"rendered":"https:\/\/www.ckiopodkowa.pl\/?p=14099"},"modified":"2024-09-16T19:24:54","modified_gmt":"2024-09-16T17:24:54","slug":"historia-jednej-fotografii-pokaz-filmu-i-spotkanie","status":"publish","type":"post","link":"https:\/\/www.ckiopodkowa.pl\/index.php\/2024\/09\/11\/historia-jednej-fotografii-pokaz-filmu-i-spotkanie\/","title":{"rendered":"HISTORIA JEDNEJ FOTOGRAFII &#8211; pokaz filmu i spotkanie"},"content":{"rendered":"\n<h2 class=\"wp-block-heading\" id=\"h-w-ramach-europejskich-dni-dziedzictwa-zapraszamy-na-pokaz-filmu-dokumentalnego-historia-jednej-fotografii-i-spotkanie-po-wi-cone-marii-kwa-niewskiej-maleszewskiej-kt-ra-we-wsp-pracy-z-innymi-dzielnymi-lud-mi-ratowa-a-wi-ni-w-z-obozu-dulag-mieszkance-podkowy-zdobywczyni-br-zowego-medalu-na-igrzyskach-olimpijskich-w-berlinie-w-1936-r-sobota-14-wrze-nia-godz-16-00-w-pa-acyku-kasyno-wst-p-wolny\">W ramach Europejskich Dni Dziedzictwa zapraszamy na pokaz filmu dokumentalnego &#8222;Historia jednej fotografii\u201d i spotkanie po\u015bwi\u0119cone Marii Kwa\u015bniewskiej-Maleszewskiej, kt\u00f3ra we wsp\u00f3\u0142pracy z innymi dzielnymi lud\u017ami ratowa\u0142a wi\u0119\u017ani\u00f3w z Obozu Dulag, mieszkance Podkowy, zdobywczyni br\u0105zowego medalu na Igrzyskach Olimpijskich w Berlinie w 1936 r. Sobota 14 wrze\u015bnia godz. 16.00 w Pa\u0142acyku Kasyno. Wst\u0119p wolny.<\/h2>\n\n\n\n<p><br>Po pokazie filmu odb\u0119dzie si\u0119 spotkanie z jego tw\u00f3rc\u0105, <strong>Wojciechem Kr\u00f3likowskim<\/strong>, a sylwetk\u0119 Olimpijki przedstawi <strong>prof. Robert Gawkowski z Muzeum Sportu i Turystyki w Warszawie, kt\u00f3re jest Partnerem wydarzenia<\/strong> i kt\u00f3re przeka\u017ce r\u00f3wnie\u017c ciekawe eksponaty na mini wystaw\u0119 towarzysz\u0105c\u0105 spotkaniu, m.in. apaszk\u0119 podarowan\u0105 pani Marii przez os\u0142awionego Goebbelsa.<\/p>\n\n\n\n<p>Wydarzenie jest cz\u0119\u015bci\u0105 programu Europejskich Dni Dziedzictwa w Podkowie Le\u015bnej 2024 pod patronatem honorowym Pani Magdaleny Eckhoff, Burmistrza Miasta Podkowa Le\u015bna.<br>W tym roku has\u0142o EDD brzmi &#8222;Szlaki. Sieci. Po\u0142\u0105czenia&#8221;.<\/p>\n\n\n\n<p>Pa\u0142acyk Kasyno, ul. Lilpopa 18, wst\u0119p wolny!<\/p>\n\n\n\n<p>Maria Kwa\u015bniewska (1913 -2007) w czasie i po okupacji mieszkanka podkowia\u0144skiej willi Hel przy ul. Jana Paw\u0142a II (wcze\u015bniej ul. \u017b\u00f3\u0142wi\u0144ska) by\u0142a niezwykle utalentowan\u0105 i wszechstronn\u0105 sportsmenk\u0105. Trenowa\u0142a wiele dyscyplin, w kt\u00f3rych odnosi\u0142a sukcesy sportowe: lekkoatletyk\u0119, koszyk\u00f3wk\u0119, pi\u0142k\u0119 r\u0119czn\u0105, i jej czesk\u0105 odmian\u0119 hazen\u0119, siatk\u00f3wk\u0119.<br>Olimpijski laur przyni\u00f3s\u0142 jej rzut oszczepem na Igrzyskach Olimpijskich w Berlinie w 1936 r., gdzie wywalczy\u0142a br\u0105zowy medal dla Polski, tym cenniejszy, \u017ce polska reprezentacja zdoby\u0142a w\u00f3wczas jedynie 6 medali ( w tym 3 &#8211; zdoby\u0142y kobiety).<\/p>\n\n\n\n<p>Podczas ceremonii wr\u0119czenia medali jako jedyna nie heilowa\u0142a, co uwieczni\u0142a pami\u0105tkowa fotografia. Jednak szczeg\u00f3ln\u0105 rol\u0119 odegra\u0142o po Powstaniu Warszawskim inne zdj\u0119cie wykonane podczas Igrzysk &#8211; fotografia Marii Kwa\u015bniewskiej z Adolfem Hitlerem i o tym w\u0142a\u015bnie opowiada film, na kt\u00f3ry Pa\u0144stwa zapraszamy.<\/p>\n\n\n\n<p>Projekcj\u0105 tego filmu i tym Spotkaniem chcemy uhonorowa\u0107 nie tylko pami\u0119\u0107 Marii Kwa\u015bniewskiej, ale r\u00f3wnie\u017c ca\u0142ej rzeszy, cz\u0119sto nie znanych z nazwiska mieszka\u0144c\u00f3w Podkowy, a tak\u017ce s\u0105siednich miejscowo\u015bci: Brwinowa, Milan\u00f3wka, Pruszkowa, Grodziska czy Komorowa. Tych, kt\u00f3rzy bohatersko, nieraz z nara\u017ceniem \u017cycia, wydobywali w dramatycznych dniach sierpnia, wrze\u015bnia i pa\u017adziernika 1944 r. z Obozu Dulag w Pruszkowie i nie\u015bli wielk\u0105 pomoc mieszka\u0144com Warszawy. Byli w\u015br\u00f3d nich dzia\u0142acze Rady G\u0142\u00f3wnej Opieku\u0144czej, sanitariusze, piel\u0119gniarki i lekarze tymczasowych szpitali, siostry zakonne opiekuj\u0105ce si\u0119 rannymi, ksi\u0119\u017ca, kt\u00f3rzy nie\u015bli cz\u0119sto nie tylko duchowe wsparcie, rolnicy dostarczaj\u0105cy za darmo \u017cywno\u015b\u0107, ci wszyscy, kt\u00f3rzy przyjmowali by\u0142ych wi\u0119\u017ani\u00f3w Dulagu pod sw\u00f3j dach, karmili i ubierali.<br>Trudno o pi\u0119kniejszy przyk\u0142ad tworzenia sieci i po\u0142\u0105cze\u0144 ludzi dobrej woli, wpisuj\u0105cy si\u0119 w tegoroczne has\u0142o EDD.<\/p>\n\n\n\n<p>Je\u015bli maj\u0105 Pa\u0144stwo swoje wspomnienia zwi\u0105zane z Dulagiem, liczymy, \u017ce podziel\u0105 si\u0119 nimi Pa\u0144stwo z nami podczas spotkania.<\/p>\n","protected":false},"excerpt":{"rendered":"<p>W ramach Europejskich Dni Dziedzictwa zapraszamy na pokaz filmu dokumentalnego &#8222;Historia jednej fotografii\u201d i spotkanie po\u015bwi\u0119cone Marii Kwa\u015bniewskiej-Maleszewskiej, kt\u00f3ra we wsp\u00f3\u0142pracy z innymi dzielnymi lud\u017ami ratowa\u0142a wi\u0119\u017ani\u00f3w z Obozu Dulag, mieszkance Podkowy, zdobywczyni br\u0105zowego medalu na Igrzyskach Olimpijskich w Berlinie w 1936 r. Sobota 14 wrze\u015bnia godz. 16.00 w Pa\u0142acyku Kasyno. Wst\u0119p wolny. Po pokazie [&hellip;]<\/p>\n","protected":false},"author":3,"featured_media":14101,"comment_status":"closed","ping_status":"closed","sticky":false,"template":"","format":"standard","meta":{"ocean_post_layout":"","ocean_both_sidebars_style":"","ocean_both_sidebars_content_width":0,"ocean_both_sidebars_sidebars_width":0,"ocean_sidebar":"","ocean_second_sidebar":"","ocean_disable_margins":"enable","ocean_add_body_class":"","ocean_shortcode_before_top_bar":"","ocean_shortcode_after_top_bar":"","ocean_shortcode_before_header":"","ocean_shortcode_after_header":"","ocean_has_shortcode":"","ocean_shortcode_after_title":"","ocean_shortcode_before_footer_widgets":"","ocean_shortcode_after_footer_widgets":"","ocean_shortcode_before_footer_bottom":"","ocean_shortcode_after_footer_bottom":"","ocean_display_top_bar":"default","ocean_display_header":"default","ocean_header_style":"","ocean_center_header_left_menu":"","ocean_custom_header_template":"","ocean_custom_logo":0,"ocean_custom_retina_logo":0,"ocean_custom_logo_max_width":0,"ocean_custom_logo_tablet_max_width":0,"ocean_custom_logo_mobile_max_width":0,"ocean_custom_logo_max_height":0,"ocean_custom_logo_tablet_max_height":0,"ocean_custom_logo_mobile_max_height":0,"ocean_header_custom_menu":"","ocean_menu_typo_font_family":"","ocean_menu_typo_font_subset":"","ocean_menu_typo_font_size":0,"ocean_menu_typo_font_size_tablet":0,"ocean_menu_typo_font_size_mobile":0,"ocean_menu_typo_font_size_unit":"px","ocean_menu_typo_font_weight":"","ocean_menu_typo_font_weight_tablet":"","ocean_menu_typo_font_weight_mobile":"","ocean_menu_typo_transform":"","ocean_menu_typo_transform_tablet":"","ocean_menu_typo_transform_mobile":"","ocean_menu_typo_line_height":0,"ocean_menu_typo_line_height_tablet":0,"ocean_menu_typo_line_height_mobile":0,"ocean_menu_typo_line_height_unit":"","ocean_menu_typo_spacing":0,"ocean_menu_typo_spacing_tablet":0,"ocean_menu_typo_spacing_mobile":0,"ocean_menu_typo_spacing_unit":"","ocean_menu_link_color":"","ocean_menu_link_color_hover":"","ocean_menu_link_color_active":"","ocean_menu_link_background":"","ocean_menu_link_hover_background":"","ocean_menu_link_active_background":"","ocean_menu_social_links_bg":"","ocean_menu_social_hover_links_bg":"","ocean_menu_social_links_color":"","ocean_menu_social_hover_links_color":"","ocean_disable_title":"default","ocean_disable_heading":"default","ocean_post_title":"","ocean_post_subheading":"","ocean_post_title_style":"","ocean_post_title_background_color":"","ocean_post_title_background":0,"ocean_post_title_bg_image_position":"","ocean_post_title_bg_image_attachment":"","ocean_post_title_bg_image_repeat":"","ocean_post_title_bg_image_size":"","ocean_post_title_height":0,"ocean_post_title_bg_overlay":0.5,"ocean_post_title_bg_overlay_color":"","ocean_disable_breadcrumbs":"default","ocean_breadcrumbs_color":"","ocean_breadcrumbs_separator_color":"","ocean_breadcrumbs_links_color":"","ocean_breadcrumbs_links_hover_color":"","ocean_display_footer_widgets":"default","ocean_display_footer_bottom":"default","ocean_custom_footer_template":"","ocean_post_oembed":"","ocean_post_self_hosted_media":"","ocean_post_video_embed":"","ocean_link_format":"","ocean_link_format_target":"self","ocean_quote_format":"","ocean_quote_format_link":"post","ocean_gallery_link_images":"on","ocean_gallery_id":[],"footnotes":""},"categories":[26,15],"tags":[38,54,675,777,756,779,80,37,778],"class_list":["post-14099","post","type-post","status-publish","format-standard","has-post-thumbnail","hentry","category-aktualnosci","category-kino-projekt","tag-centrum-kultury-i-inicjatyw-obywatelskich-w-podkowie-lesnej","tag-ckiio","tag-film-dokumentalny","tag-historia-jednej-fotografii","tag-kino","tag-maria-kwasniewska","tag-palacyk-kasyno","tag-podkowa-lesna","tag-wojciech-krolikowski","entry","has-media"],"yoast_head":"<!-- This site is optimized with the Yoast SEO Premium plugin v15.2.1 - https:\/\/yoast.com\/wordpress\/plugins\/seo\/ -->\n<title>HISTORIA JEDNEJ FOTOGRAFII - pokaz filmu i spotkanie - CKiO Podkowa Le\u015bna<\/title>\n<meta name=\"robots\" content=\"index, follow, max-snippet:-1, max-image-preview:large, max-video-preview:-1\" \/>\n<link rel=\"canonical\" href=\"https:\/\/www.ckiopodkowa.pl\/index.php\/2024\/09\/11\/historia-jednej-fotografii-pokaz-filmu-i-spotkanie\/\" \/>\n<meta property=\"og:locale\" content=\"pl_PL\" \/>\n<meta property=\"og:type\" content=\"article\" \/>\n<meta property=\"og:title\" content=\"HISTORIA JEDNEJ FOTOGRAFII - pokaz filmu i spotkanie - CKiO Podkowa Le\u015bna\" \/>\n<meta property=\"og:description\" content=\"W ramach Europejskich Dni Dziedzictwa zapraszamy na pokaz filmu dokumentalnego &#8222;Historia jednej fotografii\u201d i spotkanie po\u015bwi\u0119cone Marii Kwa\u015bniewskiej-Maleszewskiej, kt\u00f3ra we wsp\u00f3\u0142pracy z innymi dzielnymi lud\u017ami ratowa\u0142a wi\u0119\u017ani\u00f3w z Obozu Dulag, mieszkance Podkowy, zdobywczyni br\u0105zowego medalu na Igrzyskach Olimpijskich w Berlinie w 1936 r. Sobota 14 wrze\u015bnia godz. 16.00 w Pa\u0142acyku Kasyno. Wst\u0119p wolny. Po pokazie [&hellip;]\" \/>\n<meta property=\"og:url\" content=\"https:\/\/www.ckiopodkowa.pl\/index.php\/2024\/09\/11\/historia-jednej-fotografii-pokaz-filmu-i-spotkanie\/\" \/>\n<meta property=\"og:site_name\" content=\"CKiO Podkowa Le\u015bna\" \/>\n<meta property=\"article:published_time\" content=\"2024-09-11T05:55:28+00:00\" \/>\n<meta property=\"article:modified_time\" content=\"2024-09-16T17:24:54+00:00\" \/>\n<meta property=\"og:image\" content=\"https:\/\/www.ckiopodkowa.pl\/wp-content\/uploads\/2024\/09\/EDD-film-scaled.jpg\" \/>\n\t<meta property=\"og:image:width\" content=\"1839\" \/>\n\t<meta property=\"og:image:height\" content=\"2560\" \/>\n<meta name=\"twitter:card\" content=\"summary_large_image\" \/>\n<meta name=\"twitter:label1\" content=\"Napisane przez\">\n\t<meta name=\"twitter:data1\" content=\"Micha\u0142 Burszta\">\n\t<meta name=\"twitter:label2\" content=\"Szacowany czas czytania\">\n\t<meta name=\"twitter:data2\" content=\"2 minuty\">\n<script type=\"application\/ld+json\" class=\"yoast-schema-graph\">{\"@context\":\"https:\/\/schema.org\",\"@graph\":[{\"@type\":\"WebSite\",\"@id\":\"https:\/\/www.ckiopodkowa.pl\/#website\",\"url\":\"https:\/\/www.ckiopodkowa.pl\/\",\"name\":\"CKiO Podkowa Le\\u015bna\",\"description\":\"\",\"potentialAction\":[{\"@type\":\"SearchAction\",\"target\":\"https:\/\/www.ckiopodkowa.pl\/?s={search_term_string}\",\"query-input\":\"required name=search_term_string\"}],\"inLanguage\":\"pl-PL\"},{\"@type\":\"ImageObject\",\"@id\":\"https:\/\/www.ckiopodkowa.pl\/index.php\/2024\/09\/11\/historia-jednej-fotografii-pokaz-filmu-i-spotkanie\/#primaryimage\",\"inLanguage\":\"pl-PL\",\"url\":\"https:\/\/www.ckiopodkowa.pl\/wp-content\/uploads\/2024\/09\/EDD-film-scaled.jpg\",\"width\":1839,\"height\":2560},{\"@type\":\"WebPage\",\"@id\":\"https:\/\/www.ckiopodkowa.pl\/index.php\/2024\/09\/11\/historia-jednej-fotografii-pokaz-filmu-i-spotkanie\/#webpage\",\"url\":\"https:\/\/www.ckiopodkowa.pl\/index.php\/2024\/09\/11\/historia-jednej-fotografii-pokaz-filmu-i-spotkanie\/\",\"name\":\"HISTORIA JEDNEJ FOTOGRAFII - pokaz filmu i spotkanie - CKiO Podkowa Le\\u015bna\",\"isPartOf\":{\"@id\":\"https:\/\/www.ckiopodkowa.pl\/#website\"},\"primaryImageOfPage\":{\"@id\":\"https:\/\/www.ckiopodkowa.pl\/index.php\/2024\/09\/11\/historia-jednej-fotografii-pokaz-filmu-i-spotkanie\/#primaryimage\"},\"datePublished\":\"2024-09-11T05:55:28+00:00\",\"dateModified\":\"2024-09-16T17:24:54+00:00\",\"author\":{\"@id\":\"https:\/\/www.ckiopodkowa.pl\/#\/schema\/person\/c86f9e496f06965599cdf61c3f0d7353\"},\"breadcrumb\":{\"@id\":\"https:\/\/www.ckiopodkowa.pl\/index.php\/2024\/09\/11\/historia-jednej-fotografii-pokaz-filmu-i-spotkanie\/#breadcrumb\"},\"inLanguage\":\"pl-PL\",\"potentialAction\":[{\"@type\":\"ReadAction\",\"target\":[\"https:\/\/www.ckiopodkowa.pl\/index.php\/2024\/09\/11\/historia-jednej-fotografii-pokaz-filmu-i-spotkanie\/\"]}]},{\"@type\":\"BreadcrumbList\",\"@id\":\"https:\/\/www.ckiopodkowa.pl\/index.php\/2024\/09\/11\/historia-jednej-fotografii-pokaz-filmu-i-spotkanie\/#breadcrumb\",\"itemListElement\":[{\"@type\":\"ListItem\",\"position\":1,\"item\":{\"@type\":\"WebPage\",\"@id\":\"https:\/\/www.ckiopodkowa.pl\/\",\"url\":\"https:\/\/www.ckiopodkowa.pl\/\",\"name\":\"Strona g\\u0142\\u00f3wna\"}},{\"@type\":\"ListItem\",\"position\":2,\"item\":{\"@type\":\"WebPage\",\"@id\":\"https:\/\/www.ckiopodkowa.pl\/index.php\/2024\/09\/11\/historia-jednej-fotografii-pokaz-filmu-i-spotkanie\/\",\"url\":\"https:\/\/www.ckiopodkowa.pl\/index.php\/2024\/09\/11\/historia-jednej-fotografii-pokaz-filmu-i-spotkanie\/\",\"name\":\"HISTORIA JEDNEJ FOTOGRAFII &#8211; pokaz filmu i spotkanie\"}}]},{\"@type\":\"Person\",\"@id\":\"https:\/\/www.ckiopodkowa.pl\/#\/schema\/person\/c86f9e496f06965599cdf61c3f0d7353\",\"name\":\"Micha\\u0142 Burszta\",\"image\":{\"@type\":\"ImageObject\",\"@id\":\"https:\/\/www.ckiopodkowa.pl\/#personlogo\",\"inLanguage\":\"pl-PL\",\"url\":\"https:\/\/secure.gravatar.com\/avatar\/f1f4d167c304c69158a01101acd802fb2136a0a7ace154aa5a365dff7ecbce61?s=96&d=mm&r=g\",\"caption\":\"Micha\\u0142 Burszta\"}}]}<\/script>\n<!-- \/ Yoast SEO Premium plugin. -->","_links":{"self":[{"href":"https:\/\/www.ckiopodkowa.pl\/index.php\/wp-json\/wp\/v2\/posts\/14099","targetHints":{"allow":["GET"]}}],"collection":[{"href":"https:\/\/www.ckiopodkowa.pl\/index.php\/wp-json\/wp\/v2\/posts"}],"about":[{"href":"https:\/\/www.ckiopodkowa.pl\/index.php\/wp-json\/wp\/v2\/types\/post"}],"author":[{"embeddable":true,"href":"https:\/\/www.ckiopodkowa.pl\/index.php\/wp-json\/wp\/v2\/users\/3"}],"replies":[{"embeddable":true,"href":"https:\/\/www.ckiopodkowa.pl\/index.php\/wp-json\/wp\/v2\/comments?post=14099"}],"version-history":[{"count":2,"href":"https:\/\/www.ckiopodkowa.pl\/index.php\/wp-json\/wp\/v2\/posts\/14099\/revisions"}],"predecessor-version":[{"id":14102,"href":"https:\/\/www.ckiopodkowa.pl\/index.php\/wp-json\/wp\/v2\/posts\/14099\/revisions\/14102"}],"wp:featuredmedia":[{"embeddable":true,"href":"https:\/\/www.ckiopodkowa.pl\/index.php\/wp-json\/wp\/v2\/media\/14101"}],"wp:attachment":[{"href":"https:\/\/www.ckiopodkowa.pl\/index.php\/wp-json\/wp\/v2\/media?parent=14099"}],"wp:term":[{"taxonomy":"category","embeddable":true,"href":"https:\/\/www.ckiopodkowa.pl\/index.php\/wp-json\/wp\/v2\/categories?post=14099"},{"taxonomy":"post_tag","embeddable":true,"href":"https:\/\/www.ckiopodkowa.pl\/index.php\/wp-json\/wp\/v2\/tags?post=14099"}],"curies":[{"name":"wp","href":"https:\/\/api.w.org\/{rel}","templated":true}]}}