{"id":14044,"date":"2024-08-20T14:36:31","date_gmt":"2024-08-20T12:36:31","guid":{"rendered":"https:\/\/www.ckiopodkowa.pl\/?p=14044"},"modified":"2024-08-30T14:37:20","modified_gmt":"2024-08-30T12:37:20","slug":"malarstwo-marcina-ziolkowskiego-w-galerii-impuls","status":"publish","type":"post","link":"https:\/\/www.ckiopodkowa.pl\/index.php\/2024\/08\/20\/malarstwo-marcina-ziolkowskiego-w-galerii-impuls\/","title":{"rendered":"Malarstwo Marcina Zi\u00f3\u0142kowskiego w Galerii Impuls"},"content":{"rendered":"\n<h2 class=\"wp-block-heading\" id=\"h-w-sobot-7-wrze-nia-zapraszamy-do-galerii-impuls-na-wernisa-wystawy-malarstwa-marcina-zi-kowskiego-nr-387-obrazy-nieoczywiste-pocz-tek-o-godz-16-00-w-siedzibie-galerii-przy-ul-jana-paw-a-ii-13-wst-p-wolny-szczeg-y-www-galeriaimpuls-pl\">W sobot\u0119 7 wrze\u015bnia zapraszamy do Galerii Impuls na wernisa\u017c wystawy <strong>malarstwa Marcina Zi\u00f3\u0142kowskiego<\/strong> &#8222;<strong>nr 387 obrazy nieoczywiste<\/strong>&#8222;. Pocz\u0105tek o godz. 16.00 w siedzibie galerii przy ul. Jana Paw\u0142a II 13. Wst\u0119p wolny. Szczeg\u00f3\u0142y <a href=\"http:\/\/www.galeriaimpuls.pl\/\" target=\"_blank\" rel=\"noreferrer noopener\">www.galeriaimpuls.pl<\/a><\/h2>\n\n\n\n<p><strong>Marcin Zi\u00f3\u0142kowski<\/strong>&nbsp;urodzi\u0142 si\u0119 w&nbsp;1967 roku w \u015awidniku. Studiowa\u0142 na Wydziale Artystycznym Instytutu Sztuk Pi\u0119knych na Uniwersytecie Marii Curie-Sk\u0142odowskiej w Lublinie. Uzyska\u0142 dyplom z Grafiki w 2014 roku. Tam r\u00f3wnie\u017c przeprowadzi\u0142 przew\u00f3d doktorski. Zajmuje si\u0119 przede wszystkim malarstwem i rze\u017ab\u0105. G\u0142\u00f3wnym motywem jego prac jest akt kobiecy oraz jego relacje i odniesienia do otaczaj\u0105cej rzeczywisto\u015bci. W ten spos\u00f3b przedstawia emocjonalny stosunek do \u017cycia i za pomoc\u0105 narracji tych akt\u00f3w komentuje \u015bwiat.<\/p>\n\n\n\n<p>Wystawa potrwa do 29 wrze\u015bnia<\/p>\n\n\n\n<p>Galeria pracuje w soboty i niedziele od godz.12 do ostatniego go\u015bcia i w inne dni po um\u00f3wieniu telefonicznym 783787305<\/p>\n\n\n\n<p><\/p>\n","protected":false},"excerpt":{"rendered":"<p>W sobot\u0119 7 wrze\u015bnia zapraszamy do Galerii Impuls na wernisa\u017c wystawy malarstwa Marcina Zi\u00f3\u0142kowskiego &#8222;nr 387 obrazy nieoczywiste&#8222;. Pocz\u0105tek o godz. 16.00 w siedzibie galerii przy ul. Jana Paw\u0142a II 13. Wst\u0119p wolny. Szczeg\u00f3\u0142y www.galeriaimpuls.pl Marcin Zi\u00f3\u0142kowski&nbsp;urodzi\u0142 si\u0119 w&nbsp;1967 roku w \u015awidniku. Studiowa\u0142 na Wydziale Artystycznym Instytutu Sztuk Pi\u0119knych na Uniwersytecie Marii Curie-Sk\u0142odowskiej w Lublinie. [&hellip;]<\/p>\n","protected":false},"author":3,"featured_media":14046,"comment_status":"closed","ping_status":"closed","sticky":false,"template":"","format":"standard","meta":{"ocean_post_layout":"","ocean_both_sidebars_style":"","ocean_both_sidebars_content_width":0,"ocean_both_sidebars_sidebars_width":0,"ocean_sidebar":"","ocean_second_sidebar":"","ocean_disable_margins":"enable","ocean_add_body_class":"","ocean_shortcode_before_top_bar":"","ocean_shortcode_after_top_bar":"","ocean_shortcode_before_header":"","ocean_shortcode_after_header":"","ocean_has_shortcode":"","ocean_shortcode_after_title":"","ocean_shortcode_before_footer_widgets":"","ocean_shortcode_after_footer_widgets":"","ocean_shortcode_before_footer_bottom":"","ocean_shortcode_after_footer_bottom":"","ocean_display_top_bar":"default","ocean_display_header":"default","ocean_header_style":"","ocean_center_header_left_menu":"","ocean_custom_header_template":"","ocean_custom_logo":0,"ocean_custom_retina_logo":0,"ocean_custom_logo_max_width":0,"ocean_custom_logo_tablet_max_width":0,"ocean_custom_logo_mobile_max_width":0,"ocean_custom_logo_max_height":0,"ocean_custom_logo_tablet_max_height":0,"ocean_custom_logo_mobile_max_height":0,"ocean_header_custom_menu":"","ocean_menu_typo_font_family":"","ocean_menu_typo_font_subset":"","ocean_menu_typo_font_size":0,"ocean_menu_typo_font_size_tablet":0,"ocean_menu_typo_font_size_mobile":0,"ocean_menu_typo_font_size_unit":"px","ocean_menu_typo_font_weight":"","ocean_menu_typo_font_weight_tablet":"","ocean_menu_typo_font_weight_mobile":"","ocean_menu_typo_transform":"","ocean_menu_typo_transform_tablet":"","ocean_menu_typo_transform_mobile":"","ocean_menu_typo_line_height":0,"ocean_menu_typo_line_height_tablet":0,"ocean_menu_typo_line_height_mobile":0,"ocean_menu_typo_line_height_unit":"","ocean_menu_typo_spacing":0,"ocean_menu_typo_spacing_tablet":0,"ocean_menu_typo_spacing_mobile":0,"ocean_menu_typo_spacing_unit":"","ocean_menu_link_color":"","ocean_menu_link_color_hover":"","ocean_menu_link_color_active":"","ocean_menu_link_background":"","ocean_menu_link_hover_background":"","ocean_menu_link_active_background":"","ocean_menu_social_links_bg":"","ocean_menu_social_hover_links_bg":"","ocean_menu_social_links_color":"","ocean_menu_social_hover_links_color":"","ocean_disable_title":"default","ocean_disable_heading":"default","ocean_post_title":"","ocean_post_subheading":"","ocean_post_title_style":"","ocean_post_title_background_color":"","ocean_post_title_background":0,"ocean_post_title_bg_image_position":"","ocean_post_title_bg_image_attachment":"","ocean_post_title_bg_image_repeat":"","ocean_post_title_bg_image_size":"","ocean_post_title_height":0,"ocean_post_title_bg_overlay":0.5,"ocean_post_title_bg_overlay_color":"","ocean_disable_breadcrumbs":"default","ocean_breadcrumbs_color":"","ocean_breadcrumbs_separator_color":"","ocean_breadcrumbs_links_color":"","ocean_breadcrumbs_links_hover_color":"","ocean_display_footer_widgets":"default","ocean_display_footer_bottom":"default","ocean_custom_footer_template":"","ocean_post_oembed":"","ocean_post_self_hosted_media":"","ocean_post_video_embed":"","ocean_link_format":"","ocean_link_format_target":"self","ocean_quote_format":"","ocean_quote_format_link":"post","ocean_gallery_link_images":"on","ocean_gallery_id":[],"footnotes":""},"categories":[26,19],"tags":[],"class_list":["post-14044","post","type-post","status-publish","format-standard","has-post-thumbnail","hentry","category-aktualnosci","category-wystawy","entry","has-media"],"yoast_head":"<!-- This site is optimized with the Yoast SEO Premium plugin v15.2.1 - https:\/\/yoast.com\/wordpress\/plugins\/seo\/ -->\n<title>Malarstwo Marcina Zi\u00f3\u0142kowskiego w Galerii Impuls - CKiO Podkowa Le\u015bna<\/title>\n<meta name=\"robots\" content=\"index, follow, max-snippet:-1, max-image-preview:large, max-video-preview:-1\" \/>\n<link rel=\"canonical\" href=\"https:\/\/www.ckiopodkowa.pl\/index.php\/2024\/08\/20\/malarstwo-marcina-ziolkowskiego-w-galerii-impuls\/\" \/>\n<meta property=\"og:locale\" content=\"pl_PL\" \/>\n<meta property=\"og:type\" content=\"article\" \/>\n<meta property=\"og:title\" content=\"Malarstwo Marcina Zi\u00f3\u0142kowskiego w Galerii Impuls - CKiO Podkowa Le\u015bna\" \/>\n<meta property=\"og:description\" content=\"W sobot\u0119 7 wrze\u015bnia zapraszamy do Galerii Impuls na wernisa\u017c wystawy malarstwa Marcina Zi\u00f3\u0142kowskiego &#8222;nr 387 obrazy nieoczywiste&#8222;. Pocz\u0105tek o godz. 16.00 w siedzibie galerii przy ul. Jana Paw\u0142a II 13. Wst\u0119p wolny. Szczeg\u00f3\u0142y www.galeriaimpuls.pl Marcin Zi\u00f3\u0142kowski&nbsp;urodzi\u0142 si\u0119 w&nbsp;1967 roku w \u015awidniku. Studiowa\u0142 na Wydziale Artystycznym Instytutu Sztuk Pi\u0119knych na Uniwersytecie Marii Curie-Sk\u0142odowskiej w Lublinie. [&hellip;]\" \/>\n<meta property=\"og:url\" content=\"https:\/\/www.ckiopodkowa.pl\/index.php\/2024\/08\/20\/malarstwo-marcina-ziolkowskiego-w-galerii-impuls\/\" \/>\n<meta property=\"og:site_name\" content=\"CKiO Podkowa Le\u015bna\" \/>\n<meta property=\"article:published_time\" content=\"2024-08-20T12:36:31+00:00\" \/>\n<meta property=\"article:modified_time\" content=\"2024-08-30T12:37:20+00:00\" \/>\n<meta property=\"og:image\" content=\"https:\/\/www.ckiopodkowa.pl\/wp-content\/uploads\/2024\/08\/Ziolkowski_Impuls.jpg\" \/>\n\t<meta property=\"og:image:width\" content=\"2245\" \/>\n\t<meta property=\"og:image:height\" content=\"1587\" \/>\n<meta name=\"twitter:card\" content=\"summary_large_image\" \/>\n<meta name=\"twitter:label1\" content=\"Napisane przez\">\n\t<meta name=\"twitter:data1\" content=\"Micha\u0142 Burszta\">\n\t<meta name=\"twitter:label2\" content=\"Szacowany czas czytania\">\n\t<meta name=\"twitter:data2\" content=\"1 minuta\">\n<script type=\"application\/ld+json\" class=\"yoast-schema-graph\">{\"@context\":\"https:\/\/schema.org\",\"@graph\":[{\"@type\":\"WebSite\",\"@id\":\"https:\/\/www.ckiopodkowa.pl\/#website\",\"url\":\"https:\/\/www.ckiopodkowa.pl\/\",\"name\":\"CKiO Podkowa Le\\u015bna\",\"description\":\"\",\"potentialAction\":[{\"@type\":\"SearchAction\",\"target\":\"https:\/\/www.ckiopodkowa.pl\/?s={search_term_string}\",\"query-input\":\"required name=search_term_string\"}],\"inLanguage\":\"pl-PL\"},{\"@type\":\"ImageObject\",\"@id\":\"https:\/\/www.ckiopodkowa.pl\/index.php\/2024\/08\/20\/malarstwo-marcina-ziolkowskiego-w-galerii-impuls\/#primaryimage\",\"inLanguage\":\"pl-PL\",\"url\":\"https:\/\/www.ckiopodkowa.pl\/wp-content\/uploads\/2024\/08\/Ziolkowski_Impuls.jpg\",\"width\":2245,\"height\":1587},{\"@type\":\"WebPage\",\"@id\":\"https:\/\/www.ckiopodkowa.pl\/index.php\/2024\/08\/20\/malarstwo-marcina-ziolkowskiego-w-galerii-impuls\/#webpage\",\"url\":\"https:\/\/www.ckiopodkowa.pl\/index.php\/2024\/08\/20\/malarstwo-marcina-ziolkowskiego-w-galerii-impuls\/\",\"name\":\"Malarstwo Marcina Zi\\u00f3\\u0142kowskiego w Galerii Impuls - CKiO Podkowa Le\\u015bna\",\"isPartOf\":{\"@id\":\"https:\/\/www.ckiopodkowa.pl\/#website\"},\"primaryImageOfPage\":{\"@id\":\"https:\/\/www.ckiopodkowa.pl\/index.php\/2024\/08\/20\/malarstwo-marcina-ziolkowskiego-w-galerii-impuls\/#primaryimage\"},\"datePublished\":\"2024-08-20T12:36:31+00:00\",\"dateModified\":\"2024-08-30T12:37:20+00:00\",\"author\":{\"@id\":\"https:\/\/www.ckiopodkowa.pl\/#\/schema\/person\/c86f9e496f06965599cdf61c3f0d7353\"},\"breadcrumb\":{\"@id\":\"https:\/\/www.ckiopodkowa.pl\/index.php\/2024\/08\/20\/malarstwo-marcina-ziolkowskiego-w-galerii-impuls\/#breadcrumb\"},\"inLanguage\":\"pl-PL\",\"potentialAction\":[{\"@type\":\"ReadAction\",\"target\":[\"https:\/\/www.ckiopodkowa.pl\/index.php\/2024\/08\/20\/malarstwo-marcina-ziolkowskiego-w-galerii-impuls\/\"]}]},{\"@type\":\"BreadcrumbList\",\"@id\":\"https:\/\/www.ckiopodkowa.pl\/index.php\/2024\/08\/20\/malarstwo-marcina-ziolkowskiego-w-galerii-impuls\/#breadcrumb\",\"itemListElement\":[{\"@type\":\"ListItem\",\"position\":1,\"item\":{\"@type\":\"WebPage\",\"@id\":\"https:\/\/www.ckiopodkowa.pl\/\",\"url\":\"https:\/\/www.ckiopodkowa.pl\/\",\"name\":\"Strona g\\u0142\\u00f3wna\"}},{\"@type\":\"ListItem\",\"position\":2,\"item\":{\"@type\":\"WebPage\",\"@id\":\"https:\/\/www.ckiopodkowa.pl\/index.php\/2024\/08\/20\/malarstwo-marcina-ziolkowskiego-w-galerii-impuls\/\",\"url\":\"https:\/\/www.ckiopodkowa.pl\/index.php\/2024\/08\/20\/malarstwo-marcina-ziolkowskiego-w-galerii-impuls\/\",\"name\":\"Malarstwo Marcina Zi\\u00f3\\u0142kowskiego w Galerii Impuls\"}}]},{\"@type\":\"Person\",\"@id\":\"https:\/\/www.ckiopodkowa.pl\/#\/schema\/person\/c86f9e496f06965599cdf61c3f0d7353\",\"name\":\"Micha\\u0142 Burszta\",\"image\":{\"@type\":\"ImageObject\",\"@id\":\"https:\/\/www.ckiopodkowa.pl\/#personlogo\",\"inLanguage\":\"pl-PL\",\"url\":\"https:\/\/secure.gravatar.com\/avatar\/f1f4d167c304c69158a01101acd802fb2136a0a7ace154aa5a365dff7ecbce61?s=96&d=mm&r=g\",\"caption\":\"Micha\\u0142 Burszta\"}}]}<\/script>\n<!-- \/ Yoast SEO Premium plugin. -->","_links":{"self":[{"href":"https:\/\/www.ckiopodkowa.pl\/index.php\/wp-json\/wp\/v2\/posts\/14044","targetHints":{"allow":["GET"]}}],"collection":[{"href":"https:\/\/www.ckiopodkowa.pl\/index.php\/wp-json\/wp\/v2\/posts"}],"about":[{"href":"https:\/\/www.ckiopodkowa.pl\/index.php\/wp-json\/wp\/v2\/types\/post"}],"author":[{"embeddable":true,"href":"https:\/\/www.ckiopodkowa.pl\/index.php\/wp-json\/wp\/v2\/users\/3"}],"replies":[{"embeddable":true,"href":"https:\/\/www.ckiopodkowa.pl\/index.php\/wp-json\/wp\/v2\/comments?post=14044"}],"version-history":[{"count":1,"href":"https:\/\/www.ckiopodkowa.pl\/index.php\/wp-json\/wp\/v2\/posts\/14044\/revisions"}],"predecessor-version":[{"id":14045,"href":"https:\/\/www.ckiopodkowa.pl\/index.php\/wp-json\/wp\/v2\/posts\/14044\/revisions\/14045"}],"wp:featuredmedia":[{"embeddable":true,"href":"https:\/\/www.ckiopodkowa.pl\/index.php\/wp-json\/wp\/v2\/media\/14046"}],"wp:attachment":[{"href":"https:\/\/www.ckiopodkowa.pl\/index.php\/wp-json\/wp\/v2\/media?parent=14044"}],"wp:term":[{"taxonomy":"category","embeddable":true,"href":"https:\/\/www.ckiopodkowa.pl\/index.php\/wp-json\/wp\/v2\/categories?post=14044"},{"taxonomy":"post_tag","embeddable":true,"href":"https:\/\/www.ckiopodkowa.pl\/index.php\/wp-json\/wp\/v2\/tags?post=14044"}],"curies":[{"name":"wp","href":"https:\/\/api.w.org\/{rel}","templated":true}]}}