{"id":13385,"date":"2024-06-14T12:10:37","date_gmt":"2024-06-14T10:10:37","guid":{"rendered":"https:\/\/www.ckiopodkowa.pl\/?p=13385"},"modified":"2024-06-26T12:51:26","modified_gmt":"2024-06-26T10:51:26","slug":"koncert-zespolu-bez-zgrzytu","status":"publish","type":"post","link":"https:\/\/www.ckiopodkowa.pl\/index.php\/2024\/06\/14\/koncert-zespolu-bez-zgrzytu\/","title":{"rendered":"Koncert zespo\u0142u BEZ ZGRZYTU"},"content":{"rendered":"\n<h2 class=\"wp-block-heading\" id=\"h-zapraszamy\">Zapraszamy!<\/h2>\n\n\n\n<p class=\"has-text-align-left\">22 czerwca 2024 (sobota)<br>godz. 18.00<br>Pa\u0142acyk Kasyno, ul. Lilpopa 18<br>Podkowa Le\u015bna, wst\u0119p wolny!<\/p>\n\n\n\n<h2 class=\"wp-block-heading\" id=\"h-o-zespole\">O zespole:<\/h2>\n\n\n\n<p>Zesp\u00f3\u0142 BEZ ZGRZYTU z Milan\u00f3wka funkcjonuje od 10 lat. Gra muzyk\u0119 autorsk\u0105 z gatunku poezji \u015bpiewanej z elementami bluesa i jazzu. Za\u0142o\u017cycielem, kompozytorem muzyki i prowadz\u0105cym zesp\u00f3\u0142 jest Jacek \u0141ocz. Teksty piosenek pisz\u0105 Jacek i Hanna \u0141oczowie.<br>***<br>Jacek \u0141ocz przez wiele lat by\u0142 zwi\u0105zany z Podkow\u0105 Le\u015bn\u0105, gdzie przez dziesi\u0119\u0107 lat wykonywa\u0142 w Ko\u015bciele \u015aw. Krzysztofa wraz z zespo\u0142em &#8222;Trapi\u015bci&#8221; s\u0142ynn\u0105 Msz\u0119 Beatow\u0105 &#8222;Pan przyjacielem moim&#8221; autorstwa Katarzyny Gertner.<br>***<br>Obecnie jako jeden z niewielu &#8222;Trapist\u00f3w&#8221; dalej kontynuuje<br>swoj\u0105 muzyczn\u0105 drog\u0119 jako lider zespo\u0142u &#8222;Bez Zgrzytu&#8221;, a tak\u017ce prowadz\u0105c dzieci\u0119cy zesp\u00f3\u0142 muzyczny &#8222;Rz\u0119poli\u015bci&#8221;.<br>***<br>BEZ ZGRZYTU jest laureatem festiwali: &#8222;Festiwal im. Wojtka Bellona&#8221;,&#8221;Bazuna&#8221;,&#8221;Festiwal im. Jonasza Kofty&#8221;, &#8222;Sp\u0142yWarka&#8221; i &#8222;Wrzosowisko&#8221;,&#8221;Oppa&#8221; oraz &#8222;Bakcynalia&#8221;.<br>***<br>W grudniu 2020 r. zesp\u00f3\u0142 nagra\u0142 debiutanck\u0105 p\u0142yt\u0119 &#8222;Zawo\u0142aj mnie&#8221;.<br>***<br>Sk\u0142ad zespo\u0142u:<br>Jacek \u0141ocz &#8211; wokal, gitara elektroakustyczna<br>Hanna \u0141ocz &#8211; wokal, bas<br>Krzysztof \u017burek &#8211; instrumenty klawiszowe<br>go\u015bcinnie Seweryn Kowalski &#8211; gitara elektryczna<\/p>\n","protected":false},"excerpt":{"rendered":"<p>Serdecznie zapraszamy na koncert zespo\u0142u BEZ ZGRZYTU<\/p>\n","protected":false},"author":12,"featured_media":13389,"comment_status":"closed","ping_status":"closed","sticky":false,"template":"","format":"standard","meta":{"ocean_post_layout":"","ocean_both_sidebars_style":"","ocean_both_sidebars_content_width":0,"ocean_both_sidebars_sidebars_width":0,"ocean_sidebar":"","ocean_second_sidebar":"","ocean_disable_margins":"enable","ocean_add_body_class":"","ocean_shortcode_before_top_bar":"","ocean_shortcode_after_top_bar":"","ocean_shortcode_before_header":"","ocean_shortcode_after_header":"","ocean_has_shortcode":"","ocean_shortcode_after_title":"","ocean_shortcode_before_footer_widgets":"","ocean_shortcode_after_footer_widgets":"","ocean_shortcode_before_footer_bottom":"","ocean_shortcode_after_footer_bottom":"","ocean_display_top_bar":"default","ocean_display_header":"default","ocean_header_style":"","ocean_center_header_left_menu":"","ocean_custom_header_template":"","ocean_custom_logo":0,"ocean_custom_retina_logo":0,"ocean_custom_logo_max_width":0,"ocean_custom_logo_tablet_max_width":0,"ocean_custom_logo_mobile_max_width":0,"ocean_custom_logo_max_height":0,"ocean_custom_logo_tablet_max_height":0,"ocean_custom_logo_mobile_max_height":0,"ocean_header_custom_menu":"","ocean_menu_typo_font_family":"","ocean_menu_typo_font_subset":"","ocean_menu_typo_font_size":0,"ocean_menu_typo_font_size_tablet":0,"ocean_menu_typo_font_size_mobile":0,"ocean_menu_typo_font_size_unit":"px","ocean_menu_typo_font_weight":"","ocean_menu_typo_font_weight_tablet":"","ocean_menu_typo_font_weight_mobile":"","ocean_menu_typo_transform":"","ocean_menu_typo_transform_tablet":"","ocean_menu_typo_transform_mobile":"","ocean_menu_typo_line_height":0,"ocean_menu_typo_line_height_tablet":0,"ocean_menu_typo_line_height_mobile":0,"ocean_menu_typo_line_height_unit":"","ocean_menu_typo_spacing":0,"ocean_menu_typo_spacing_tablet":0,"ocean_menu_typo_spacing_mobile":0,"ocean_menu_typo_spacing_unit":"","ocean_menu_link_color":"","ocean_menu_link_color_hover":"","ocean_menu_link_color_active":"","ocean_menu_link_background":"","ocean_menu_link_hover_background":"","ocean_menu_link_active_background":"","ocean_menu_social_links_bg":"","ocean_menu_social_hover_links_bg":"","ocean_menu_social_links_color":"","ocean_menu_social_hover_links_color":"","ocean_disable_title":"default","ocean_disable_heading":"default","ocean_post_title":"","ocean_post_subheading":"","ocean_post_title_style":"","ocean_post_title_background_color":"","ocean_post_title_background":0,"ocean_post_title_bg_image_position":"","ocean_post_title_bg_image_attachment":"","ocean_post_title_bg_image_repeat":"","ocean_post_title_bg_image_size":"","ocean_post_title_height":0,"ocean_post_title_bg_overlay":0.5,"ocean_post_title_bg_overlay_color":"","ocean_disable_breadcrumbs":"default","ocean_breadcrumbs_color":"","ocean_breadcrumbs_separator_color":"","ocean_breadcrumbs_links_color":"","ocean_breadcrumbs_links_hover_color":"","ocean_display_footer_widgets":"default","ocean_display_footer_bottom":"default","ocean_custom_footer_template":"","ocean_post_oembed":"","ocean_post_self_hosted_media":"","ocean_post_video_embed":"","ocean_link_format":"","ocean_link_format_target":"self","ocean_quote_format":"","ocean_quote_format_link":"post","ocean_gallery_link_images":"on","ocean_gallery_id":[],"footnotes":""},"categories":[26,17],"tags":[739,38,741,740,77,80,37],"class_list":["post-13385","post","type-post","status-publish","format-standard","has-post-thumbnail","hentry","category-aktualnosci","category-koncerty","tag-bez-zgrzytu","tag-centrum-kultury-i-inicjatyw-obywatelskich-w-podkowie-lesnej","tag-hanna-locz","tag-jacek-locz","tag-koncert","tag-palacyk-kasyno","tag-podkowa-lesna","entry","has-media"],"yoast_head":"<!-- This site is optimized with the Yoast SEO Premium plugin v15.2.1 - https:\/\/yoast.com\/wordpress\/plugins\/seo\/ -->\n<title>Koncert zespo\u0142u BEZ ZGRZYTU - CKiO Podkowa Le\u015bna<\/title>\n<meta name=\"robots\" content=\"index, follow, max-snippet:-1, max-image-preview:large, max-video-preview:-1\" \/>\n<link rel=\"canonical\" href=\"https:\/\/www.ckiopodkowa.pl\/index.php\/2024\/06\/14\/koncert-zespolu-bez-zgrzytu\/\" \/>\n<meta property=\"og:locale\" content=\"pl_PL\" \/>\n<meta property=\"og:type\" content=\"article\" \/>\n<meta property=\"og:title\" content=\"Koncert zespo\u0142u BEZ ZGRZYTU - CKiO Podkowa Le\u015bna\" \/>\n<meta property=\"og:description\" content=\"Serdecznie zapraszamy na koncert zespo\u0142u BEZ ZGRZYTU\" \/>\n<meta property=\"og:url\" content=\"https:\/\/www.ckiopodkowa.pl\/index.php\/2024\/06\/14\/koncert-zespolu-bez-zgrzytu\/\" \/>\n<meta property=\"og:site_name\" content=\"CKiO Podkowa Le\u015bna\" \/>\n<meta property=\"article:published_time\" content=\"2024-06-14T10:10:37+00:00\" \/>\n<meta property=\"article:modified_time\" content=\"2024-06-26T10:51:26+00:00\" \/>\n<meta property=\"og:image\" content=\"https:\/\/www.ckiopodkowa.pl\/wp-content\/uploads\/2024\/06\/Plakat-Locz-B1-1-scaled.jpg\" \/>\n\t<meta property=\"og:image:width\" content=\"1792\" \/>\n\t<meta property=\"og:image:height\" content=\"2560\" \/>\n<meta name=\"twitter:card\" content=\"summary_large_image\" \/>\n<meta name=\"twitter:label1\" content=\"Napisane przez\">\n\t<meta name=\"twitter:data1\" content=\"Maciej Koszewski\">\n\t<meta name=\"twitter:label2\" content=\"Szacowany czas czytania\">\n\t<meta name=\"twitter:data2\" content=\"1 minuta\">\n<script type=\"application\/ld+json\" class=\"yoast-schema-graph\">{\"@context\":\"https:\/\/schema.org\",\"@graph\":[{\"@type\":\"WebSite\",\"@id\":\"https:\/\/www.ckiopodkowa.pl\/#website\",\"url\":\"https:\/\/www.ckiopodkowa.pl\/\",\"name\":\"CKiO Podkowa Le\\u015bna\",\"description\":\"\",\"potentialAction\":[{\"@type\":\"SearchAction\",\"target\":\"https:\/\/www.ckiopodkowa.pl\/?s={search_term_string}\",\"query-input\":\"required name=search_term_string\"}],\"inLanguage\":\"pl-PL\"},{\"@type\":\"ImageObject\",\"@id\":\"https:\/\/www.ckiopodkowa.pl\/index.php\/2024\/06\/14\/koncert-zespolu-bez-zgrzytu\/#primaryimage\",\"inLanguage\":\"pl-PL\",\"url\":\"https:\/\/www.ckiopodkowa.pl\/wp-content\/uploads\/2024\/06\/Plakat-Locz-B1-1-scaled.jpg\",\"width\":1792,\"height\":2560},{\"@type\":\"WebPage\",\"@id\":\"https:\/\/www.ckiopodkowa.pl\/index.php\/2024\/06\/14\/koncert-zespolu-bez-zgrzytu\/#webpage\",\"url\":\"https:\/\/www.ckiopodkowa.pl\/index.php\/2024\/06\/14\/koncert-zespolu-bez-zgrzytu\/\",\"name\":\"Koncert zespo\\u0142u BEZ ZGRZYTU - CKiO Podkowa Le\\u015bna\",\"isPartOf\":{\"@id\":\"https:\/\/www.ckiopodkowa.pl\/#website\"},\"primaryImageOfPage\":{\"@id\":\"https:\/\/www.ckiopodkowa.pl\/index.php\/2024\/06\/14\/koncert-zespolu-bez-zgrzytu\/#primaryimage\"},\"datePublished\":\"2024-06-14T10:10:37+00:00\",\"dateModified\":\"2024-06-26T10:51:26+00:00\",\"author\":{\"@id\":\"https:\/\/www.ckiopodkowa.pl\/#\/schema\/person\/392edbd059a461829e647cdf7f94ed6a\"},\"breadcrumb\":{\"@id\":\"https:\/\/www.ckiopodkowa.pl\/index.php\/2024\/06\/14\/koncert-zespolu-bez-zgrzytu\/#breadcrumb\"},\"inLanguage\":\"pl-PL\",\"potentialAction\":[{\"@type\":\"ReadAction\",\"target\":[\"https:\/\/www.ckiopodkowa.pl\/index.php\/2024\/06\/14\/koncert-zespolu-bez-zgrzytu\/\"]}]},{\"@type\":\"BreadcrumbList\",\"@id\":\"https:\/\/www.ckiopodkowa.pl\/index.php\/2024\/06\/14\/koncert-zespolu-bez-zgrzytu\/#breadcrumb\",\"itemListElement\":[{\"@type\":\"ListItem\",\"position\":1,\"item\":{\"@type\":\"WebPage\",\"@id\":\"https:\/\/www.ckiopodkowa.pl\/\",\"url\":\"https:\/\/www.ckiopodkowa.pl\/\",\"name\":\"Strona g\\u0142\\u00f3wna\"}},{\"@type\":\"ListItem\",\"position\":2,\"item\":{\"@type\":\"WebPage\",\"@id\":\"https:\/\/www.ckiopodkowa.pl\/index.php\/2024\/06\/14\/koncert-zespolu-bez-zgrzytu\/\",\"url\":\"https:\/\/www.ckiopodkowa.pl\/index.php\/2024\/06\/14\/koncert-zespolu-bez-zgrzytu\/\",\"name\":\"Koncert zespo\\u0142u BEZ ZGRZYTU\"}}]},{\"@type\":\"Person\",\"@id\":\"https:\/\/www.ckiopodkowa.pl\/#\/schema\/person\/392edbd059a461829e647cdf7f94ed6a\",\"name\":\"Maciej Koszewski\",\"image\":{\"@type\":\"ImageObject\",\"@id\":\"https:\/\/www.ckiopodkowa.pl\/#personlogo\",\"inLanguage\":\"pl-PL\",\"url\":\"https:\/\/secure.gravatar.com\/avatar\/2201dc2bdab7fb0d0e7eb099e75ce0ba939654d535fc243457418cbd016648eb?s=96&d=mm&r=g\",\"caption\":\"Maciej Koszewski\"}}]}<\/script>\n<!-- \/ Yoast SEO Premium plugin. -->","_links":{"self":[{"href":"https:\/\/www.ckiopodkowa.pl\/index.php\/wp-json\/wp\/v2\/posts\/13385","targetHints":{"allow":["GET"]}}],"collection":[{"href":"https:\/\/www.ckiopodkowa.pl\/index.php\/wp-json\/wp\/v2\/posts"}],"about":[{"href":"https:\/\/www.ckiopodkowa.pl\/index.php\/wp-json\/wp\/v2\/types\/post"}],"author":[{"embeddable":true,"href":"https:\/\/www.ckiopodkowa.pl\/index.php\/wp-json\/wp\/v2\/users\/12"}],"replies":[{"embeddable":true,"href":"https:\/\/www.ckiopodkowa.pl\/index.php\/wp-json\/wp\/v2\/comments?post=13385"}],"version-history":[{"count":3,"href":"https:\/\/www.ckiopodkowa.pl\/index.php\/wp-json\/wp\/v2\/posts\/13385\/revisions"}],"predecessor-version":[{"id":13391,"href":"https:\/\/www.ckiopodkowa.pl\/index.php\/wp-json\/wp\/v2\/posts\/13385\/revisions\/13391"}],"wp:featuredmedia":[{"embeddable":true,"href":"https:\/\/www.ckiopodkowa.pl\/index.php\/wp-json\/wp\/v2\/media\/13389"}],"wp:attachment":[{"href":"https:\/\/www.ckiopodkowa.pl\/index.php\/wp-json\/wp\/v2\/media?parent=13385"}],"wp:term":[{"taxonomy":"category","embeddable":true,"href":"https:\/\/www.ckiopodkowa.pl\/index.php\/wp-json\/wp\/v2\/categories?post=13385"},{"taxonomy":"post_tag","embeddable":true,"href":"https:\/\/www.ckiopodkowa.pl\/index.php\/wp-json\/wp\/v2\/tags?post=13385"}],"curies":[{"name":"wp","href":"https:\/\/api.w.org\/{rel}","templated":true}]}}