{"id":12889,"date":"2024-03-21T15:08:46","date_gmt":"2024-03-21T14:08:46","guid":{"rendered":"https:\/\/www.ckiopodkowa.pl\/?p=12889"},"modified":"2024-03-22T15:09:36","modified_gmt":"2024-03-22T14:09:36","slug":"joanna-bator-laureatka-austriackiej-nagrody-panstwowej","status":"publish","type":"post","link":"https:\/\/www.ckiopodkowa.pl\/index.php\/2024\/03\/21\/joanna-bator-laureatka-austriackiej-nagrody-panstwowej\/","title":{"rendered":"Joanna Bator laureatk\u0105 Austriackiej Nagrody Pa\u0144stwowej"},"content":{"rendered":"\n<h2 class=\"wp-block-heading\" id=\"h-z-nieopisan-rado-ci-przyj-li-my-wiadomo-e-wybitna-pisarka-joanna-bator-a-prywatnie-mieszkanka-podkowy-le-nej-zosta-a-tegoroczn-laureatk-austriackiej-nagrody-pa-stwowej-dla-tw-rc-w-literatury-europejskiej-sterreichischer-staatspreis-f-r-europ-ische-literatur\">Z nieopisan\u0105 rado\u015bci\u0105 przyj\u0119li\u015bmy wiadomo\u015b\u0107, \u017ce wybitna pisarka Joanna Bator, a prywatnie mieszkanka Podkowy Le\u015bnej, zosta\u0142a tegoroczn\u0105 laureatk\u0105 Austriackiej Nagrody Pa\u0144stwowej dla tw\u00f3rc\u00f3w literatury europejskiej (\u00d6sterreichischer Staatspreis f\u00fcr Europ\u00e4ische Literatur).<\/h2>\n\n\n\n<p>Wyr\u00f3\u017cnienie, kt\u00f3re zostanie wr\u0119czone 27 lipca w Salzburgu, otrzyma\u0142a jako pierwsza Polka w historii. Laureatami wcze\u015bniejszych edycji byli m. in. W.H. Auden, Eug\u00e8ne Ionesco, Italo Calvino, Simone de Beauvoir, Doris Lessing, Milan Kundera, Dubravka Ugre\u0161ic, Umberto Eco, Julian Barnes, czy Zadie Smith.<\/p>\n\n\n\n<p>Z polskich pisarzy wyr\u00f3\u017cniono: Zbigniewa Herberta, S\u0142awomira Mro\u017cka, Tadeusza R\u00f3\u017cewicza, Stanis\u0142awa Lema, Andrzeja Szczypiorskiego oraz Andrzeja Stasiuka.<\/p>\n\n\n\n<p>Jury w uzasadnieniu napisa\u0142o: <em>Bator przetwarza traumatyczne do\u015bwiadczenia ubieg\u0142ego wieku w z\u0142o\u017cone historie, z kt\u00f3rych wi\u0119kszo\u015b\u0107 skupia si\u0119 na bohaterkach kobiecych.<\/em><\/p>\n\n\n\n<p>Sekretarz stanu ds. sztuki i kultury Andrea Mayer dodaje: <em>W swoich ksi\u0105\u017ckach Joanna Bator zr\u0119cznie \u0142\u0105czy ma\u0142e historie, kt\u00f3re g\u0142adko przechodz\u0105 w wielkie opowie\u015bci i od pierwszego zdania wci\u0105gaj\u0105 czytelnika w \u015bwiat, kt\u00f3ry mo\u017ce wydawa\u0107 si\u0119 dziwny, ale szybko pozwala si\u0119 oswoi\u0107. (&#8230;) Mimo towarzysz\u0105cego im poczucia wyobcowania bohaterki Bator nigdy si\u0119 nie poddaj\u0105, a energii dostarcza im si\u0142a marze\u0144 i poczucie solidarno\u015bci<\/em>.<\/p>\n\n\n\n<p>\u00d6sterreichischer Staatspreis f\u00fcr Europ\u00e4ische Literatur przyznawana jest od 1965 roku, a otrzymuj\u0105 j\u0105 wybrani europejscy autorzy, kt\u00f3rych dzie\u0142a zosta\u0142y przet\u0142umaczone na j\u0119zyk niemiecki. Laureat otrzymuje&nbsp; 25 tys. euro.<\/p>\n\n\n\n<p><strong>Autorce serdecznie gratulujemy!<\/strong><\/p>\n","protected":false},"excerpt":{"rendered":"<p>Z nieopisan\u0105 rado\u015bci\u0105 przyj\u0119li\u015bmy wiadomo\u015b\u0107, \u017ce wybitna pisarka Joanna Bator, a prywatnie mieszkanka Podkowy Le\u015bnej, zosta\u0142a tegoroczn\u0105 laureatk\u0105 Austriackiej Nagrody Pa\u0144stwowej dla tw\u00f3rc\u00f3w literatury europejskiej (\u00d6sterreichischer Staatspreis f\u00fcr Europ\u00e4ische Literatur). Wyr\u00f3\u017cnienie, kt\u00f3re zostanie wr\u0119czone 27 lipca w Salzburgu, otrzyma\u0142a jako pierwsza Polka w historii. Laureatami wcze\u015bniejszych edycji byli m. in. W.H. Auden, Eug\u00e8ne Ionesco, Italo [&hellip;]<\/p>\n","protected":false},"author":3,"featured_media":12891,"comment_status":"closed","ping_status":"closed","sticky":false,"template":"","format":"standard","meta":{"ocean_post_layout":"","ocean_both_sidebars_style":"","ocean_both_sidebars_content_width":0,"ocean_both_sidebars_sidebars_width":0,"ocean_sidebar":"","ocean_second_sidebar":"","ocean_disable_margins":"enable","ocean_add_body_class":"","ocean_shortcode_before_top_bar":"","ocean_shortcode_after_top_bar":"","ocean_shortcode_before_header":"","ocean_shortcode_after_header":"","ocean_has_shortcode":"","ocean_shortcode_after_title":"","ocean_shortcode_before_footer_widgets":"","ocean_shortcode_after_footer_widgets":"","ocean_shortcode_before_footer_bottom":"","ocean_shortcode_after_footer_bottom":"","ocean_display_top_bar":"default","ocean_display_header":"default","ocean_header_style":"","ocean_center_header_left_menu":"","ocean_custom_header_template":"","ocean_custom_logo":0,"ocean_custom_retina_logo":0,"ocean_custom_logo_max_width":0,"ocean_custom_logo_tablet_max_width":0,"ocean_custom_logo_mobile_max_width":0,"ocean_custom_logo_max_height":0,"ocean_custom_logo_tablet_max_height":0,"ocean_custom_logo_mobile_max_height":0,"ocean_header_custom_menu":"","ocean_menu_typo_font_family":"","ocean_menu_typo_font_subset":"","ocean_menu_typo_font_size":0,"ocean_menu_typo_font_size_tablet":0,"ocean_menu_typo_font_size_mobile":0,"ocean_menu_typo_font_size_unit":"px","ocean_menu_typo_font_weight":"","ocean_menu_typo_font_weight_tablet":"","ocean_menu_typo_font_weight_mobile":"","ocean_menu_typo_transform":"","ocean_menu_typo_transform_tablet":"","ocean_menu_typo_transform_mobile":"","ocean_menu_typo_line_height":0,"ocean_menu_typo_line_height_tablet":0,"ocean_menu_typo_line_height_mobile":0,"ocean_menu_typo_line_height_unit":"","ocean_menu_typo_spacing":0,"ocean_menu_typo_spacing_tablet":0,"ocean_menu_typo_spacing_mobile":0,"ocean_menu_typo_spacing_unit":"","ocean_menu_link_color":"","ocean_menu_link_color_hover":"","ocean_menu_link_color_active":"","ocean_menu_link_background":"","ocean_menu_link_hover_background":"","ocean_menu_link_active_background":"","ocean_menu_social_links_bg":"","ocean_menu_social_hover_links_bg":"","ocean_menu_social_links_color":"","ocean_menu_social_hover_links_color":"","ocean_disable_title":"default","ocean_disable_heading":"default","ocean_post_title":"","ocean_post_subheading":"","ocean_post_title_style":"","ocean_post_title_background_color":"","ocean_post_title_background":0,"ocean_post_title_bg_image_position":"","ocean_post_title_bg_image_attachment":"","ocean_post_title_bg_image_repeat":"","ocean_post_title_bg_image_size":"","ocean_post_title_height":0,"ocean_post_title_bg_overlay":0.5,"ocean_post_title_bg_overlay_color":"","ocean_disable_breadcrumbs":"default","ocean_breadcrumbs_color":"","ocean_breadcrumbs_separator_color":"","ocean_breadcrumbs_links_color":"","ocean_breadcrumbs_links_hover_color":"","ocean_display_footer_widgets":"default","ocean_display_footer_bottom":"default","ocean_custom_footer_template":"","ocean_post_oembed":"","ocean_post_self_hosted_media":"","ocean_post_video_embed":"","ocean_link_format":"","ocean_link_format_target":"self","ocean_quote_format":"","ocean_quote_format_link":"post","ocean_gallery_link_images":"on","ocean_gallery_id":[],"footnotes":""},"categories":[26,21],"tags":[685,411,106,684],"class_list":["post-12889","post","type-post","status-publish","format-standard","has-post-thumbnail","hentry","category-aktualnosci","category-swiatowa-podkowa","tag-austriacka-nagroda-panstwowa","tag-joanna-bator","tag-literatura","tag-osterreichischer-staatspreis-fur-europaische-literatur","entry","has-media"],"yoast_head":"<!-- This site is optimized with the Yoast SEO Premium plugin v15.2.1 - https:\/\/yoast.com\/wordpress\/plugins\/seo\/ -->\n<title>Joanna Bator laureatk\u0105 Austriackiej Nagrody Pa\u0144stwowej - CKiO Podkowa Le\u015bna<\/title>\n<meta name=\"robots\" content=\"index, follow, max-snippet:-1, max-image-preview:large, max-video-preview:-1\" \/>\n<link rel=\"canonical\" href=\"https:\/\/www.ckiopodkowa.pl\/index.php\/2024\/03\/21\/joanna-bator-laureatka-austriackiej-nagrody-panstwowej\/\" \/>\n<meta property=\"og:locale\" content=\"pl_PL\" \/>\n<meta property=\"og:type\" content=\"article\" \/>\n<meta property=\"og:title\" content=\"Joanna Bator laureatk\u0105 Austriackiej Nagrody Pa\u0144stwowej - CKiO Podkowa Le\u015bna\" \/>\n<meta property=\"og:description\" content=\"Z nieopisan\u0105 rado\u015bci\u0105 przyj\u0119li\u015bmy wiadomo\u015b\u0107, \u017ce wybitna pisarka Joanna Bator, a prywatnie mieszkanka Podkowy Le\u015bnej, zosta\u0142a tegoroczn\u0105 laureatk\u0105 Austriackiej Nagrody Pa\u0144stwowej dla tw\u00f3rc\u00f3w literatury europejskiej (\u00d6sterreichischer Staatspreis f\u00fcr Europ\u00e4ische Literatur). Wyr\u00f3\u017cnienie, kt\u00f3re zostanie wr\u0119czone 27 lipca w Salzburgu, otrzyma\u0142a jako pierwsza Polka w historii. Laureatami wcze\u015bniejszych edycji byli m. in. W.H. Auden, Eug\u00e8ne Ionesco, Italo [&hellip;]\" \/>\n<meta property=\"og:url\" content=\"https:\/\/www.ckiopodkowa.pl\/index.php\/2024\/03\/21\/joanna-bator-laureatka-austriackiej-nagrody-panstwowej\/\" \/>\n<meta property=\"og:site_name\" content=\"CKiO Podkowa Le\u015bna\" \/>\n<meta property=\"article:published_time\" content=\"2024-03-21T14:08:46+00:00\" \/>\n<meta property=\"article:modified_time\" content=\"2024-03-22T14:09:36+00:00\" \/>\n<meta property=\"og:image\" content=\"https:\/\/www.ckiopodkowa.pl\/wp-content\/uploads\/2024\/03\/JB-scaled.jpg\" \/>\n\t<meta property=\"og:image:width\" content=\"1810\" \/>\n\t<meta property=\"og:image:height\" content=\"2560\" \/>\n<meta name=\"twitter:card\" content=\"summary_large_image\" \/>\n<meta name=\"twitter:label1\" content=\"Napisane przez\">\n\t<meta name=\"twitter:data1\" content=\"Micha\u0142 Burszta\">\n\t<meta name=\"twitter:label2\" content=\"Szacowany czas czytania\">\n\t<meta name=\"twitter:data2\" content=\"1 minuta\">\n<script type=\"application\/ld+json\" class=\"yoast-schema-graph\">{\"@context\":\"https:\/\/schema.org\",\"@graph\":[{\"@type\":\"WebSite\",\"@id\":\"https:\/\/www.ckiopodkowa.pl\/#website\",\"url\":\"https:\/\/www.ckiopodkowa.pl\/\",\"name\":\"CKiO Podkowa Le\\u015bna\",\"description\":\"\",\"potentialAction\":[{\"@type\":\"SearchAction\",\"target\":\"https:\/\/www.ckiopodkowa.pl\/?s={search_term_string}\",\"query-input\":\"required name=search_term_string\"}],\"inLanguage\":\"pl-PL\"},{\"@type\":\"ImageObject\",\"@id\":\"https:\/\/www.ckiopodkowa.pl\/index.php\/2024\/03\/21\/joanna-bator-laureatka-austriackiej-nagrody-panstwowej\/#primaryimage\",\"inLanguage\":\"pl-PL\",\"url\":\"https:\/\/www.ckiopodkowa.pl\/wp-content\/uploads\/2024\/03\/JB-scaled.jpg\",\"width\":1810,\"height\":2560},{\"@type\":\"WebPage\",\"@id\":\"https:\/\/www.ckiopodkowa.pl\/index.php\/2024\/03\/21\/joanna-bator-laureatka-austriackiej-nagrody-panstwowej\/#webpage\",\"url\":\"https:\/\/www.ckiopodkowa.pl\/index.php\/2024\/03\/21\/joanna-bator-laureatka-austriackiej-nagrody-panstwowej\/\",\"name\":\"Joanna Bator laureatk\\u0105 Austriackiej Nagrody Pa\\u0144stwowej - CKiO Podkowa Le\\u015bna\",\"isPartOf\":{\"@id\":\"https:\/\/www.ckiopodkowa.pl\/#website\"},\"primaryImageOfPage\":{\"@id\":\"https:\/\/www.ckiopodkowa.pl\/index.php\/2024\/03\/21\/joanna-bator-laureatka-austriackiej-nagrody-panstwowej\/#primaryimage\"},\"datePublished\":\"2024-03-21T14:08:46+00:00\",\"dateModified\":\"2024-03-22T14:09:36+00:00\",\"author\":{\"@id\":\"https:\/\/www.ckiopodkowa.pl\/#\/schema\/person\/c86f9e496f06965599cdf61c3f0d7353\"},\"breadcrumb\":{\"@id\":\"https:\/\/www.ckiopodkowa.pl\/index.php\/2024\/03\/21\/joanna-bator-laureatka-austriackiej-nagrody-panstwowej\/#breadcrumb\"},\"inLanguage\":\"pl-PL\",\"potentialAction\":[{\"@type\":\"ReadAction\",\"target\":[\"https:\/\/www.ckiopodkowa.pl\/index.php\/2024\/03\/21\/joanna-bator-laureatka-austriackiej-nagrody-panstwowej\/\"]}]},{\"@type\":\"BreadcrumbList\",\"@id\":\"https:\/\/www.ckiopodkowa.pl\/index.php\/2024\/03\/21\/joanna-bator-laureatka-austriackiej-nagrody-panstwowej\/#breadcrumb\",\"itemListElement\":[{\"@type\":\"ListItem\",\"position\":1,\"item\":{\"@type\":\"WebPage\",\"@id\":\"https:\/\/www.ckiopodkowa.pl\/\",\"url\":\"https:\/\/www.ckiopodkowa.pl\/\",\"name\":\"Strona g\\u0142\\u00f3wna\"}},{\"@type\":\"ListItem\",\"position\":2,\"item\":{\"@type\":\"WebPage\",\"@id\":\"https:\/\/www.ckiopodkowa.pl\/index.php\/2024\/03\/21\/joanna-bator-laureatka-austriackiej-nagrody-panstwowej\/\",\"url\":\"https:\/\/www.ckiopodkowa.pl\/index.php\/2024\/03\/21\/joanna-bator-laureatka-austriackiej-nagrody-panstwowej\/\",\"name\":\"Joanna Bator laureatk\\u0105 Austriackiej Nagrody Pa\\u0144stwowej\"}}]},{\"@type\":\"Person\",\"@id\":\"https:\/\/www.ckiopodkowa.pl\/#\/schema\/person\/c86f9e496f06965599cdf61c3f0d7353\",\"name\":\"Micha\\u0142 Burszta\",\"image\":{\"@type\":\"ImageObject\",\"@id\":\"https:\/\/www.ckiopodkowa.pl\/#personlogo\",\"inLanguage\":\"pl-PL\",\"url\":\"https:\/\/secure.gravatar.com\/avatar\/f1f4d167c304c69158a01101acd802fb2136a0a7ace154aa5a365dff7ecbce61?s=96&d=mm&r=g\",\"caption\":\"Micha\\u0142 Burszta\"}}]}<\/script>\n<!-- \/ Yoast SEO Premium plugin. -->","_links":{"self":[{"href":"https:\/\/www.ckiopodkowa.pl\/index.php\/wp-json\/wp\/v2\/posts\/12889","targetHints":{"allow":["GET"]}}],"collection":[{"href":"https:\/\/www.ckiopodkowa.pl\/index.php\/wp-json\/wp\/v2\/posts"}],"about":[{"href":"https:\/\/www.ckiopodkowa.pl\/index.php\/wp-json\/wp\/v2\/types\/post"}],"author":[{"embeddable":true,"href":"https:\/\/www.ckiopodkowa.pl\/index.php\/wp-json\/wp\/v2\/users\/3"}],"replies":[{"embeddable":true,"href":"https:\/\/www.ckiopodkowa.pl\/index.php\/wp-json\/wp\/v2\/comments?post=12889"}],"version-history":[{"count":1,"href":"https:\/\/www.ckiopodkowa.pl\/index.php\/wp-json\/wp\/v2\/posts\/12889\/revisions"}],"predecessor-version":[{"id":12890,"href":"https:\/\/www.ckiopodkowa.pl\/index.php\/wp-json\/wp\/v2\/posts\/12889\/revisions\/12890"}],"wp:featuredmedia":[{"embeddable":true,"href":"https:\/\/www.ckiopodkowa.pl\/index.php\/wp-json\/wp\/v2\/media\/12891"}],"wp:attachment":[{"href":"https:\/\/www.ckiopodkowa.pl\/index.php\/wp-json\/wp\/v2\/media?parent=12889"}],"wp:term":[{"taxonomy":"category","embeddable":true,"href":"https:\/\/www.ckiopodkowa.pl\/index.php\/wp-json\/wp\/v2\/categories?post=12889"},{"taxonomy":"post_tag","embeddable":true,"href":"https:\/\/www.ckiopodkowa.pl\/index.php\/wp-json\/wp\/v2\/tags?post=12889"}],"curies":[{"name":"wp","href":"https:\/\/api.w.org\/{rel}","templated":true}]}}