{"id":12834,"date":"2024-02-28T16:07:34","date_gmt":"2024-02-28T15:07:34","guid":{"rendered":"https:\/\/www.ckiopodkowa.pl\/?p=12834"},"modified":"2024-02-28T17:05:00","modified_gmt":"2024-02-28T16:05:00","slug":"spacer-sladami-gwiazd-artystek-pisarek-i-automobilistek","status":"publish","type":"post","link":"https:\/\/www.ckiopodkowa.pl\/index.php\/2024\/02\/28\/spacer-sladami-gwiazd-artystek-pisarek-i-automobilistek\/","title":{"rendered":"Spacer \u015bladami gwiazd, artystek, pisarek i automobilistek"},"content":{"rendered":"\n<h2 class=\"wp-block-heading\" id=\"h-w-niedziel-10-marca-zapraszamy-na-kolejny-spacer-tematyczny-z-agnieszk-wojcierowsk-tym-razem-ruszymy-podkowia-skimi-ladami-zar-wno-s-ynnych-jak-i-mniej-znanych-acz-intryguj-cych-kobiet-zaczynamy-o-godz-11-00-na-stacji-wkd-podkowa-le-na-g-owna-wst-p-wolny\">W niedziel\u0119 10 marca zapraszamy na kolejny spacer tematyczny z Agnieszk\u0105 Wojcierowsk\u0105. Tym razem ruszymy podkowia\u0144skimi \u015bladami zar\u00f3wno s\u0142ynnych, jak i mniej znanych, acz intryguj\u0105cych kobiet. Zaczynamy o godz. 11.00 na stacji WKD Podkowa Le\u015bna G\u0142owna. Wst\u0119p wolny. <\/h2>\n\n\n\n<p>Podkowa Le\u015bna, modna przed wojn\u0105 w\u015br\u00f3d &#8222;lepszego towarzystwa&#8221;, dogodnie skomunikowana kolejk\u0105 EKD, kt\u00f3ra odje\u017cd\u017ca\u0142a z samego centrum Warszawy, od pocz\u0105tku przyci\u0105ga\u0142a ludzi sztuki, sceny, literatury, a tak\u017ce ekskluzywnej rozrywki, jak\u0105 by\u0142y wy\u015bcigi dost\u0119pnymi w\u00f3wczas dla nielicznych automobilami.<\/p>\n\n\n\n<p>To tu m.in. zbudowa\u0142o swoj\u0105 will\u0119 rodze\u0144stwo W\u0142adys\u0142aw Trapszo i wielka gwiazda sceny i ekranu Mieczys\u0142awa \u0106wikli\u0144ska ze s\u0142awnego od ko\u0144ca XIX wieku (sic!) teatralnego klanu Trapsz\u00f3w, tu zamieszka\u0142a w jednym z najbardziej awangardowych dom\u00f3w znana &#8222;skandalistka&#8221; Irena Krzywicka, tu znalaz\u0142a schronienie w czasie okupacji i zbudowa\u0142a domek po wojnie jedna z najbardziej rozpoznawalnych pisarek mi\u0119dzywojnia Pola Gojawiczy\u0144ska, tu zaje\u017cd\u017ca\u0142y limuzyny i sportowe wozy znanej automobilistki Haliny Regulskiej, tu w czasie okupacji i par\u0119 lat po niej mieszka\u0142a polska olimpijka Maria Kwa\u015bniewska-Maleszewska.<\/p>\n\n\n\n<p>Ale opr\u00f3cz gwiazd i kobiet z pierwszych stron gazet mieszka\u0142y tu te\u017c kobiety drugiego planu, np. jedne z pierwszych polskich lekarek.<\/p>\n\n\n\n<p>Przybli\u017cymy miejsca zwi\u0105zane z bohaterkami spaceru i dzieje niekt\u00f3rych z nich, zar\u00f3wno gwiazd, jak i tych o mniej znanych nazwiskach, m.in.:<\/p>\n\n\n\n<p>&#8211; s\u0142ynnej przez dziesi\u0119ciolecia &#8222;\u0106wik\u0142y&#8221; &#8211; Mieczys\u0142awy \u0106wikli\u0144skiej, sk\u0105din\u0105d przez pewien czas zwi\u0105zanej \u015blubn\u0105 przysi\u0119g\u0105 z pisarzem i p\u00f3\u017aniejszym mieszka\u0144cem Brwinowa, Zygmuntem Bartkiewiczem,<\/p>\n\n\n\n<p>&#8211; &#8222;gorszycielki&#8221; Ireny Krzywickiej, wielkiej mi\u0142o\u015bci Tadeusza Boya- \u017bele\u0144skiego<\/p>\n\n\n\n<p>&#8211; dr Stefanii Hertzowej z domu zwanego Kurz\u0105 Stopk\u0105<\/p>\n\n\n\n<p>&#8211; Hanny Modrzewskiej-Nowosielskiej &#8211; tworz\u0105cej tu od lat 70. XX w. artystki ceramiczki i scenografki, autorki projekt\u00f3w bardzo modnej dzi\u015b peerelowskiej porcelany<\/p>\n\n\n\n<p>Zachowa\u0142a si\u0119 wi\u0119kszo\u015b\u0107 zajmowanych przez bohaterki spaceru willi i dom\u00f3w, cho\u0107 niekt\u00f3re, jak Irambo, czy domek Gojawiczy\u0144skiej, zosta\u0142y ju\u017c niestety tylko we wspomnieniach.<\/p>\n\n\n\n<p>Prowadzenie spaceru: Agnieszka Wojcierowska<\/p>\n\n\n\n<p>Udzia\u0142 bezp\u0142atny, start &#8211; stacja WKD Podkowa Le\u015bna G\u0142\u00f3wna<\/p>\n","protected":false},"excerpt":{"rendered":"<p>W niedziel\u0119 10 marca zapraszamy na kolejny spacer tematyczny z Agnieszk\u0105 Wojcierowsk\u0105. Tym razem ruszymy podkowia\u0144skimi \u015bladami zar\u00f3wno s\u0142ynnych, jak i mniej znanych, acz intryguj\u0105cych kobiet. Zaczynamy o godz. 11.00 na stacji WKD Podkowa Le\u015bna G\u0142owna. Wst\u0119p wolny. Podkowa Le\u015bna, modna przed wojn\u0105 w\u015br\u00f3d &#8222;lepszego towarzystwa&#8221;, dogodnie skomunikowana kolejk\u0105 EKD, kt\u00f3ra odje\u017cd\u017ca\u0142a z samego centrum [&hellip;]<\/p>\n","protected":false},"author":3,"featured_media":12843,"comment_status":"closed","ping_status":"closed","sticky":false,"template":"","format":"standard","meta":{"ocean_post_layout":"","ocean_both_sidebars_style":"","ocean_both_sidebars_content_width":0,"ocean_both_sidebars_sidebars_width":0,"ocean_sidebar":"","ocean_second_sidebar":"","ocean_disable_margins":"enable","ocean_add_body_class":"","ocean_shortcode_before_top_bar":"","ocean_shortcode_after_top_bar":"","ocean_shortcode_before_header":"","ocean_shortcode_after_header":"","ocean_has_shortcode":"","ocean_shortcode_after_title":"","ocean_shortcode_before_footer_widgets":"","ocean_shortcode_after_footer_widgets":"","ocean_shortcode_before_footer_bottom":"","ocean_shortcode_after_footer_bottom":"","ocean_display_top_bar":"default","ocean_display_header":"default","ocean_header_style":"","ocean_center_header_left_menu":"","ocean_custom_header_template":"","ocean_custom_logo":0,"ocean_custom_retina_logo":0,"ocean_custom_logo_max_width":0,"ocean_custom_logo_tablet_max_width":0,"ocean_custom_logo_mobile_max_width":0,"ocean_custom_logo_max_height":0,"ocean_custom_logo_tablet_max_height":0,"ocean_custom_logo_mobile_max_height":0,"ocean_header_custom_menu":"","ocean_menu_typo_font_family":"","ocean_menu_typo_font_subset":"","ocean_menu_typo_font_size":0,"ocean_menu_typo_font_size_tablet":0,"ocean_menu_typo_font_size_mobile":0,"ocean_menu_typo_font_size_unit":"px","ocean_menu_typo_font_weight":"","ocean_menu_typo_font_weight_tablet":"","ocean_menu_typo_font_weight_mobile":"","ocean_menu_typo_transform":"","ocean_menu_typo_transform_tablet":"","ocean_menu_typo_transform_mobile":"","ocean_menu_typo_line_height":0,"ocean_menu_typo_line_height_tablet":0,"ocean_menu_typo_line_height_mobile":0,"ocean_menu_typo_line_height_unit":"","ocean_menu_typo_spacing":0,"ocean_menu_typo_spacing_tablet":0,"ocean_menu_typo_spacing_mobile":0,"ocean_menu_typo_spacing_unit":"","ocean_menu_link_color":"","ocean_menu_link_color_hover":"","ocean_menu_link_color_active":"","ocean_menu_link_background":"","ocean_menu_link_hover_background":"","ocean_menu_link_active_background":"","ocean_menu_social_links_bg":"","ocean_menu_social_hover_links_bg":"","ocean_menu_social_links_color":"","ocean_menu_social_hover_links_color":"","ocean_disable_title":"default","ocean_disable_heading":"default","ocean_post_title":"","ocean_post_subheading":"","ocean_post_title_style":"","ocean_post_title_background_color":"","ocean_post_title_background":0,"ocean_post_title_bg_image_position":"","ocean_post_title_bg_image_attachment":"","ocean_post_title_bg_image_repeat":"","ocean_post_title_bg_image_size":"","ocean_post_title_height":0,"ocean_post_title_bg_overlay":0.5,"ocean_post_title_bg_overlay_color":"","ocean_disable_breadcrumbs":"default","ocean_breadcrumbs_color":"","ocean_breadcrumbs_separator_color":"","ocean_breadcrumbs_links_color":"","ocean_breadcrumbs_links_hover_color":"","ocean_display_footer_widgets":"default","ocean_display_footer_bottom":"default","ocean_custom_footer_template":"","ocean_post_oembed":"","ocean_post_self_hosted_media":"","ocean_post_video_embed":"","ocean_link_format":"","ocean_link_format_target":"self","ocean_quote_format":"","ocean_quote_format_link":"post","ocean_gallery_link_images":"on","ocean_gallery_id":[],"footnotes":""},"categories":[26],"tags":[38,54,418,37,91,509],"class_list":["post-12834","post","type-post","status-publish","format-standard","has-post-thumbnail","hentry","category-aktualnosci","tag-centrum-kultury-i-inicjatyw-obywatelskich-w-podkowie-lesnej","tag-ckiio","tag-kobiety-podkowy","tag-podkowa-lesna","tag-spacer-po-podkowie","tag-spacer-tematyczny","entry","has-media"],"yoast_head":"<!-- This site is optimized with the Yoast SEO Premium plugin v15.2.1 - https:\/\/yoast.com\/wordpress\/plugins\/seo\/ -->\n<title>Spacer \u015bladami gwiazd, artystek, pisarek i automobilistek - CKiO Podkowa Le\u015bna<\/title>\n<meta name=\"robots\" content=\"index, follow, max-snippet:-1, max-image-preview:large, max-video-preview:-1\" \/>\n<link rel=\"canonical\" href=\"https:\/\/www.ckiopodkowa.pl\/index.php\/2024\/02\/28\/spacer-sladami-gwiazd-artystek-pisarek-i-automobilistek\/\" \/>\n<meta property=\"og:locale\" content=\"pl_PL\" \/>\n<meta property=\"og:type\" content=\"article\" \/>\n<meta property=\"og:title\" content=\"Spacer \u015bladami gwiazd, artystek, pisarek i automobilistek - CKiO Podkowa Le\u015bna\" \/>\n<meta property=\"og:description\" content=\"W niedziel\u0119 10 marca zapraszamy na kolejny spacer tematyczny z Agnieszk\u0105 Wojcierowsk\u0105. Tym razem ruszymy podkowia\u0144skimi \u015bladami zar\u00f3wno s\u0142ynnych, jak i mniej znanych, acz intryguj\u0105cych kobiet. Zaczynamy o godz. 11.00 na stacji WKD Podkowa Le\u015bna G\u0142owna. Wst\u0119p wolny. Podkowa Le\u015bna, modna przed wojn\u0105 w\u015br\u00f3d &#8222;lepszego towarzystwa&#8221;, dogodnie skomunikowana kolejk\u0105 EKD, kt\u00f3ra odje\u017cd\u017ca\u0142a z samego centrum [&hellip;]\" \/>\n<meta property=\"og:url\" content=\"https:\/\/www.ckiopodkowa.pl\/index.php\/2024\/02\/28\/spacer-sladami-gwiazd-artystek-pisarek-i-automobilistek\/\" \/>\n<meta property=\"og:site_name\" content=\"CKiO Podkowa Le\u015bna\" \/>\n<meta property=\"article:published_time\" content=\"2024-02-28T15:07:34+00:00\" \/>\n<meta property=\"article:modified_time\" content=\"2024-02-28T16:05:00+00:00\" \/>\n<meta property=\"og:image\" content=\"https:\/\/www.ckiopodkowa.pl\/wp-content\/uploads\/2024\/02\/spacer-10-03-24-scaled.jpg\" \/>\n\t<meta property=\"og:image:width\" content=\"1804\" \/>\n\t<meta property=\"og:image:height\" content=\"2560\" \/>\n<meta name=\"twitter:card\" content=\"summary_large_image\" \/>\n<meta name=\"twitter:label1\" content=\"Napisane przez\">\n\t<meta name=\"twitter:data1\" content=\"Micha\u0142 Burszta\">\n\t<meta name=\"twitter:label2\" content=\"Szacowany czas czytania\">\n\t<meta name=\"twitter:data2\" content=\"1 minuta\">\n<script type=\"application\/ld+json\" class=\"yoast-schema-graph\">{\"@context\":\"https:\/\/schema.org\",\"@graph\":[{\"@type\":\"WebSite\",\"@id\":\"https:\/\/www.ckiopodkowa.pl\/#website\",\"url\":\"https:\/\/www.ckiopodkowa.pl\/\",\"name\":\"CKiO Podkowa Le\\u015bna\",\"description\":\"\",\"potentialAction\":[{\"@type\":\"SearchAction\",\"target\":\"https:\/\/www.ckiopodkowa.pl\/?s={search_term_string}\",\"query-input\":\"required name=search_term_string\"}],\"inLanguage\":\"pl-PL\"},{\"@type\":\"ImageObject\",\"@id\":\"https:\/\/www.ckiopodkowa.pl\/index.php\/2024\/02\/28\/spacer-sladami-gwiazd-artystek-pisarek-i-automobilistek\/#primaryimage\",\"inLanguage\":\"pl-PL\",\"url\":\"https:\/\/www.ckiopodkowa.pl\/wp-content\/uploads\/2024\/02\/spacer-10-03-24-scaled.jpg\",\"width\":1804,\"height\":2560},{\"@type\":\"WebPage\",\"@id\":\"https:\/\/www.ckiopodkowa.pl\/index.php\/2024\/02\/28\/spacer-sladami-gwiazd-artystek-pisarek-i-automobilistek\/#webpage\",\"url\":\"https:\/\/www.ckiopodkowa.pl\/index.php\/2024\/02\/28\/spacer-sladami-gwiazd-artystek-pisarek-i-automobilistek\/\",\"name\":\"Spacer \\u015bladami gwiazd, artystek, pisarek i automobilistek - CKiO Podkowa Le\\u015bna\",\"isPartOf\":{\"@id\":\"https:\/\/www.ckiopodkowa.pl\/#website\"},\"primaryImageOfPage\":{\"@id\":\"https:\/\/www.ckiopodkowa.pl\/index.php\/2024\/02\/28\/spacer-sladami-gwiazd-artystek-pisarek-i-automobilistek\/#primaryimage\"},\"datePublished\":\"2024-02-28T15:07:34+00:00\",\"dateModified\":\"2024-02-28T16:05:00+00:00\",\"author\":{\"@id\":\"https:\/\/www.ckiopodkowa.pl\/#\/schema\/person\/c86f9e496f06965599cdf61c3f0d7353\"},\"breadcrumb\":{\"@id\":\"https:\/\/www.ckiopodkowa.pl\/index.php\/2024\/02\/28\/spacer-sladami-gwiazd-artystek-pisarek-i-automobilistek\/#breadcrumb\"},\"inLanguage\":\"pl-PL\",\"potentialAction\":[{\"@type\":\"ReadAction\",\"target\":[\"https:\/\/www.ckiopodkowa.pl\/index.php\/2024\/02\/28\/spacer-sladami-gwiazd-artystek-pisarek-i-automobilistek\/\"]}]},{\"@type\":\"BreadcrumbList\",\"@id\":\"https:\/\/www.ckiopodkowa.pl\/index.php\/2024\/02\/28\/spacer-sladami-gwiazd-artystek-pisarek-i-automobilistek\/#breadcrumb\",\"itemListElement\":[{\"@type\":\"ListItem\",\"position\":1,\"item\":{\"@type\":\"WebPage\",\"@id\":\"https:\/\/www.ckiopodkowa.pl\/\",\"url\":\"https:\/\/www.ckiopodkowa.pl\/\",\"name\":\"Strona g\\u0142\\u00f3wna\"}},{\"@type\":\"ListItem\",\"position\":2,\"item\":{\"@type\":\"WebPage\",\"@id\":\"https:\/\/www.ckiopodkowa.pl\/index.php\/2024\/02\/28\/spacer-sladami-gwiazd-artystek-pisarek-i-automobilistek\/\",\"url\":\"https:\/\/www.ckiopodkowa.pl\/index.php\/2024\/02\/28\/spacer-sladami-gwiazd-artystek-pisarek-i-automobilistek\/\",\"name\":\"Spacer \\u015bladami gwiazd, artystek, pisarek i automobilistek\"}}]},{\"@type\":\"Person\",\"@id\":\"https:\/\/www.ckiopodkowa.pl\/#\/schema\/person\/c86f9e496f06965599cdf61c3f0d7353\",\"name\":\"Micha\\u0142 Burszta\",\"image\":{\"@type\":\"ImageObject\",\"@id\":\"https:\/\/www.ckiopodkowa.pl\/#personlogo\",\"inLanguage\":\"pl-PL\",\"url\":\"https:\/\/secure.gravatar.com\/avatar\/f1f4d167c304c69158a01101acd802fb2136a0a7ace154aa5a365dff7ecbce61?s=96&d=mm&r=g\",\"caption\":\"Micha\\u0142 Burszta\"}}]}<\/script>\n<!-- \/ Yoast SEO Premium plugin. -->","_links":{"self":[{"href":"https:\/\/www.ckiopodkowa.pl\/index.php\/wp-json\/wp\/v2\/posts\/12834","targetHints":{"allow":["GET"]}}],"collection":[{"href":"https:\/\/www.ckiopodkowa.pl\/index.php\/wp-json\/wp\/v2\/posts"}],"about":[{"href":"https:\/\/www.ckiopodkowa.pl\/index.php\/wp-json\/wp\/v2\/types\/post"}],"author":[{"embeddable":true,"href":"https:\/\/www.ckiopodkowa.pl\/index.php\/wp-json\/wp\/v2\/users\/3"}],"replies":[{"embeddable":true,"href":"https:\/\/www.ckiopodkowa.pl\/index.php\/wp-json\/wp\/v2\/comments?post=12834"}],"version-history":[{"count":3,"href":"https:\/\/www.ckiopodkowa.pl\/index.php\/wp-json\/wp\/v2\/posts\/12834\/revisions"}],"predecessor-version":[{"id":12841,"href":"https:\/\/www.ckiopodkowa.pl\/index.php\/wp-json\/wp\/v2\/posts\/12834\/revisions\/12841"}],"wp:featuredmedia":[{"embeddable":true,"href":"https:\/\/www.ckiopodkowa.pl\/index.php\/wp-json\/wp\/v2\/media\/12843"}],"wp:attachment":[{"href":"https:\/\/www.ckiopodkowa.pl\/index.php\/wp-json\/wp\/v2\/media?parent=12834"}],"wp:term":[{"taxonomy":"category","embeddable":true,"href":"https:\/\/www.ckiopodkowa.pl\/index.php\/wp-json\/wp\/v2\/categories?post=12834"},{"taxonomy":"post_tag","embeddable":true,"href":"https:\/\/www.ckiopodkowa.pl\/index.php\/wp-json\/wp\/v2\/tags?post=12834"}],"curies":[{"name":"wp","href":"https:\/\/api.w.org\/{rel}","templated":true}]}}