{"id":12785,"date":"2024-02-22T10:48:06","date_gmt":"2024-02-22T09:48:06","guid":{"rendered":"https:\/\/www.ckiopodkowa.pl\/?p=12785"},"modified":"2024-03-01T11:05:58","modified_gmt":"2024-03-01T10:05:58","slug":"rzemieslnicy-w-podkowie-lesnej","status":"publish","type":"post","link":"https:\/\/www.ckiopodkowa.pl\/index.php\/2024\/02\/22\/rzemieslnicy-w-podkowie-lesnej\/","title":{"rendered":"Rzemie\u015blnicy w Podkowie Le\u015bnej"},"content":{"rendered":"\t\t<div data-elementor-type=\"wp-post\" data-elementor-id=\"12785\" class=\"elementor elementor-12785\" data-elementor-post-type=\"post\">\n\t\t\t\t\t\t<section class=\"elementor-section elementor-top-section elementor-element elementor-element-ac7a5ce elementor-section-boxed elementor-section-height-default elementor-section-height-default\" data-id=\"ac7a5ce\" data-element_type=\"section\">\n\t\t\t\t\t\t<div class=\"elementor-container elementor-column-gap-default\">\n\t\t\t\t\t<div class=\"elementor-column elementor-col-100 elementor-top-column elementor-element elementor-element-388cf49c\" data-id=\"388cf49c\" data-element_type=\"column\">\n\t\t\t<div class=\"elementor-widget-wrap elementor-element-populated\">\n\t\t\t\t\t\t<div class=\"elementor-element elementor-element-f9c5334 elementor-widget elementor-widget-text-editor\" data-id=\"f9c5334\" data-element_type=\"widget\" data-widget_type=\"text-editor.default\">\n\t\t\t\t<div class=\"elementor-widget-container\">\n\t\t\t\t\t\t\t\t\t\n<h2 id=\"h-w-sobot-24-lutego-wyj-tkowo-ju-o-godz-12-00-zapraszamy-do-pa-acyku-kasyno-na-wernisa-wystawy-prac-rzemie-lniczych-braci-mieczys-awa-edwarda-i-eugeniusza-pawlak-w-wst-p-wolny\" class=\"wp-block-heading\">Zapraszamy do Pa\u0142acyku Kasyno na wystaw\u0119 prac rzemie\u015blniczych braci Mieczys\u0142awa Edwarda i Eugeniusza Pawlak\u00f3w. Wst\u0119p wolny.<\/h2>\n\n<p><strong>MIECZYS\u0141AW EDWARD PAWLAK 1920-2000<\/strong><br \/>Rzemie\u015blnik Mistrz Szewski<\/p>\n\n<p><strong>EUGENIUSZ PAWLAK 1932-2020<\/strong><br \/>Rzemie\u015blnik Elektryk<\/p>\n\n<p>Na kameralnej wystawie zostan\u0105 zaprezentowane sylwetki Braci, unikatowe przedmioty tw\u00f3rc\u00f3w rzemie\u015blnik\u00f3w zwi\u0105zanych z Podkow\u0105 Le\u015bn\u0105, archiwalia dokumentuj\u0105ce osi\u0105gni\u0119cia oraz pami\u0105tki z kolekcji prywatnej Rodziny Pa\u0144stwa Pawlak\u00f3w.<\/p>\n\n<p>Specjalne podzi\u0119kowania za pomoc przy organizacji wystawy dla <strong>Pani Justyny i Oresta Pawlak\u00f3w oraz Pani Marii Kowalewskiej.<\/strong><\/p>\n\n<p>Organizator: Centrum Kultury i Inicjatyw Obywatelskich w Podkowie Le\u015bnej<br \/>Partner: Towarzystwo Przyjaci\u00f3\u0142 Miasta Ogrodu Podkowa Le\u015bna<\/p>\n\n<p><strong>MIECZYS\u0141AW<\/strong><\/p>\n\n<p><em>W czerwcu 1947 roku rodzina zamieszka\u0142a w lokatorskiej kamienicy w Brwinowie, a 1970 roku we w\u0142asnym domu na brwinowskim osiedlu &#8222;Zatrudy&#8221;. Od po\u0142owy 1947 roku ojciec pracowa\u0142 w zak\u0142adzie szewskim w Rado\u015bci pod Warszaw\u0105, a od wczesnych lat pi\u0119\u0107dziesi\u0105tych do lat dziewi\u0119\u0107dziesi\u0105tych (prawie czterdzie\u015bci lat!) prowadzi\u0142 warsztat szewski w Podkowie Le\u015bnej w lokalu wynajmowanym od p. Wolskiej (ul. Brwinowska, przy stacji kolejki WKD). Dzia\u0142a\u0142 w Cechu Rzemios\u0142 w Pruszkowie, kt\u00f3rego by\u0142 cz\u0142onkiem. Tata zawsze czu\u0142 si\u0119 bardzo mocno zwi\u0105zany z Podkow\u0105 Le\u015bn\u0105. Kocha\u0142 Podkow\u0119, lubi\u0142 podkowia\u0144skich ludzi, ceni\u0142 sobie wyj\u0105tkow\u0105 atmosfer\u0119 miasta i przedwojenny sznyt. Cz\u0119sto toczy\u0142 d\u0142ugie rozmowy z klientami, kt\u00f3rzy przynosili do naprawy obuwie, zamawiali (obstalowywali) nowe buty na miar\u0119 (,kt\u00f3rych fasony sam projektowa\u0142) lub przychodzili na pogaw\u0119dk\u0119, czekaj\u0105c na przyjazd kolejki. W warsztacie zawsze sta\u0142y dwa krzes\u0142a dla klient\u00f3w\u2026<\/em><\/p>\n\n<p>Fragment wspomnie\u0144 c\u00f3rki Mieczys\u0142awa Pawlaka Marii Kowalewskiej<\/p>\n\n<p><strong>EUGENIUSZ<\/strong><\/p>\n\n<p><em>W 1974 roku Eugeniusz kupi\u0142 w Podkowie Le\u015bnej dom od pp. Ko\u015bcia\u0144skich przy ul. Szczyglej. Mieszkali w nim tak\u017ce rodzice \u017cony \u2013 Leokadia z domu Bonikowska i Stefan Olejniczakowie. W swoim prywatnym ogrodzie Eugeniusz za\u0142o\u017cy\u0142 warsztat i prowadzi\u0142 w nim zak\u0142ad rzemie\u015blniczy, w kt\u00f3rym zatrudnia\u0142 do 14 pracownik\u00f3w. Ta firma produkuj\u0105ca mosi\u0119\u017cne lampy by\u0142a jego wielk\u0105 pasj\u0105. Tworzy\u0142 przer\u00f3\u017cne lampy, kinkiety, \u017cyrandole z mosi\u0105dzu. Je\u017adzi\u0142 na warszawskie targi (Wrzeciono, Ko\u0142o), wyszukiwa\u0142 r\u00f3\u017cnorodne, przedwojenne lampy i wzoruj\u0105c si\u0119 na nich, wymy\u015bla\u0142 i tworzy\u0142 nowe. T\u0119 rzemie\u015blnicz\u0105 dzia\u0142alno\u015b\u0107 prowadzi\u0142 do ko\u0144ca \u017cycia.<br \/>W podkowia\u0144skim domu zachowa\u0142 si\u0119 zbi\u00f3r wyrob\u00f3w z mosi\u0105dzu wykonanych przez Eugeniusza Pawlaka. Wiele z nich prezentujemy na wystawie &#8211; pozostaj\u0105 \u015bwiadectwem epoki oraz artystycznego zami\u0142owania ich tw\u00f3rcy.<\/em><\/p>\n\n<p>Fragment wspomnie\u0144 opracowany przez TPMOPL na podstawie wspomnie\u0144 syna Eugeniusza Pawlaka &#8211; Oresta Pawlaka<\/p>\n\t\t\t\t\t\t\t\t<\/div>\n\t\t\t\t<\/div>\n\t\t\t\t\t<\/div>\n\t\t<\/div>\n\t\t\t\t\t<\/div>\n\t\t<\/section>\n\t\t\t\t<section class=\"elementor-section elementor-top-section elementor-element elementor-element-f061bbe elementor-section-boxed elementor-section-height-default elementor-section-height-default\" data-id=\"f061bbe\" data-element_type=\"section\">\n\t\t\t\t\t\t<div class=\"elementor-container elementor-column-gap-default\">\n\t\t\t\t\t<div class=\"elementor-column elementor-col-100 elementor-top-column elementor-element elementor-element-d08f172\" data-id=\"d08f172\" data-element_type=\"column\">\n\t\t\t<div class=\"elementor-widget-wrap elementor-element-populated\">\n\t\t\t\t\t\t<div class=\"elementor-element elementor-element-7970fab elementor-align-center elementor-widget elementor-widget-button\" data-id=\"7970fab\" data-element_type=\"widget\" data-widget_type=\"button.default\">\n\t\t\t\t<div class=\"elementor-widget-container\">\n\t\t\t\t\t\t\t\t\t<div class=\"elementor-button-wrapper\">\n\t\t\t\t\t<a class=\"elementor-button elementor-button-link elementor-size-sm\" href=\"https:\/\/www.ckiopodkowa.pl\/wp-content\/uploads\/2024\/02\/Mieczyslaw-Edward-Pawlak_biogram.pdf\" target=\"_blank\">\n\t\t\t\t\t\t<span class=\"elementor-button-content-wrapper\">\n\t\t\t\t\t\t\t\t\t<span class=\"elementor-button-text\">Mieczys\u0142aw Edward Pawlak<\/span>\n\t\t\t\t\t<\/span>\n\t\t\t\t\t<\/a>\n\t\t\t\t<\/div>\n\t\t\t\t\t\t\t\t<\/div>\n\t\t\t\t<\/div>\n\t\t\t\t<div class=\"elementor-element elementor-element-512669f elementor-align-center elementor-widget elementor-widget-button\" data-id=\"512669f\" data-element_type=\"widget\" data-widget_type=\"button.default\">\n\t\t\t\t<div class=\"elementor-widget-container\">\n\t\t\t\t\t\t\t\t\t<div class=\"elementor-button-wrapper\">\n\t\t\t\t\t<a class=\"elementor-button elementor-button-link elementor-size-sm\" href=\"https:\/\/www.ckiopodkowa.pl\/wp-content\/uploads\/2024\/02\/Eugeniusz-Pawlak_biogram.pdf\" target=\"_blank\">\n\t\t\t\t\t\t<span class=\"elementor-button-content-wrapper\">\n\t\t\t\t\t\t\t\t\t<span class=\"elementor-button-text\">Eugeniusz Pawlak<\/span>\n\t\t\t\t\t<\/span>\n\t\t\t\t\t<\/a>\n\t\t\t\t<\/div>\n\t\t\t\t\t\t\t\t<\/div>\n\t\t\t\t<\/div>\n\t\t\t\t\t<\/div>\n\t\t<\/div>\n\t\t\t\t\t<\/div>\n\t\t<\/section>\n\t\t\t\t<\/div>\n\t\t","protected":false},"excerpt":{"rendered":"<p>Zapraszamy do Pa\u0142acyku Kasyno na wystaw\u0119 prac rzemie\u015blniczych braci Mieczys\u0142awa Edwarda i Eugeniusza Pawlak\u00f3w. Wst\u0119p wolny. MIECZYS\u0141AW EDWARD PAWLAK 1920-2000Rzemie\u015blnik Mistrz Szewski EUGENIUSZ PAWLAK 1932-2020Rzemie\u015blnik Elektryk Na kameralnej wystawie zostan\u0105 zaprezentowane sylwetki Braci, unikatowe przedmioty tw\u00f3rc\u00f3w rzemie\u015blnik\u00f3w zwi\u0105zanych z Podkow\u0105 Le\u015bn\u0105, archiwalia dokumentuj\u0105ce osi\u0105gni\u0119cia oraz pami\u0105tki z kolekcji prywatnej Rodziny Pa\u0144stwa Pawlak\u00f3w. Specjalne podzi\u0119kowania za [&hellip;]<\/p>\n","protected":false},"author":3,"featured_media":12788,"comment_status":"closed","ping_status":"closed","sticky":false,"template":"","format":"standard","meta":{"ocean_post_layout":"","ocean_both_sidebars_style":"","ocean_both_sidebars_content_width":0,"ocean_both_sidebars_sidebars_width":0,"ocean_sidebar":"","ocean_second_sidebar":"","ocean_disable_margins":"enable","ocean_add_body_class":"","ocean_shortcode_before_top_bar":"","ocean_shortcode_after_top_bar":"","ocean_shortcode_before_header":"","ocean_shortcode_after_header":"","ocean_has_shortcode":"","ocean_shortcode_after_title":"","ocean_shortcode_before_footer_widgets":"","ocean_shortcode_after_footer_widgets":"","ocean_shortcode_before_footer_bottom":"","ocean_shortcode_after_footer_bottom":"","ocean_display_top_bar":"default","ocean_display_header":"default","ocean_header_style":"","ocean_center_header_left_menu":"","ocean_custom_header_template":"","ocean_custom_logo":0,"ocean_custom_retina_logo":0,"ocean_custom_logo_max_width":0,"ocean_custom_logo_tablet_max_width":0,"ocean_custom_logo_mobile_max_width":0,"ocean_custom_logo_max_height":0,"ocean_custom_logo_tablet_max_height":0,"ocean_custom_logo_mobile_max_height":0,"ocean_header_custom_menu":"","ocean_menu_typo_font_family":"","ocean_menu_typo_font_subset":"","ocean_menu_typo_font_size":0,"ocean_menu_typo_font_size_tablet":0,"ocean_menu_typo_font_size_mobile":0,"ocean_menu_typo_font_size_unit":"px","ocean_menu_typo_font_weight":"","ocean_menu_typo_font_weight_tablet":"","ocean_menu_typo_font_weight_mobile":"","ocean_menu_typo_transform":"","ocean_menu_typo_transform_tablet":"","ocean_menu_typo_transform_mobile":"","ocean_menu_typo_line_height":0,"ocean_menu_typo_line_height_tablet":0,"ocean_menu_typo_line_height_mobile":0,"ocean_menu_typo_line_height_unit":"","ocean_menu_typo_spacing":0,"ocean_menu_typo_spacing_tablet":0,"ocean_menu_typo_spacing_mobile":0,"ocean_menu_typo_spacing_unit":"","ocean_menu_link_color":"","ocean_menu_link_color_hover":"","ocean_menu_link_color_active":"","ocean_menu_link_background":"","ocean_menu_link_hover_background":"","ocean_menu_link_active_background":"","ocean_menu_social_links_bg":"","ocean_menu_social_hover_links_bg":"","ocean_menu_social_links_color":"","ocean_menu_social_hover_links_color":"","ocean_disable_title":"default","ocean_disable_heading":"default","ocean_post_title":"","ocean_post_subheading":"","ocean_post_title_style":"","ocean_post_title_background_color":"","ocean_post_title_background":0,"ocean_post_title_bg_image_position":"","ocean_post_title_bg_image_attachment":"","ocean_post_title_bg_image_repeat":"","ocean_post_title_bg_image_size":"","ocean_post_title_height":0,"ocean_post_title_bg_overlay":0.5,"ocean_post_title_bg_overlay_color":"","ocean_disable_breadcrumbs":"default","ocean_breadcrumbs_color":"","ocean_breadcrumbs_separator_color":"","ocean_breadcrumbs_links_color":"","ocean_breadcrumbs_links_hover_color":"","ocean_display_footer_widgets":"default","ocean_display_footer_bottom":"default","ocean_custom_footer_template":"","ocean_post_oembed":"","ocean_post_self_hosted_media":"","ocean_post_video_embed":"","ocean_link_format":"","ocean_link_format_target":"self","ocean_quote_format":"","ocean_quote_format_link":"post","ocean_gallery_link_images":"on","ocean_gallery_id":[],"footnotes":""},"categories":[26,19],"tags":[38,54,672,63,671,80,37,670,673,64],"class_list":["post-12785","post","type-post","status-publish","format-standard","has-post-thumbnail","hentry","category-aktualnosci","category-wystawy","tag-centrum-kultury-i-inicjatyw-obywatelskich-w-podkowie-lesnej","tag-ckiio","tag-eugeniusz-pawlak","tag-galeria-kasyno","tag-mieczyslaw-edward-pawlak","tag-palacyk-kasyno","tag-podkowa-lesna","tag-rzemioslo","tag-towarzystwo-przyjaciol-miasta-ogrodu-podkowa-lesna","tag-wystawy","entry","has-media"],"yoast_head":"<!-- This site is optimized with the Yoast SEO Premium plugin v15.2.1 - https:\/\/yoast.com\/wordpress\/plugins\/seo\/ -->\n<title>Rzemie\u015blnicy w Podkowie Le\u015bnej - CKiO Podkowa Le\u015bna<\/title>\n<meta name=\"robots\" content=\"index, follow, max-snippet:-1, max-image-preview:large, max-video-preview:-1\" \/>\n<link rel=\"canonical\" href=\"https:\/\/www.ckiopodkowa.pl\/index.php\/2024\/02\/22\/rzemieslnicy-w-podkowie-lesnej\/\" \/>\n<meta property=\"og:locale\" content=\"pl_PL\" \/>\n<meta property=\"og:type\" content=\"article\" \/>\n<meta property=\"og:title\" content=\"Rzemie\u015blnicy w Podkowie Le\u015bnej - CKiO Podkowa Le\u015bna\" \/>\n<meta property=\"og:description\" content=\"Zapraszamy do Pa\u0142acyku Kasyno na wystaw\u0119 prac rzemie\u015blniczych braci Mieczys\u0142awa Edwarda i Eugeniusza Pawlak\u00f3w. Wst\u0119p wolny. MIECZYS\u0141AW EDWARD PAWLAK 1920-2000Rzemie\u015blnik Mistrz Szewski EUGENIUSZ PAWLAK 1932-2020Rzemie\u015blnik Elektryk Na kameralnej wystawie zostan\u0105 zaprezentowane sylwetki Braci, unikatowe przedmioty tw\u00f3rc\u00f3w rzemie\u015blnik\u00f3w zwi\u0105zanych z Podkow\u0105 Le\u015bn\u0105, archiwalia dokumentuj\u0105ce osi\u0105gni\u0119cia oraz pami\u0105tki z kolekcji prywatnej Rodziny Pa\u0144stwa Pawlak\u00f3w. Specjalne podzi\u0119kowania za [&hellip;]\" \/>\n<meta property=\"og:url\" content=\"https:\/\/www.ckiopodkowa.pl\/index.php\/2024\/02\/22\/rzemieslnicy-w-podkowie-lesnej\/\" \/>\n<meta property=\"og:site_name\" content=\"CKiO Podkowa Le\u015bna\" \/>\n<meta property=\"article:published_time\" content=\"2024-02-22T09:48:06+00:00\" \/>\n<meta property=\"article:modified_time\" content=\"2024-03-01T10:05:58+00:00\" \/>\n<meta property=\"og:image\" content=\"https:\/\/www.ckiopodkowa.pl\/wp-content\/uploads\/2024\/02\/Rzemieslnicy-w-Podkowie-plakat-scaled.jpg\" \/>\n\t<meta property=\"og:image:width\" content=\"1834\" \/>\n\t<meta property=\"og:image:height\" content=\"2560\" \/>\n<meta name=\"twitter:card\" content=\"summary_large_image\" \/>\n<meta name=\"twitter:label1\" content=\"Napisane przez\">\n\t<meta name=\"twitter:data1\" content=\"Micha\u0142 Burszta\">\n\t<meta name=\"twitter:label2\" content=\"Szacowany czas czytania\">\n\t<meta name=\"twitter:data2\" content=\"2 minuty\">\n<script type=\"application\/ld+json\" class=\"yoast-schema-graph\">{\"@context\":\"https:\/\/schema.org\",\"@graph\":[{\"@type\":\"WebSite\",\"@id\":\"https:\/\/www.ckiopodkowa.pl\/#website\",\"url\":\"https:\/\/www.ckiopodkowa.pl\/\",\"name\":\"CKiO Podkowa Le\\u015bna\",\"description\":\"\",\"potentialAction\":[{\"@type\":\"SearchAction\",\"target\":\"https:\/\/www.ckiopodkowa.pl\/?s={search_term_string}\",\"query-input\":\"required name=search_term_string\"}],\"inLanguage\":\"pl-PL\"},{\"@type\":\"ImageObject\",\"@id\":\"https:\/\/www.ckiopodkowa.pl\/index.php\/2024\/02\/22\/rzemieslnicy-w-podkowie-lesnej\/#primaryimage\",\"inLanguage\":\"pl-PL\",\"url\":\"https:\/\/www.ckiopodkowa.pl\/wp-content\/uploads\/2024\/02\/Rzemieslnicy-w-Podkowie-plakat-scaled.jpg\",\"width\":1834,\"height\":2560},{\"@type\":\"WebPage\",\"@id\":\"https:\/\/www.ckiopodkowa.pl\/index.php\/2024\/02\/22\/rzemieslnicy-w-podkowie-lesnej\/#webpage\",\"url\":\"https:\/\/www.ckiopodkowa.pl\/index.php\/2024\/02\/22\/rzemieslnicy-w-podkowie-lesnej\/\",\"name\":\"Rzemie\\u015blnicy w Podkowie Le\\u015bnej - CKiO Podkowa Le\\u015bna\",\"isPartOf\":{\"@id\":\"https:\/\/www.ckiopodkowa.pl\/#website\"},\"primaryImageOfPage\":{\"@id\":\"https:\/\/www.ckiopodkowa.pl\/index.php\/2024\/02\/22\/rzemieslnicy-w-podkowie-lesnej\/#primaryimage\"},\"datePublished\":\"2024-02-22T09:48:06+00:00\",\"dateModified\":\"2024-03-01T10:05:58+00:00\",\"author\":{\"@id\":\"https:\/\/www.ckiopodkowa.pl\/#\/schema\/person\/c86f9e496f06965599cdf61c3f0d7353\"},\"breadcrumb\":{\"@id\":\"https:\/\/www.ckiopodkowa.pl\/index.php\/2024\/02\/22\/rzemieslnicy-w-podkowie-lesnej\/#breadcrumb\"},\"inLanguage\":\"pl-PL\",\"potentialAction\":[{\"@type\":\"ReadAction\",\"target\":[\"https:\/\/www.ckiopodkowa.pl\/index.php\/2024\/02\/22\/rzemieslnicy-w-podkowie-lesnej\/\"]}]},{\"@type\":\"BreadcrumbList\",\"@id\":\"https:\/\/www.ckiopodkowa.pl\/index.php\/2024\/02\/22\/rzemieslnicy-w-podkowie-lesnej\/#breadcrumb\",\"itemListElement\":[{\"@type\":\"ListItem\",\"position\":1,\"item\":{\"@type\":\"WebPage\",\"@id\":\"https:\/\/www.ckiopodkowa.pl\/\",\"url\":\"https:\/\/www.ckiopodkowa.pl\/\",\"name\":\"Strona g\\u0142\\u00f3wna\"}},{\"@type\":\"ListItem\",\"position\":2,\"item\":{\"@type\":\"WebPage\",\"@id\":\"https:\/\/www.ckiopodkowa.pl\/index.php\/2024\/02\/22\/rzemieslnicy-w-podkowie-lesnej\/\",\"url\":\"https:\/\/www.ckiopodkowa.pl\/index.php\/2024\/02\/22\/rzemieslnicy-w-podkowie-lesnej\/\",\"name\":\"Rzemie\\u015blnicy w Podkowie Le\\u015bnej\"}}]},{\"@type\":\"Person\",\"@id\":\"https:\/\/www.ckiopodkowa.pl\/#\/schema\/person\/c86f9e496f06965599cdf61c3f0d7353\",\"name\":\"Micha\\u0142 Burszta\",\"image\":{\"@type\":\"ImageObject\",\"@id\":\"https:\/\/www.ckiopodkowa.pl\/#personlogo\",\"inLanguage\":\"pl-PL\",\"url\":\"https:\/\/secure.gravatar.com\/avatar\/f1f4d167c304c69158a01101acd802fb2136a0a7ace154aa5a365dff7ecbce61?s=96&d=mm&r=g\",\"caption\":\"Micha\\u0142 Burszta\"}}]}<\/script>\n<!-- \/ Yoast SEO Premium plugin. -->","_links":{"self":[{"href":"https:\/\/www.ckiopodkowa.pl\/index.php\/wp-json\/wp\/v2\/posts\/12785","targetHints":{"allow":["GET"]}}],"collection":[{"href":"https:\/\/www.ckiopodkowa.pl\/index.php\/wp-json\/wp\/v2\/posts"}],"about":[{"href":"https:\/\/www.ckiopodkowa.pl\/index.php\/wp-json\/wp\/v2\/types\/post"}],"author":[{"embeddable":true,"href":"https:\/\/www.ckiopodkowa.pl\/index.php\/wp-json\/wp\/v2\/users\/3"}],"replies":[{"embeddable":true,"href":"https:\/\/www.ckiopodkowa.pl\/index.php\/wp-json\/wp\/v2\/comments?post=12785"}],"version-history":[{"count":11,"href":"https:\/\/www.ckiopodkowa.pl\/index.php\/wp-json\/wp\/v2\/posts\/12785\/revisions"}],"predecessor-version":[{"id":12808,"href":"https:\/\/www.ckiopodkowa.pl\/index.php\/wp-json\/wp\/v2\/posts\/12785\/revisions\/12808"}],"wp:featuredmedia":[{"embeddable":true,"href":"https:\/\/www.ckiopodkowa.pl\/index.php\/wp-json\/wp\/v2\/media\/12788"}],"wp:attachment":[{"href":"https:\/\/www.ckiopodkowa.pl\/index.php\/wp-json\/wp\/v2\/media?parent=12785"}],"wp:term":[{"taxonomy":"category","embeddable":true,"href":"https:\/\/www.ckiopodkowa.pl\/index.php\/wp-json\/wp\/v2\/categories?post=12785"},{"taxonomy":"post_tag","embeddable":true,"href":"https:\/\/www.ckiopodkowa.pl\/index.php\/wp-json\/wp\/v2\/tags?post=12785"}],"curies":[{"name":"wp","href":"https:\/\/api.w.org\/{rel}","templated":true}]}}