{"id":11655,"date":"2023-09-14T12:49:50","date_gmt":"2023-09-14T10:49:50","guid":{"rendered":"https:\/\/www.ckiopodkowa.pl\/?p=11655"},"modified":"2023-09-15T11:48:36","modified_gmt":"2023-09-15T09:48:36","slug":"rodzinny-spacer-lesny-poznaj-mlochowski-las","status":"publish","type":"post","link":"https:\/\/www.ckiopodkowa.pl\/index.php\/2023\/09\/14\/rodzinny-spacer-lesny-poznaj-mlochowski-las\/","title":{"rendered":"Rodzinny spacer le\u015bny &#8222;Poznaj M\u0142ochowski Las&#8221;"},"content":{"rendered":"\t\t<div data-elementor-type=\"wp-post\" data-elementor-id=\"11655\" class=\"elementor elementor-11655\" data-elementor-post-type=\"post\">\n\t\t\t\t\t\t<section class=\"elementor-section elementor-top-section elementor-element elementor-element-f141398 elementor-section-boxed elementor-section-height-default elementor-section-height-default\" data-id=\"f141398\" data-element_type=\"section\">\n\t\t\t\t\t\t<div class=\"elementor-container elementor-column-gap-default\">\n\t\t\t\t\t<div class=\"elementor-column elementor-col-100 elementor-top-column elementor-element elementor-element-d8626b2\" data-id=\"d8626b2\" data-element_type=\"column\">\n\t\t\t<div class=\"elementor-widget-wrap elementor-element-populated\">\n\t\t\t\t\t\t<div class=\"elementor-element elementor-element-849e0c4 elementor-widget elementor-widget-heading\" data-id=\"849e0c4\" data-element_type=\"widget\" data-widget_type=\"heading.default\">\n\t\t\t\t<div class=\"elementor-widget-container\">\n\t\t\t\t\t<h2 class=\"elementor-heading-title elementor-size-default\">Zapraszamy na kolejny spacer le\u015bny w ramach projektu \"Mog\u0119 wi\u0119cej\"! Spotykamy si\u0119 w niedziel\u0119 24 wrze\u015bnia o godz. 11.00 na skrzy\u017cowaniu ulic Prusa i Krasi\u0144skiego na granicy M\u0142ochowskiego Lasu. Spacer poprowadzi dr Tomasz Figarski ze Stowarzyszenia Przyrodnik\u00f3w Ostoja. Wst\u0119p wolny.<\/h2>\t\t\t\t<\/div>\n\t\t\t\t<\/div>\n\t\t\t\t<div class=\"elementor-element elementor-element-2f35300 elementor-widget elementor-widget-text-editor\" data-id=\"2f35300\" data-element_type=\"widget\" data-widget_type=\"text-editor.default\">\n\t\t\t\t<div class=\"elementor-widget-container\">\n\t\t\t\t\t\t\t\t\t<div>Spacer ma charakter edukacyjny i jest zaplanowany z my\u015bl\u0105 o rodzinach z dzie\u0107mi w wieku 5-12 lat. <u>Udzia\u0142 w spacerze jest bezp\u0142atny!<\/u><br \/><br \/><\/div><div><b>Osoby zainteresowane udzia\u0142em prosimy o wype\u0142nienie ankiety zg\u0142oszeniowej: <a tabindex=\"0\" role=\"link\" href=\"https:\/\/forms.gle\/kX6QnHEaiRjK91jT6?fbclid=IwAR0efqezv-s669e80ipteLYHj_6ms6jcL95mINL3_k7VthVJeR5cfa36BHE\" target=\"_blank\" rel=\"nofollow noopener noreferrer\">https:\/\/forms.gle\/kX6QnHEaiRjK91jT6<\/a><\/b><\/div><div><b>W razie pyta\u0144 prosimy o kontakt mailowy: silbialobrzeska@gmail.com<\/b><br \/><br \/><\/div><div>Spacer jest cz\u0119\u015bci\u0105 projektu &#8222;Mog\u0119 wi\u0119cej &#8211; warsztaty edukacyjne&#8221; realizowanego w ramach Bud\u017cetu Obywatelskiego Mazowsza i finansowanego ze \u015brodk\u00f3w z bud\u017cetu Wojew\u00f3dztwa Mazowieckiego.<br \/><span style=\"font-size: 15px;\"><br \/>W ramach projektu &#8222;Mog\u0119 wi\u0119cej&#8221; dzieci i rodzice\/opiekunowie z powiat\u00f3w grodziskiego, pruszkowskiego, piaseczynskiego, nowodworskiego i warszawskiego zachodniego b\u0119d\u0105 mogli wzi\u0105\u0107 udzia\u0142 w bezp\u0142atnych cyklach zaj\u0119\u0107!<br \/><\/span><\/div><div><span style=\"font-family: 'PT Sans'; font-size: 15px; font-style: normal; font-variant-ligatures: normal; font-variant-caps: normal; font-weight: 400;\">Partnerami wydarzenia s\u0105 Stowarzyszenia Przyrodnik\u00f3w Ostoja, Towarzystwo Przyjaci\u00f3\u0142 Miasta Ogrodu Podkowa Le\u015bna oraz Lokalna Grupa Dzia\u0142ania Zielone S\u0105siedztwo.<\/span><\/div><div>Organizatorami spaceru s\u0105: Stowarzyszenie Inicjatyw Lokalnych &#8222;Bia\u0142obrzeska&#8221;, Federacja Mazowia oraz Centrum Kultury i Inicjatyw Obywatelskich<\/div>\t\t\t\t\t\t\t\t<\/div>\n\t\t\t\t<\/div>\n\t\t\t\t\t<\/div>\n\t\t<\/div>\n\t\t\t\t\t<\/div>\n\t\t<\/section>\n\t\t\t\t<\/div>\n\t\t","protected":false},"excerpt":{"rendered":"<p>Zapraszamy na kolejny spacer le\u015bny w ramach projektu &#8222;Mog\u0119 wi\u0119cej&#8221;! Spotykamy si\u0119 w niedziel\u0119 24 wrze\u015bnia o godz. 11.00 na skrzy\u017cowaniu ulic Prusa i Krasi\u0144skiego na granicy M\u0142ochowskiego Lasu. Spacer poprowadzi dr Tomasz Figarski ze Stowarzyszenia Przyrodnik\u00f3w Ostoja. Wst\u0119p wolny. Spacer ma charakter edukacyjny i jest zaplanowany z my\u015bl\u0105 o rodzinach z dzie\u0107mi w wieku [&hellip;]<\/p>\n","protected":false},"author":7,"featured_media":11670,"comment_status":"closed","ping_status":"closed","sticky":false,"template":"","format":"standard","meta":{"ocean_post_layout":"","ocean_both_sidebars_style":"","ocean_both_sidebars_content_width":0,"ocean_both_sidebars_sidebars_width":0,"ocean_sidebar":"0","ocean_second_sidebar":"0","ocean_disable_margins":"enable","ocean_add_body_class":"","ocean_shortcode_before_top_bar":"","ocean_shortcode_after_top_bar":"","ocean_shortcode_before_header":"","ocean_shortcode_after_header":"","ocean_has_shortcode":"","ocean_shortcode_after_title":"","ocean_shortcode_before_footer_widgets":"","ocean_shortcode_after_footer_widgets":"","ocean_shortcode_before_footer_bottom":"","ocean_shortcode_after_footer_bottom":"","ocean_display_top_bar":"default","ocean_display_header":"default","ocean_header_style":"","ocean_center_header_left_menu":"0","ocean_custom_header_template":"0","ocean_custom_logo":0,"ocean_custom_retina_logo":0,"ocean_custom_logo_max_width":0,"ocean_custom_logo_tablet_max_width":0,"ocean_custom_logo_mobile_max_width":0,"ocean_custom_logo_max_height":0,"ocean_custom_logo_tablet_max_height":0,"ocean_custom_logo_mobile_max_height":0,"ocean_header_custom_menu":"0","ocean_menu_typo_font_family":"0","ocean_menu_typo_font_subset":"","ocean_menu_typo_font_size":0,"ocean_menu_typo_font_size_tablet":0,"ocean_menu_typo_font_size_mobile":0,"ocean_menu_typo_font_size_unit":"px","ocean_menu_typo_font_weight":"","ocean_menu_typo_font_weight_tablet":"","ocean_menu_typo_font_weight_mobile":"","ocean_menu_typo_transform":"","ocean_menu_typo_transform_tablet":"","ocean_menu_typo_transform_mobile":"","ocean_menu_typo_line_height":0,"ocean_menu_typo_line_height_tablet":0,"ocean_menu_typo_line_height_mobile":0,"ocean_menu_typo_line_height_unit":"","ocean_menu_typo_spacing":0,"ocean_menu_typo_spacing_tablet":0,"ocean_menu_typo_spacing_mobile":0,"ocean_menu_typo_spacing_unit":"","ocean_menu_link_color":"","ocean_menu_link_color_hover":"","ocean_menu_link_color_active":"","ocean_menu_link_background":"","ocean_menu_link_hover_background":"","ocean_menu_link_active_background":"","ocean_menu_social_links_bg":"","ocean_menu_social_hover_links_bg":"","ocean_menu_social_links_color":"","ocean_menu_social_hover_links_color":"","ocean_disable_title":"default","ocean_disable_heading":"default","ocean_post_title":"","ocean_post_subheading":"","ocean_post_title_style":"","ocean_post_title_background_color":"","ocean_post_title_background":0,"ocean_post_title_bg_image_position":"","ocean_post_title_bg_image_attachment":"","ocean_post_title_bg_image_repeat":"","ocean_post_title_bg_image_size":"","ocean_post_title_height":0,"ocean_post_title_bg_overlay":0.5,"ocean_post_title_bg_overlay_color":"","ocean_disable_breadcrumbs":"default","ocean_breadcrumbs_color":"","ocean_breadcrumbs_separator_color":"","ocean_breadcrumbs_links_color":"","ocean_breadcrumbs_links_hover_color":"","ocean_display_footer_widgets":"default","ocean_display_footer_bottom":"default","ocean_custom_footer_template":"0","ocean_post_oembed":"","ocean_post_self_hosted_media":"","ocean_post_video_embed":"","ocean_link_format":"","ocean_link_format_target":"self","ocean_quote_format":"","ocean_quote_format_link":"post","ocean_gallery_link_images":"off","ocean_gallery_id":[],"footnotes":""},"categories":[26],"tags":[],"class_list":["post-11655","post","type-post","status-publish","format-standard","has-post-thumbnail","hentry","category-aktualnosci","entry","has-media"],"yoast_head":"<!-- This site is optimized with the Yoast SEO Premium plugin v15.2.1 - https:\/\/yoast.com\/wordpress\/plugins\/seo\/ -->\n<title>Rodzinny spacer le\u015bny &quot;Poznaj M\u0142ochowski Las&quot; - CKiO Podkowa Le\u015bna<\/title>\n<meta name=\"robots\" content=\"index, follow, max-snippet:-1, max-image-preview:large, max-video-preview:-1\" \/>\n<link rel=\"canonical\" href=\"https:\/\/www.ckiopodkowa.pl\/index.php\/2023\/09\/14\/rodzinny-spacer-lesny-poznaj-mlochowski-las\/\" \/>\n<meta property=\"og:locale\" content=\"pl_PL\" \/>\n<meta property=\"og:type\" content=\"article\" \/>\n<meta property=\"og:title\" content=\"Rodzinny spacer le\u015bny &quot;Poznaj M\u0142ochowski Las&quot; - CKiO Podkowa Le\u015bna\" \/>\n<meta property=\"og:description\" content=\"Zapraszamy na kolejny spacer le\u015bny w ramach projektu &#8222;Mog\u0119 wi\u0119cej&#8221;! Spotykamy si\u0119 w niedziel\u0119 24 wrze\u015bnia o godz. 11.00 na skrzy\u017cowaniu ulic Prusa i Krasi\u0144skiego na granicy M\u0142ochowskiego Lasu. Spacer poprowadzi dr Tomasz Figarski ze Stowarzyszenia Przyrodnik\u00f3w Ostoja. Wst\u0119p wolny. Spacer ma charakter edukacyjny i jest zaplanowany z my\u015bl\u0105 o rodzinach z dzie\u0107mi w wieku [&hellip;]\" \/>\n<meta property=\"og:url\" content=\"https:\/\/www.ckiopodkowa.pl\/index.php\/2023\/09\/14\/rodzinny-spacer-lesny-poznaj-mlochowski-las\/\" \/>\n<meta property=\"og:site_name\" content=\"CKiO Podkowa Le\u015bna\" \/>\n<meta property=\"article:published_time\" content=\"2023-09-14T10:49:50+00:00\" \/>\n<meta property=\"article:modified_time\" content=\"2023-09-15T09:48:36+00:00\" \/>\n<meta property=\"og:image\" content=\"https:\/\/www.ckiopodkowa.pl\/wp-content\/uploads\/2023\/09\/Moge-wiecej_spacer-podkowa-2-724x1024.png\" \/>\n\t<meta property=\"og:image:width\" content=\"724\" \/>\n\t<meta property=\"og:image:height\" content=\"1024\" \/>\n<meta name=\"twitter:card\" content=\"summary_large_image\" \/>\n<meta name=\"twitter:label1\" content=\"Napisane przez\">\n\t<meta name=\"twitter:data1\" content=\"Barbara Potka\u0144ska\">\n\t<meta name=\"twitter:label2\" content=\"Szacowany czas czytania\">\n\t<meta name=\"twitter:data2\" content=\"1 minuta\">\n<script type=\"application\/ld+json\" class=\"yoast-schema-graph\">{\"@context\":\"https:\/\/schema.org\",\"@graph\":[{\"@type\":\"WebSite\",\"@id\":\"https:\/\/www.ckiopodkowa.pl\/#website\",\"url\":\"https:\/\/www.ckiopodkowa.pl\/\",\"name\":\"CKiO Podkowa Le\\u015bna\",\"description\":\"\",\"potentialAction\":[{\"@type\":\"SearchAction\",\"target\":\"https:\/\/www.ckiopodkowa.pl\/?s={search_term_string}\",\"query-input\":\"required name=search_term_string\"}],\"inLanguage\":\"pl-PL\"},{\"@type\":\"ImageObject\",\"@id\":\"https:\/\/www.ckiopodkowa.pl\/index.php\/2023\/09\/14\/rodzinny-spacer-lesny-poznaj-mlochowski-las\/#primaryimage\",\"inLanguage\":\"pl-PL\",\"url\":\"https:\/\/www.ckiopodkowa.pl\/wp-content\/uploads\/2023\/09\/Moge-wiecej_spacer-podkowa-2.png\",\"width\":1587,\"height\":2245},{\"@type\":\"WebPage\",\"@id\":\"https:\/\/www.ckiopodkowa.pl\/index.php\/2023\/09\/14\/rodzinny-spacer-lesny-poznaj-mlochowski-las\/#webpage\",\"url\":\"https:\/\/www.ckiopodkowa.pl\/index.php\/2023\/09\/14\/rodzinny-spacer-lesny-poznaj-mlochowski-las\/\",\"name\":\"Rodzinny spacer le\\u015bny \\\"Poznaj M\\u0142ochowski Las\\\" - CKiO Podkowa Le\\u015bna\",\"isPartOf\":{\"@id\":\"https:\/\/www.ckiopodkowa.pl\/#website\"},\"primaryImageOfPage\":{\"@id\":\"https:\/\/www.ckiopodkowa.pl\/index.php\/2023\/09\/14\/rodzinny-spacer-lesny-poznaj-mlochowski-las\/#primaryimage\"},\"datePublished\":\"2023-09-14T10:49:50+00:00\",\"dateModified\":\"2023-09-15T09:48:36+00:00\",\"author\":{\"@id\":\"https:\/\/www.ckiopodkowa.pl\/#\/schema\/person\/34e0b0e10cd3f5942f19a99074ba6b93\"},\"breadcrumb\":{\"@id\":\"https:\/\/www.ckiopodkowa.pl\/index.php\/2023\/09\/14\/rodzinny-spacer-lesny-poznaj-mlochowski-las\/#breadcrumb\"},\"inLanguage\":\"pl-PL\",\"potentialAction\":[{\"@type\":\"ReadAction\",\"target\":[\"https:\/\/www.ckiopodkowa.pl\/index.php\/2023\/09\/14\/rodzinny-spacer-lesny-poznaj-mlochowski-las\/\"]}]},{\"@type\":\"BreadcrumbList\",\"@id\":\"https:\/\/www.ckiopodkowa.pl\/index.php\/2023\/09\/14\/rodzinny-spacer-lesny-poznaj-mlochowski-las\/#breadcrumb\",\"itemListElement\":[{\"@type\":\"ListItem\",\"position\":1,\"item\":{\"@type\":\"WebPage\",\"@id\":\"https:\/\/www.ckiopodkowa.pl\/\",\"url\":\"https:\/\/www.ckiopodkowa.pl\/\",\"name\":\"Strona g\\u0142\\u00f3wna\"}},{\"@type\":\"ListItem\",\"position\":2,\"item\":{\"@type\":\"WebPage\",\"@id\":\"https:\/\/www.ckiopodkowa.pl\/index.php\/2023\/09\/14\/rodzinny-spacer-lesny-poznaj-mlochowski-las\/\",\"url\":\"https:\/\/www.ckiopodkowa.pl\/index.php\/2023\/09\/14\/rodzinny-spacer-lesny-poznaj-mlochowski-las\/\",\"name\":\"Rodzinny spacer le\\u015bny &#8222;Poznaj M\\u0142ochowski Las&#8221;\"}}]},{\"@type\":\"Person\",\"@id\":\"https:\/\/www.ckiopodkowa.pl\/#\/schema\/person\/34e0b0e10cd3f5942f19a99074ba6b93\",\"name\":\"Barbara Potka\\u0144ska\",\"image\":{\"@type\":\"ImageObject\",\"@id\":\"https:\/\/www.ckiopodkowa.pl\/#personlogo\",\"inLanguage\":\"pl-PL\",\"url\":\"https:\/\/secure.gravatar.com\/avatar\/45e29de8d3335f4ccd5161e08ef089285ecb3860bf8c65f418eb453e6a0f93e1?s=96&d=mm&r=g\",\"caption\":\"Barbara Potka\\u0144ska\"}}]}<\/script>\n<!-- \/ Yoast SEO Premium plugin. -->","_links":{"self":[{"href":"https:\/\/www.ckiopodkowa.pl\/index.php\/wp-json\/wp\/v2\/posts\/11655","targetHints":{"allow":["GET"]}}],"collection":[{"href":"https:\/\/www.ckiopodkowa.pl\/index.php\/wp-json\/wp\/v2\/posts"}],"about":[{"href":"https:\/\/www.ckiopodkowa.pl\/index.php\/wp-json\/wp\/v2\/types\/post"}],"author":[{"embeddable":true,"href":"https:\/\/www.ckiopodkowa.pl\/index.php\/wp-json\/wp\/v2\/users\/7"}],"replies":[{"embeddable":true,"href":"https:\/\/www.ckiopodkowa.pl\/index.php\/wp-json\/wp\/v2\/comments?post=11655"}],"version-history":[{"count":9,"href":"https:\/\/www.ckiopodkowa.pl\/index.php\/wp-json\/wp\/v2\/posts\/11655\/revisions"}],"predecessor-version":[{"id":11683,"href":"https:\/\/www.ckiopodkowa.pl\/index.php\/wp-json\/wp\/v2\/posts\/11655\/revisions\/11683"}],"wp:featuredmedia":[{"embeddable":true,"href":"https:\/\/www.ckiopodkowa.pl\/index.php\/wp-json\/wp\/v2\/media\/11670"}],"wp:attachment":[{"href":"https:\/\/www.ckiopodkowa.pl\/index.php\/wp-json\/wp\/v2\/media?parent=11655"}],"wp:term":[{"taxonomy":"category","embeddable":true,"href":"https:\/\/www.ckiopodkowa.pl\/index.php\/wp-json\/wp\/v2\/categories?post=11655"},{"taxonomy":"post_tag","embeddable":true,"href":"https:\/\/www.ckiopodkowa.pl\/index.php\/wp-json\/wp\/v2\/tags?post=11655"}],"curies":[{"name":"wp","href":"https:\/\/api.w.org\/{rel}","templated":true}]}}