{"id":11441,"date":"2023-08-29T11:41:58","date_gmt":"2023-08-29T09:41:58","guid":{"rendered":"https:\/\/www.ckiopodkowa.pl\/?p=11441"},"modified":"2023-08-29T11:53:58","modified_gmt":"2023-08-29T09:53:58","slug":"stradivarius-w-podkowie","status":"publish","type":"post","link":"https:\/\/www.ckiopodkowa.pl\/index.php\/2023\/08\/29\/stradivarius-w-podkowie\/","title":{"rendered":"Stradivarius w Podkowie"},"content":{"rendered":"\t\t<div data-elementor-type=\"wp-post\" data-elementor-id=\"11441\" class=\"elementor elementor-11441\" data-elementor-post-type=\"post\">\n\t\t\t\t\t\t<section class=\"elementor-section elementor-top-section elementor-element elementor-element-5a627187 elementor-section-boxed elementor-section-height-default elementor-section-height-default\" data-id=\"5a627187\" data-element_type=\"section\">\n\t\t\t\t\t\t<div class=\"elementor-container elementor-column-gap-default\">\n\t\t\t\t\t<div class=\"elementor-column elementor-col-100 elementor-top-column elementor-element elementor-element-5462324c\" data-id=\"5462324c\" data-element_type=\"column\">\n\t\t\t<div class=\"elementor-widget-wrap elementor-element-populated\">\n\t\t\t\t\t\t<div class=\"elementor-element elementor-element-429b155a elementor-widget elementor-widget-text-editor\" data-id=\"429b155a\" data-element_type=\"widget\" data-widget_type=\"text-editor.default\">\n\t\t\t\t<div class=\"elementor-widget-container\">\n\t\t\t\t\t\t\t\t\t\n<h2 id=\"h-w-najbli-szy-pi-tek-1-wrze-nia-zapraszamy-do-pa-acyku-kasyn-na-recital-skrzypcowy-na-oryginalnym-instrumencie-antoniego-stradivariego-wyst-pi-sara-dragan-skrzypce-i-s-awomir-cierpik-fortepian-rezerwacja-darmowych-wej-ci-wek-22-729-13-84-wew-22-lub-31\" class=\"wp-block-heading\">W najbli\u017cszy pi\u0105tek 1 wrze\u015bnia zapraszamy do Pa\u0142acyku Kasyn na recital skrzypcowy na oryginalnym instrumencie Antoniego Stradivariego. Wyst\u0105pi\u0105: Sara Dragan (skrzypce) i S\u0142awomir Cierpik (fortepian). Rezerwacja darmowych wej\u015bci\u00f3wek: 22 729 13 84 wew. 22 lub 31.<\/h2>\n\n<p><strong>Sara Dragan<\/strong> jest jedn\u0105 z najbardziej obiecuj\u0105cych skrzypaczek swojego pokolenia. Maj\u0105c 7 lat zacz\u0119\u0142a nauk\u0119 gry na skrzypcach pod kierunkiem swoich rodzic\u00f3w \u2013 Konrada i Alicji Dragan.<\/p>\n\n<p>Od 2013 roku Sara pracuje pod kierunkiem legendarnego pedagoga \u2013 prof. Zakhara Brona. Studiuje w Escuela Superior de Musica Reina Sofia w Madrycie, Zakhar Bron Academy w Interlaken (Szwajcaria) oraz Akademii Muzycznej im.K.Lipi\u0144skiego we Wroc\u0142awiu.<\/p>\n\n<p>Skrzypaczka gra na instrumencie Nicola Amati (Cremona, 1666r.) u\u017cyczonym jej przez Florian Leonhard Fine Violins w Londynie.<\/p>\n\n<p>Pomimo m\u0142odego wieku, Sara zdoby\u0142a I miejsce\/Grand Prix na 60 konkursach skrzypcowych w Europie, Stanach Zjednoczonych oraz Azji, mi\u0119dzy innymi na Mi\u0119dzynarodowym Konkursie M\u0142odych Skrzypk\u00f3w im.H. Wieniawskiego &amp; K. Lipi\u0144skiego w Lublinie, Novosibirsk International Violin Competition, New York International Artists Association Competition, International G.P.Telemann Violin Competition, International Global Music Partnership Competition. Skrzypaczka jest r\u00f3wnie\u017c laureatk\u0105 III miejsca oraz wielu nagr\u00f3d specjalnych na Mi\u0119dzynarodowym Konkursie na Skrzypce Solo im.T.Wro\u0144skiego w Warszawie.<\/p>\n\n<p>Jako solistka gra\u0142a w najbardziej presti\u017cowych salach koncertowych \u015bwiata \u2013 w Filharmonii Berli\u0144skiej, Carnegie Hall, Walt Disney Hall of Los Angeles Philharmonic, Konzerthaus Berlin, Haeundae Cultural Center Concert Hall w Korei Po\u0142udniowej, Krannert Center for the Performing Arts (Illinois), Rachmaninov Concert Hall w Moskwie, NFM we Wroc\u0142awiu, NOSPR w Katowicach oraz wielu innych.<\/p>\n\n<p>Sara Dragan zagra\u0142a setki koncert\u00f3w jako solistka z towarzyszeniem orkiestr z ca\u0142ego \u015bwiata. Wyst\u0119powa\u0142a mi\u0119dzy innymi z orkiestr\u0105 Filharmonii Wroc\u0142awskiej, Sudeckiej, Zielonog\u00f3rskiej, Lubelskiej, Dolno\u015bl\u0105skiej, Podlaskiej, Warmi\u0144sko-Mazurskiej, Opolskiej, Armenian State Symphony Orchestra, Royal Chamber Orchestra, Bohuslav Martinu Philharmonic Orchestra, Slovak Sinfonietta, The Polish Wieniawski Philharmonic Orchestra, Uzbekistan National Symphony Orchestra, Novosibirsk Philharmonic Orchestra, Tel Aviv Soloists Ensemble, iPalpiti Soloiststs Orchestra oraz wieloma innymi.<\/p>\n\n<p>W 2021 roku artystka wyda\u0142a debiutanck\u0105 p\u0142yt\u0119 z utworami Prokofiewa oraz Hubaya, kt\u00f3r\u0105 nagra\u0142a na instrumencie A.Stradivariusa ze z\u0142otego okresu wraz z pianist\u0105 Roustemem Saitkoulovem \u2013 scenicznym partnerem Maxima Vengerova.<\/p>\n\n<p>W 2022 roku Sara Dragan podj\u0119\u0142a wsp\u00f3\u0142prac\u0119 z jedn\u0105 z najbardziej presti\u017cowych agencji na \u015bwiecie \u2013 Columbia Artists International (NYC). Podczas ameryka\u0144skiej trasy (31 koncert\u00f3w w 17 stanach) jako solistka wykona\u0142a koncerty Wieniawskiego i Czajkowskiego wraz z Maestro Wojciechem Rodkiem i Orkiestr\u0105 Filharmonii Lubelskiej.<\/p>\n\n<p>Sara wyst\u0119powa\u0142a podczas wielu presti\u017cowych festiwali na ca\u0142ej kuli ziemskiej, mi\u0119dzy innymi gra\u0142a na Schleswig-Holstein Musik Festival,iPalpiti Festival w Los Angeles, BUSAN MARU Festival in South Korea, Summer Mozarteum Academy w Salzburgu, Festiwalu Henryka Wieniawskiego w Szczawnie Zdroju oraz na festiwalu EMANACJE w Europejskim Centrum Muzyki Krzysztofa Pendereckiego w Lus\u0142awicach.<\/p>\n\n<p>Sara Dragan jest ambasadork\u0105 marki GEWA music oraz Thomastik-Infeld GmbH<\/p>\n<p>Oficjalna strona artystki: <a href=\"https:\/\/saradragan.com\/\">https:\/\/saradragan.com\/<\/a>\u00a0<\/p>\n\t\t\t\t\t\t\t\t<\/div>\n\t\t\t\t<\/div>\n\t\t\t\t\t<\/div>\n\t\t<\/div>\n\t\t\t\t\t<\/div>\n\t\t<\/section>\n\t\t\t\t<\/div>\n\t\t","protected":false},"excerpt":{"rendered":"<p>W najbli\u017cszy pi\u0105tek 1 wrze\u015bnia zapraszamy do Pa\u0142acyku Kasyn na recital skrzypcowy na oryginalnym instrumencie Antoniego Stradivariego. Wyst\u0105pi\u0105: Sara Dragan (skrzypce) i S\u0142awomir Cierpik (fortepian). Rezerwacja darmowych wej\u015bci\u00f3wek: 22 729 13 84 wew. 22 lub 31. Sara Dragan jest jedn\u0105 z najbardziej obiecuj\u0105cych skrzypaczek swojego pokolenia. Maj\u0105c 7 lat zacz\u0119\u0142a nauk\u0119 gry na skrzypcach pod [&hellip;]<\/p>\n","protected":false},"author":3,"featured_media":11443,"comment_status":"closed","ping_status":"closed","sticky":false,"template":"","format":"standard","meta":{"ocean_post_layout":"","ocean_both_sidebars_style":"","ocean_both_sidebars_content_width":0,"ocean_both_sidebars_sidebars_width":0,"ocean_sidebar":"0","ocean_second_sidebar":"0","ocean_disable_margins":"enable","ocean_add_body_class":"","ocean_shortcode_before_top_bar":"","ocean_shortcode_after_top_bar":"","ocean_shortcode_before_header":"","ocean_shortcode_after_header":"","ocean_has_shortcode":"","ocean_shortcode_after_title":"","ocean_shortcode_before_footer_widgets":"","ocean_shortcode_after_footer_widgets":"","ocean_shortcode_before_footer_bottom":"","ocean_shortcode_after_footer_bottom":"","ocean_display_top_bar":"default","ocean_display_header":"default","ocean_header_style":"","ocean_center_header_left_menu":"0","ocean_custom_header_template":"0","ocean_custom_logo":0,"ocean_custom_retina_logo":0,"ocean_custom_logo_max_width":0,"ocean_custom_logo_tablet_max_width":0,"ocean_custom_logo_mobile_max_width":0,"ocean_custom_logo_max_height":0,"ocean_custom_logo_tablet_max_height":0,"ocean_custom_logo_mobile_max_height":0,"ocean_header_custom_menu":"0","ocean_menu_typo_font_family":"0","ocean_menu_typo_font_subset":"","ocean_menu_typo_font_size":0,"ocean_menu_typo_font_size_tablet":0,"ocean_menu_typo_font_size_mobile":0,"ocean_menu_typo_font_size_unit":"px","ocean_menu_typo_font_weight":"","ocean_menu_typo_font_weight_tablet":"","ocean_menu_typo_font_weight_mobile":"","ocean_menu_typo_transform":"","ocean_menu_typo_transform_tablet":"","ocean_menu_typo_transform_mobile":"","ocean_menu_typo_line_height":0,"ocean_menu_typo_line_height_tablet":0,"ocean_menu_typo_line_height_mobile":0,"ocean_menu_typo_line_height_unit":"","ocean_menu_typo_spacing":0,"ocean_menu_typo_spacing_tablet":0,"ocean_menu_typo_spacing_mobile":0,"ocean_menu_typo_spacing_unit":"","ocean_menu_link_color":"","ocean_menu_link_color_hover":"","ocean_menu_link_color_active":"","ocean_menu_link_background":"","ocean_menu_link_hover_background":"","ocean_menu_link_active_background":"","ocean_menu_social_links_bg":"","ocean_menu_social_hover_links_bg":"","ocean_menu_social_links_color":"","ocean_menu_social_hover_links_color":"","ocean_disable_title":"default","ocean_disable_heading":"default","ocean_post_title":"","ocean_post_subheading":"","ocean_post_title_style":"","ocean_post_title_background_color":"","ocean_post_title_background":0,"ocean_post_title_bg_image_position":"","ocean_post_title_bg_image_attachment":"","ocean_post_title_bg_image_repeat":"","ocean_post_title_bg_image_size":"","ocean_post_title_height":0,"ocean_post_title_bg_overlay":0.5,"ocean_post_title_bg_overlay_color":"","ocean_disable_breadcrumbs":"default","ocean_breadcrumbs_color":"","ocean_breadcrumbs_separator_color":"","ocean_breadcrumbs_links_color":"","ocean_breadcrumbs_links_hover_color":"","ocean_display_footer_widgets":"default","ocean_display_footer_bottom":"default","ocean_custom_footer_template":"0","ocean_post_oembed":"","ocean_post_self_hosted_media":"","ocean_post_video_embed":"","ocean_link_format":"","ocean_link_format_target":"self","ocean_quote_format":"","ocean_quote_format_link":"post","ocean_gallery_link_images":"off","ocean_gallery_id":[],"footnotes":""},"categories":[26,17],"tags":[38,54,197,80,37,608,606],"class_list":["post-11441","post","type-post","status-publish","format-standard","has-post-thumbnail","hentry","category-aktualnosci","category-koncerty","tag-centrum-kultury-i-inicjatyw-obywatelskich-w-podkowie-lesnej","tag-ckiio","tag-koncerty","tag-palacyk-kasyno","tag-podkowa-lesna","tag-slawomir-cierpik","tag-stradivarius","entry","has-media"],"yoast_head":"<!-- This site is optimized with the Yoast SEO Premium plugin v15.2.1 - https:\/\/yoast.com\/wordpress\/plugins\/seo\/ -->\n<title>Stradivarius w Podkowie - CKiO Podkowa Le\u015bna<\/title>\n<meta name=\"robots\" content=\"index, follow, max-snippet:-1, max-image-preview:large, max-video-preview:-1\" \/>\n<link rel=\"canonical\" href=\"https:\/\/www.ckiopodkowa.pl\/index.php\/2023\/08\/29\/stradivarius-w-podkowie\/\" \/>\n<meta property=\"og:locale\" content=\"pl_PL\" \/>\n<meta property=\"og:type\" content=\"article\" \/>\n<meta property=\"og:title\" content=\"Stradivarius w Podkowie - CKiO Podkowa Le\u015bna\" \/>\n<meta property=\"og:description\" content=\"W najbli\u017cszy pi\u0105tek 1 wrze\u015bnia zapraszamy do Pa\u0142acyku Kasyn na recital skrzypcowy na oryginalnym instrumencie Antoniego Stradivariego. Wyst\u0105pi\u0105: Sara Dragan (skrzypce) i S\u0142awomir Cierpik (fortepian). Rezerwacja darmowych wej\u015bci\u00f3wek: 22 729 13 84 wew. 22 lub 31. Sara Dragan jest jedn\u0105 z najbardziej obiecuj\u0105cych skrzypaczek swojego pokolenia. Maj\u0105c 7 lat zacz\u0119\u0142a nauk\u0119 gry na skrzypcach pod [&hellip;]\" \/>\n<meta property=\"og:url\" content=\"https:\/\/www.ckiopodkowa.pl\/index.php\/2023\/08\/29\/stradivarius-w-podkowie\/\" \/>\n<meta property=\"og:site_name\" content=\"CKiO Podkowa Le\u015bna\" \/>\n<meta property=\"article:published_time\" content=\"2023-08-29T09:41:58+00:00\" \/>\n<meta property=\"article:modified_time\" content=\"2023-08-29T09:53:58+00:00\" \/>\n<meta property=\"og:image\" content=\"https:\/\/www.ckiopodkowa.pl\/wp-content\/uploads\/2023\/08\/Stradivarius-w-Podkowie-plakat.jpg\" \/>\n\t<meta property=\"og:image:width\" content=\"1200\" \/>\n\t<meta property=\"og:image:height\" content=\"1724\" \/>\n<meta name=\"twitter:card\" content=\"summary_large_image\" \/>\n<meta name=\"twitter:label1\" content=\"Napisane przez\">\n\t<meta name=\"twitter:data1\" content=\"Micha\u0142 Burszta\">\n\t<meta name=\"twitter:label2\" content=\"Szacowany czas czytania\">\n\t<meta name=\"twitter:data2\" content=\"2 minuty\">\n<script type=\"application\/ld+json\" class=\"yoast-schema-graph\">{\"@context\":\"https:\/\/schema.org\",\"@graph\":[{\"@type\":\"WebSite\",\"@id\":\"https:\/\/www.ckiopodkowa.pl\/#website\",\"url\":\"https:\/\/www.ckiopodkowa.pl\/\",\"name\":\"CKiO Podkowa Le\\u015bna\",\"description\":\"\",\"potentialAction\":[{\"@type\":\"SearchAction\",\"target\":\"https:\/\/www.ckiopodkowa.pl\/?s={search_term_string}\",\"query-input\":\"required name=search_term_string\"}],\"inLanguage\":\"pl-PL\"},{\"@type\":\"ImageObject\",\"@id\":\"https:\/\/www.ckiopodkowa.pl\/index.php\/2023\/08\/29\/stradivarius-w-podkowie\/#primaryimage\",\"inLanguage\":\"pl-PL\",\"url\":\"https:\/\/www.ckiopodkowa.pl\/wp-content\/uploads\/2023\/08\/Stradivarius-w-Podkowie-plakat.jpg\",\"width\":1200,\"height\":1724},{\"@type\":\"WebPage\",\"@id\":\"https:\/\/www.ckiopodkowa.pl\/index.php\/2023\/08\/29\/stradivarius-w-podkowie\/#webpage\",\"url\":\"https:\/\/www.ckiopodkowa.pl\/index.php\/2023\/08\/29\/stradivarius-w-podkowie\/\",\"name\":\"Stradivarius w Podkowie - CKiO Podkowa Le\\u015bna\",\"isPartOf\":{\"@id\":\"https:\/\/www.ckiopodkowa.pl\/#website\"},\"primaryImageOfPage\":{\"@id\":\"https:\/\/www.ckiopodkowa.pl\/index.php\/2023\/08\/29\/stradivarius-w-podkowie\/#primaryimage\"},\"datePublished\":\"2023-08-29T09:41:58+00:00\",\"dateModified\":\"2023-08-29T09:53:58+00:00\",\"author\":{\"@id\":\"https:\/\/www.ckiopodkowa.pl\/#\/schema\/person\/c86f9e496f06965599cdf61c3f0d7353\"},\"breadcrumb\":{\"@id\":\"https:\/\/www.ckiopodkowa.pl\/index.php\/2023\/08\/29\/stradivarius-w-podkowie\/#breadcrumb\"},\"inLanguage\":\"pl-PL\",\"potentialAction\":[{\"@type\":\"ReadAction\",\"target\":[\"https:\/\/www.ckiopodkowa.pl\/index.php\/2023\/08\/29\/stradivarius-w-podkowie\/\"]}]},{\"@type\":\"BreadcrumbList\",\"@id\":\"https:\/\/www.ckiopodkowa.pl\/index.php\/2023\/08\/29\/stradivarius-w-podkowie\/#breadcrumb\",\"itemListElement\":[{\"@type\":\"ListItem\",\"position\":1,\"item\":{\"@type\":\"WebPage\",\"@id\":\"https:\/\/www.ckiopodkowa.pl\/\",\"url\":\"https:\/\/www.ckiopodkowa.pl\/\",\"name\":\"Strona g\\u0142\\u00f3wna\"}},{\"@type\":\"ListItem\",\"position\":2,\"item\":{\"@type\":\"WebPage\",\"@id\":\"https:\/\/www.ckiopodkowa.pl\/index.php\/2023\/08\/29\/stradivarius-w-podkowie\/\",\"url\":\"https:\/\/www.ckiopodkowa.pl\/index.php\/2023\/08\/29\/stradivarius-w-podkowie\/\",\"name\":\"Stradivarius w Podkowie\"}}]},{\"@type\":\"Person\",\"@id\":\"https:\/\/www.ckiopodkowa.pl\/#\/schema\/person\/c86f9e496f06965599cdf61c3f0d7353\",\"name\":\"Micha\\u0142 Burszta\",\"image\":{\"@type\":\"ImageObject\",\"@id\":\"https:\/\/www.ckiopodkowa.pl\/#personlogo\",\"inLanguage\":\"pl-PL\",\"url\":\"https:\/\/secure.gravatar.com\/avatar\/f1f4d167c304c69158a01101acd802fb2136a0a7ace154aa5a365dff7ecbce61?s=96&d=mm&r=g\",\"caption\":\"Micha\\u0142 Burszta\"}}]}<\/script>\n<!-- \/ Yoast SEO Premium plugin. -->","_links":{"self":[{"href":"https:\/\/www.ckiopodkowa.pl\/index.php\/wp-json\/wp\/v2\/posts\/11441","targetHints":{"allow":["GET"]}}],"collection":[{"href":"https:\/\/www.ckiopodkowa.pl\/index.php\/wp-json\/wp\/v2\/posts"}],"about":[{"href":"https:\/\/www.ckiopodkowa.pl\/index.php\/wp-json\/wp\/v2\/types\/post"}],"author":[{"embeddable":true,"href":"https:\/\/www.ckiopodkowa.pl\/index.php\/wp-json\/wp\/v2\/users\/3"}],"replies":[{"embeddable":true,"href":"https:\/\/www.ckiopodkowa.pl\/index.php\/wp-json\/wp\/v2\/comments?post=11441"}],"version-history":[{"count":9,"href":"https:\/\/www.ckiopodkowa.pl\/index.php\/wp-json\/wp\/v2\/posts\/11441\/revisions"}],"predecessor-version":[{"id":11457,"href":"https:\/\/www.ckiopodkowa.pl\/index.php\/wp-json\/wp\/v2\/posts\/11441\/revisions\/11457"}],"wp:featuredmedia":[{"embeddable":true,"href":"https:\/\/www.ckiopodkowa.pl\/index.php\/wp-json\/wp\/v2\/media\/11443"}],"wp:attachment":[{"href":"https:\/\/www.ckiopodkowa.pl\/index.php\/wp-json\/wp\/v2\/media?parent=11441"}],"wp:term":[{"taxonomy":"category","embeddable":true,"href":"https:\/\/www.ckiopodkowa.pl\/index.php\/wp-json\/wp\/v2\/categories?post=11441"},{"taxonomy":"post_tag","embeddable":true,"href":"https:\/\/www.ckiopodkowa.pl\/index.php\/wp-json\/wp\/v2\/tags?post=11441"}],"curies":[{"name":"wp","href":"https:\/\/api.w.org\/{rel}","templated":true}]}}