{"id":10153,"date":"2023-05-29T11:51:24","date_gmt":"2023-05-29T09:51:24","guid":{"rendered":"https:\/\/www.ckiopodkowa.pl\/?p=10153"},"modified":"2023-06-12T09:37:38","modified_gmt":"2023-06-12T07:37:38","slug":"na-pelnym-morzu-spektakl-nieformalnej-grupy-teatralnej-miedzy-slowami","status":"publish","type":"post","link":"https:\/\/www.ckiopodkowa.pl\/index.php\/2023\/05\/29\/na-pelnym-morzu-spektakl-nieformalnej-grupy-teatralnej-miedzy-slowami\/","title":{"rendered":"&#8222;Na pe\u0142nym morzu&#8221; &#8211; spektakl Nieformalnej Grupy Teatralnej Mi\u0119dzy S\u0142owami"},"content":{"rendered":"\t\t<div data-elementor-type=\"wp-post\" data-elementor-id=\"10153\" class=\"elementor elementor-10153\" data-elementor-post-type=\"post\">\n\t\t\t\t\t\t<section class=\"elementor-section elementor-top-section elementor-element elementor-element-1dc5cd1 elementor-section-boxed elementor-section-height-default elementor-section-height-default\" data-id=\"1dc5cd1\" data-element_type=\"section\">\n\t\t\t\t\t\t<div class=\"elementor-container elementor-column-gap-default\">\n\t\t\t\t\t<div class=\"elementor-column elementor-col-100 elementor-top-column elementor-element elementor-element-4849e8b\" data-id=\"4849e8b\" data-element_type=\"column\">\n\t\t\t<div class=\"elementor-widget-wrap elementor-element-populated\">\n\t\t\t\t\t\t<div class=\"elementor-element elementor-element-92f047c elementor-widget elementor-widget-heading\" data-id=\"92f047c\" data-element_type=\"widget\" data-widget_type=\"heading.default\">\n\t\t\t\t<div class=\"elementor-widget-container\">\n\t\t\t\t\t<h2 class=\"elementor-heading-title elementor-size-default\">W niedziel\u0119 11 czerwca o godz. 17:00 zapraszamy na scen\u0119 przy \u015awierkowej 1 na spektakl \"Na pe\u0142nym morzu\" S\u0142awomira Mro\u017cka w wykonaniu Nieformalnej Grupy Teatralnej MI\u0118DZY S\u0141OWAMI. Wst\u0119p wolny!<\/h2>\t\t\t\t<\/div>\n\t\t\t\t<\/div>\n\t\t\t\t\t<\/div>\n\t\t<\/div>\n\t\t\t\t\t<\/div>\n\t\t<\/section>\n\t\t\t\t<section class=\"elementor-section elementor-top-section elementor-element elementor-element-b54f130 elementor-section-boxed elementor-section-height-default elementor-section-height-default\" data-id=\"b54f130\" data-element_type=\"section\">\n\t\t\t\t\t\t<div class=\"elementor-container elementor-column-gap-default\">\n\t\t\t\t\t<div class=\"elementor-column elementor-col-100 elementor-top-column elementor-element elementor-element-44c10d8\" data-id=\"44c10d8\" data-element_type=\"column\">\n\t\t\t<div class=\"elementor-widget-wrap elementor-element-populated\">\n\t\t\t\t\t\t<div class=\"elementor-element elementor-element-0a1ce05 elementor-widget elementor-widget-text-editor\" data-id=\"0a1ce05\" data-element_type=\"widget\" data-widget_type=\"text-editor.default\">\n\t\t\t\t<div class=\"elementor-widget-container\">\n\t\t\t\t\t\t\t\t\t<p>Komedia filozoficzna autorstwa S\u0142awomira Mro\u017cka zatytu\u0142owana.\u00a0 \u201eNa pe\u0142nym morzu\u201d to\u00a0 ponadczasowa opowie\u015b\u0107, utrzymana w konwencji teatru absurdu, kt\u00f3ra\u00a0 w spos\u00f3b uniwersalny dotyka problemu godno\u015bci cz\u0142owieka.<\/p><p>Osoby:<br \/>Gruby rozbitek &#8211; Stanis\u0142aw Jaroszewicz <br \/>\u015aredni rozbitek &#8211; Mariusz Pietraszewski <br \/>Ma\u0142y rozbitek &#8211; W\u0142odek Sarna <br \/>Listonosz &#8211; Wojtek Olejniczak <br \/>Lokaj &#8211; Andrzej Glegolski <\/p><p>Scenografia: Piotr \u0141ukasiewicz <br \/>\u015acie\u017cka d\u017awi\u0119kowa: Danuta Kami\u0144ska <br \/>Animacja i realizacja: Beata T. Tar\u0142owska <br \/>Re\u017cyseria: Marcin Masztalerz <\/p><p>Organizator i producent: Stowarzyszenie Zwi\u0105zek Podkowian<br \/>Wsp\u00f3\u0142praca i wsp\u00f3\u0142finansowanie: CKiIO<br \/>Sponsor przedstawienia: &#8222;Sklep Kurczak&#8221; Otr\u0119busy <br \/><br \/><\/p>\t\t\t\t\t\t\t\t<\/div>\n\t\t\t\t<\/div>\n\t\t\t\t\t<\/div>\n\t\t<\/div>\n\t\t\t\t\t<\/div>\n\t\t<\/section>\n\t\t\t\t<\/div>\n\t\t","protected":false},"excerpt":{"rendered":"<p>W niedziel\u0119 11 czerwca o godz. 17:00 zapraszamy na scen\u0119 przy \u015awierkowej 1 na spektakl &#8222;Na pe\u0142nym morzu&#8221; S\u0142awomira Mro\u017cka w wykonaniu Nieformalnej Grupy Teatralnej MI\u0118DZY S\u0141OWAMI. Wst\u0119p wolny! Komedia filozoficzna autorstwa S\u0142awomira Mro\u017cka zatytu\u0142owana.\u00a0 \u201eNa pe\u0142nym morzu\u201d to\u00a0 ponadczasowa opowie\u015b\u0107, utrzymana w konwencji teatru absurdu, kt\u00f3ra\u00a0 w spos\u00f3b uniwersalny dotyka problemu godno\u015bci cz\u0142owieka. Osoby:Gruby [&hellip;]<\/p>\n","protected":false},"author":10,"featured_media":10154,"comment_status":"closed","ping_status":"closed","sticky":false,"template":"","format":"standard","meta":{"ocean_post_layout":"","ocean_both_sidebars_style":"","ocean_both_sidebars_content_width":0,"ocean_both_sidebars_sidebars_width":0,"ocean_sidebar":"0","ocean_second_sidebar":"0","ocean_disable_margins":"enable","ocean_add_body_class":"","ocean_shortcode_before_top_bar":"","ocean_shortcode_after_top_bar":"","ocean_shortcode_before_header":"","ocean_shortcode_after_header":"","ocean_has_shortcode":"","ocean_shortcode_after_title":"","ocean_shortcode_before_footer_widgets":"","ocean_shortcode_after_footer_widgets":"","ocean_shortcode_before_footer_bottom":"","ocean_shortcode_after_footer_bottom":"","ocean_display_top_bar":"default","ocean_display_header":"default","ocean_header_style":"","ocean_center_header_left_menu":"0","ocean_custom_header_template":"0","ocean_custom_logo":0,"ocean_custom_retina_logo":0,"ocean_custom_logo_max_width":0,"ocean_custom_logo_tablet_max_width":0,"ocean_custom_logo_mobile_max_width":0,"ocean_custom_logo_max_height":0,"ocean_custom_logo_tablet_max_height":0,"ocean_custom_logo_mobile_max_height":0,"ocean_header_custom_menu":"0","ocean_menu_typo_font_family":"0","ocean_menu_typo_font_subset":"","ocean_menu_typo_font_size":0,"ocean_menu_typo_font_size_tablet":0,"ocean_menu_typo_font_size_mobile":0,"ocean_menu_typo_font_size_unit":"px","ocean_menu_typo_font_weight":"","ocean_menu_typo_font_weight_tablet":"","ocean_menu_typo_font_weight_mobile":"","ocean_menu_typo_transform":"","ocean_menu_typo_transform_tablet":"","ocean_menu_typo_transform_mobile":"","ocean_menu_typo_line_height":0,"ocean_menu_typo_line_height_tablet":0,"ocean_menu_typo_line_height_mobile":0,"ocean_menu_typo_line_height_unit":"","ocean_menu_typo_spacing":0,"ocean_menu_typo_spacing_tablet":0,"ocean_menu_typo_spacing_mobile":0,"ocean_menu_typo_spacing_unit":"","ocean_menu_link_color":"","ocean_menu_link_color_hover":"","ocean_menu_link_color_active":"","ocean_menu_link_background":"","ocean_menu_link_hover_background":"","ocean_menu_link_active_background":"","ocean_menu_social_links_bg":"","ocean_menu_social_hover_links_bg":"","ocean_menu_social_links_color":"","ocean_menu_social_hover_links_color":"","ocean_disable_title":"default","ocean_disable_heading":"default","ocean_post_title":"","ocean_post_subheading":"","ocean_post_title_style":"","ocean_post_title_background_color":"","ocean_post_title_background":0,"ocean_post_title_bg_image_position":"","ocean_post_title_bg_image_attachment":"","ocean_post_title_bg_image_repeat":"","ocean_post_title_bg_image_size":"","ocean_post_title_height":0,"ocean_post_title_bg_overlay":0.5,"ocean_post_title_bg_overlay_color":"","ocean_disable_breadcrumbs":"default","ocean_breadcrumbs_color":"","ocean_breadcrumbs_separator_color":"","ocean_breadcrumbs_links_color":"","ocean_breadcrumbs_links_hover_color":"","ocean_display_footer_widgets":"default","ocean_display_footer_bottom":"default","ocean_custom_footer_template":"0","ocean_post_oembed":"","ocean_post_self_hosted_media":"","ocean_post_video_embed":"","ocean_link_format":"","ocean_link_format_target":"self","ocean_quote_format":"","ocean_quote_format_link":"post","ocean_gallery_link_images":"off","ocean_gallery_id":[],"footnotes":""},"categories":[26,18],"tags":[38,54,37,56,74],"class_list":["post-10153","post","type-post","status-publish","format-standard","has-post-thumbnail","hentry","category-aktualnosci","category-spektakle","tag-centrum-kultury-i-inicjatyw-obywatelskich-w-podkowie-lesnej","tag-ckiio","tag-podkowa-lesna","tag-spektakl","tag-swierkowa-1","entry","has-media"],"yoast_head":"<!-- This site is optimized with the Yoast SEO Premium plugin v15.2.1 - https:\/\/yoast.com\/wordpress\/plugins\/seo\/ -->\n<title>&quot;Na pe\u0142nym morzu&quot; - spektakl Nieformalnej Grupy Teatralnej Mi\u0119dzy S\u0142owami - CKiO Podkowa Le\u015bna<\/title>\n<meta name=\"robots\" content=\"index, follow, max-snippet:-1, max-image-preview:large, max-video-preview:-1\" \/>\n<link rel=\"canonical\" href=\"https:\/\/www.ckiopodkowa.pl\/index.php\/2023\/05\/29\/na-pelnym-morzu-spektakl-nieformalnej-grupy-teatralnej-miedzy-slowami\/\" \/>\n<meta property=\"og:locale\" content=\"pl_PL\" \/>\n<meta property=\"og:type\" content=\"article\" \/>\n<meta property=\"og:title\" content=\"&quot;Na pe\u0142nym morzu&quot; - spektakl Nieformalnej Grupy Teatralnej Mi\u0119dzy S\u0142owami - CKiO Podkowa Le\u015bna\" \/>\n<meta property=\"og:description\" content=\"W niedziel\u0119 11 czerwca o godz. 17:00 zapraszamy na scen\u0119 przy \u015awierkowej 1 na spektakl &#8222;Na pe\u0142nym morzu&#8221; S\u0142awomira Mro\u017cka w wykonaniu Nieformalnej Grupy Teatralnej MI\u0118DZY S\u0141OWAMI. Wst\u0119p wolny! Komedia filozoficzna autorstwa S\u0142awomira Mro\u017cka zatytu\u0142owana.\u00a0 \u201eNa pe\u0142nym morzu\u201d to\u00a0 ponadczasowa opowie\u015b\u0107, utrzymana w konwencji teatru absurdu, kt\u00f3ra\u00a0 w spos\u00f3b uniwersalny dotyka problemu godno\u015bci cz\u0142owieka. Osoby:Gruby [&hellip;]\" \/>\n<meta property=\"og:url\" content=\"https:\/\/www.ckiopodkowa.pl\/index.php\/2023\/05\/29\/na-pelnym-morzu-spektakl-nieformalnej-grupy-teatralnej-miedzy-slowami\/\" \/>\n<meta property=\"og:site_name\" content=\"CKiO Podkowa Le\u015bna\" \/>\n<meta property=\"article:published_time\" content=\"2023-05-29T09:51:24+00:00\" \/>\n<meta property=\"article:modified_time\" content=\"2023-06-12T07:37:38+00:00\" \/>\n<meta property=\"og:image\" content=\"https:\/\/www.ckiopodkowa.pl\/wp-content\/uploads\/2023\/05\/MROZEK_PLAKAT.jpg\" \/>\n\t<meta property=\"og:image:width\" content=\"985\" \/>\n\t<meta property=\"og:image:height\" content=\"1378\" \/>\n<meta name=\"twitter:card\" content=\"summary_large_image\" \/>\n<meta name=\"twitter:label1\" content=\"Napisane przez\">\n\t<meta name=\"twitter:data1\" content=\"Paulina Soczewka\">\n\t<meta name=\"twitter:label2\" content=\"Szacowany czas czytania\">\n\t<meta name=\"twitter:data2\" content=\"1 minuta\">\n<script type=\"application\/ld+json\" class=\"yoast-schema-graph\">{\"@context\":\"https:\/\/schema.org\",\"@graph\":[{\"@type\":\"WebSite\",\"@id\":\"https:\/\/www.ckiopodkowa.pl\/#website\",\"url\":\"https:\/\/www.ckiopodkowa.pl\/\",\"name\":\"CKiO Podkowa Le\\u015bna\",\"description\":\"\",\"potentialAction\":[{\"@type\":\"SearchAction\",\"target\":\"https:\/\/www.ckiopodkowa.pl\/?s={search_term_string}\",\"query-input\":\"required name=search_term_string\"}],\"inLanguage\":\"pl-PL\"},{\"@type\":\"ImageObject\",\"@id\":\"https:\/\/www.ckiopodkowa.pl\/index.php\/2023\/05\/29\/na-pelnym-morzu-spektakl-nieformalnej-grupy-teatralnej-miedzy-slowami\/#primaryimage\",\"inLanguage\":\"pl-PL\",\"url\":\"https:\/\/www.ckiopodkowa.pl\/wp-content\/uploads\/2023\/05\/MROZEK_PLAKAT.jpg\",\"width\":985,\"height\":1378},{\"@type\":\"WebPage\",\"@id\":\"https:\/\/www.ckiopodkowa.pl\/index.php\/2023\/05\/29\/na-pelnym-morzu-spektakl-nieformalnej-grupy-teatralnej-miedzy-slowami\/#webpage\",\"url\":\"https:\/\/www.ckiopodkowa.pl\/index.php\/2023\/05\/29\/na-pelnym-morzu-spektakl-nieformalnej-grupy-teatralnej-miedzy-slowami\/\",\"name\":\"\\\"Na pe\\u0142nym morzu\\\" - spektakl Nieformalnej Grupy Teatralnej Mi\\u0119dzy S\\u0142owami - CKiO Podkowa Le\\u015bna\",\"isPartOf\":{\"@id\":\"https:\/\/www.ckiopodkowa.pl\/#website\"},\"primaryImageOfPage\":{\"@id\":\"https:\/\/www.ckiopodkowa.pl\/index.php\/2023\/05\/29\/na-pelnym-morzu-spektakl-nieformalnej-grupy-teatralnej-miedzy-slowami\/#primaryimage\"},\"datePublished\":\"2023-05-29T09:51:24+00:00\",\"dateModified\":\"2023-06-12T07:37:38+00:00\",\"author\":{\"@id\":\"https:\/\/www.ckiopodkowa.pl\/#\/schema\/person\/fe8183879faf2a5171bab7e34189804e\"},\"breadcrumb\":{\"@id\":\"https:\/\/www.ckiopodkowa.pl\/index.php\/2023\/05\/29\/na-pelnym-morzu-spektakl-nieformalnej-grupy-teatralnej-miedzy-slowami\/#breadcrumb\"},\"inLanguage\":\"pl-PL\",\"potentialAction\":[{\"@type\":\"ReadAction\",\"target\":[\"https:\/\/www.ckiopodkowa.pl\/index.php\/2023\/05\/29\/na-pelnym-morzu-spektakl-nieformalnej-grupy-teatralnej-miedzy-slowami\/\"]}]},{\"@type\":\"BreadcrumbList\",\"@id\":\"https:\/\/www.ckiopodkowa.pl\/index.php\/2023\/05\/29\/na-pelnym-morzu-spektakl-nieformalnej-grupy-teatralnej-miedzy-slowami\/#breadcrumb\",\"itemListElement\":[{\"@type\":\"ListItem\",\"position\":1,\"item\":{\"@type\":\"WebPage\",\"@id\":\"https:\/\/www.ckiopodkowa.pl\/\",\"url\":\"https:\/\/www.ckiopodkowa.pl\/\",\"name\":\"Strona g\\u0142\\u00f3wna\"}},{\"@type\":\"ListItem\",\"position\":2,\"item\":{\"@type\":\"WebPage\",\"@id\":\"https:\/\/www.ckiopodkowa.pl\/index.php\/2023\/05\/29\/na-pelnym-morzu-spektakl-nieformalnej-grupy-teatralnej-miedzy-slowami\/\",\"url\":\"https:\/\/www.ckiopodkowa.pl\/index.php\/2023\/05\/29\/na-pelnym-morzu-spektakl-nieformalnej-grupy-teatralnej-miedzy-slowami\/\",\"name\":\"&#8222;Na pe\\u0142nym morzu&#8221; &#8211; spektakl Nieformalnej Grupy Teatralnej Mi\\u0119dzy S\\u0142owami\"}}]},{\"@type\":\"Person\",\"@id\":\"https:\/\/www.ckiopodkowa.pl\/#\/schema\/person\/fe8183879faf2a5171bab7e34189804e\",\"name\":\"Paulina Soczewka\",\"image\":{\"@type\":\"ImageObject\",\"@id\":\"https:\/\/www.ckiopodkowa.pl\/#personlogo\",\"inLanguage\":\"pl-PL\",\"url\":\"https:\/\/secure.gravatar.com\/avatar\/06768c0942b0d44629c19894f46ebfbeecb968e3d2029a19581a606d7c1453bb?s=96&d=mm&r=g\",\"caption\":\"Paulina Soczewka\"}}]}<\/script>\n<!-- \/ Yoast SEO Premium plugin. -->","_links":{"self":[{"href":"https:\/\/www.ckiopodkowa.pl\/index.php\/wp-json\/wp\/v2\/posts\/10153","targetHints":{"allow":["GET"]}}],"collection":[{"href":"https:\/\/www.ckiopodkowa.pl\/index.php\/wp-json\/wp\/v2\/posts"}],"about":[{"href":"https:\/\/www.ckiopodkowa.pl\/index.php\/wp-json\/wp\/v2\/types\/post"}],"author":[{"embeddable":true,"href":"https:\/\/www.ckiopodkowa.pl\/index.php\/wp-json\/wp\/v2\/users\/10"}],"replies":[{"embeddable":true,"href":"https:\/\/www.ckiopodkowa.pl\/index.php\/wp-json\/wp\/v2\/comments?post=10153"}],"version-history":[{"count":7,"href":"https:\/\/www.ckiopodkowa.pl\/index.php\/wp-json\/wp\/v2\/posts\/10153\/revisions"}],"predecessor-version":[{"id":10378,"href":"https:\/\/www.ckiopodkowa.pl\/index.php\/wp-json\/wp\/v2\/posts\/10153\/revisions\/10378"}],"wp:featuredmedia":[{"embeddable":true,"href":"https:\/\/www.ckiopodkowa.pl\/index.php\/wp-json\/wp\/v2\/media\/10154"}],"wp:attachment":[{"href":"https:\/\/www.ckiopodkowa.pl\/index.php\/wp-json\/wp\/v2\/media?parent=10153"}],"wp:term":[{"taxonomy":"category","embeddable":true,"href":"https:\/\/www.ckiopodkowa.pl\/index.php\/wp-json\/wp\/v2\/categories?post=10153"},{"taxonomy":"post_tag","embeddable":true,"href":"https:\/\/www.ckiopodkowa.pl\/index.php\/wp-json\/wp\/v2\/tags?post=10153"}],"curies":[{"name":"wp","href":"https:\/\/api.w.org\/{rel}","templated":true}]}}