{"id":10091,"date":"2023-05-24T14:25:00","date_gmt":"2023-05-24T12:25:00","guid":{"rendered":"https:\/\/www.ckiopodkowa.pl\/?p=10091"},"modified":"2023-06-05T13:43:41","modified_gmt":"2023-06-05T11:43:41","slug":"wielokulturowy-dzien-dziecka","status":"publish","type":"post","link":"https:\/\/www.ckiopodkowa.pl\/index.php\/2023\/05\/24\/wielokulturowy-dzien-dziecka\/","title":{"rendered":"Wielokulturowy Dzie\u0144 Dziecka"},"content":{"rendered":"\t\t<div data-elementor-type=\"wp-post\" data-elementor-id=\"10091\" class=\"elementor elementor-10091\" data-elementor-post-type=\"post\">\n\t\t\t\t\t\t<section class=\"elementor-section elementor-top-section elementor-element elementor-element-26fb817 elementor-section-boxed elementor-section-height-default elementor-section-height-default\" data-id=\"26fb817\" data-element_type=\"section\">\n\t\t\t\t\t\t<div class=\"elementor-container elementor-column-gap-default\">\n\t\t\t\t\t<div class=\"elementor-column elementor-col-100 elementor-top-column elementor-element elementor-element-d433880\" data-id=\"d433880\" data-element_type=\"column\">\n\t\t\t<div class=\"elementor-widget-wrap elementor-element-populated\">\n\t\t\t\t\t\t<div class=\"elementor-element elementor-element-6b11541 elementor-widget elementor-widget-heading\" data-id=\"6b11541\" data-element_type=\"widget\" data-widget_type=\"heading.default\">\n\t\t\t\t<div class=\"elementor-widget-container\">\n\t\t\t\t\t<h2 class=\"elementor-heading-title elementor-size-default\">W niedziel\u0119 4 czerwca o godz. 12:00  zapraszamy na wsp\u00f3lne \u015bwi\u0119towanie Dnia Dziecka. Przygotowali\u015bmy dla Was moc atrakcji. Zapraszamy wszystkie dzieci ma\u0142e i du\u017ce do wsp\u00f3lnej zabawy. Miejsce: plener przed Pa\u0142acykiem Kasyno. Wst\u0119p wolny!\n<\/h2>\t\t\t\t<\/div>\n\t\t\t\t<\/div>\n\t\t\t\t\t<\/div>\n\t\t<\/div>\n\t\t\t\t\t<\/div>\n\t\t<\/section>\n\t\t\t\t<section class=\"elementor-section elementor-top-section elementor-element elementor-element-8a5f73b elementor-section-boxed elementor-section-height-default elementor-section-height-default\" data-id=\"8a5f73b\" data-element_type=\"section\">\n\t\t\t\t\t\t<div class=\"elementor-container elementor-column-gap-default\">\n\t\t\t\t\t<div class=\"elementor-column elementor-col-100 elementor-top-column elementor-element elementor-element-2aafef9\" data-id=\"2aafef9\" data-element_type=\"column\">\n\t\t\t<div class=\"elementor-widget-wrap elementor-element-populated\">\n\t\t\t\t\t\t<div class=\"elementor-element elementor-element-38f7aee elementor-widget elementor-widget-text-editor\" data-id=\"38f7aee\" data-element_type=\"widget\" data-widget_type=\"text-editor.default\">\n\t\t\t\t<div class=\"elementor-widget-container\">\n\t\t\t\t\t\t\t\t\t<p><span class=\"x193iq5w xeuugli x13faqbe x1vvkbs x1xmvt09 x1lliihq x1s928wv xhkezso x1gmr53x x1cpjm7i x1fgarty x1943h6x xudqn12 x3x7a5m x6prxxf xvq8zen xo1l8bm xzsf02u\" dir=\"auto\">W programie: <br \/>&#8211; spektakl muzyczny &#8222;Ptasie Wesele&#8221; w wykonaniu <em>Teatrzyku S\u0142uchaj Uchem<\/em> &#8211; godz. 12:30<br \/>&#8211; warsztaty sportowe, graffiti, cyrkowe, artystyczne <br \/>&#8211; fotobudka<br \/>&#8211; tatua\u017ce brokatowe <br \/>&#8211; strzelanie z \u0142uku<br \/>&#8211; kolorowe warkoczyki<br \/>&#8211; dmuchana zje\u017cd\u017calnia <br \/>&#8211; wege przek\u0105ski z r\u00f3\u017cnych stron \u015bwiata <\/span><\/p><div class=\"x11i5rnm xat24cr x1mh8g0r x1vvkbs xtlvy1s\">Organizator: CKiIO, Fundacja dla Wolno\u015bci, Przystanek &#8222;\u015awietlica&#8221; dla dzieci uchod\u017aczych, UNHCR, Fundacja Dobry Start<\/div><div>\u00a0<\/div><div><p>Wydarzenie w ramach projektu \u201eWitam S\u0105siada! Integracja migrant\u00f3w i migrantek w lokalnych spo\u0142eczno\u015bciach\u201d finansowanego przez Islandi\u0119, Liechtenstein i Norwegi\u0119 z Funduszy EOG w ramach Programu Aktywni Obywatele \u2013 Fundusz Regionalny. Projekt jest realizowany wsp\u00f3lnie przez Fundacj\u0119 Polskie Forum Migracyjne, Fundacj\u0119 dla Wolno\u015bci, Gmin\u0119 Izabelin, Gmin\u0119 Marki oraz Gmin\u0119 Podkowa Le\u015bna.<\/p><\/div>\t\t\t\t\t\t\t\t<\/div>\n\t\t\t\t<\/div>\n\t\t\t\t\t<\/div>\n\t\t<\/div>\n\t\t\t\t\t<\/div>\n\t\t<\/section>\n\t\t\t\t<section class=\"elementor-section elementor-top-section elementor-element elementor-element-8ddf05c elementor-section-boxed elementor-section-height-default elementor-section-height-default\" data-id=\"8ddf05c\" data-element_type=\"section\">\n\t\t\t\t\t\t<div class=\"elementor-container elementor-column-gap-default\">\n\t\t\t\t\t<div class=\"elementor-column elementor-col-100 elementor-top-column elementor-element elementor-element-b05875b\" data-id=\"b05875b\" data-element_type=\"column\">\n\t\t\t<div class=\"elementor-widget-wrap elementor-element-populated\">\n\t\t\t\t\t\t<div class=\"elementor-element elementor-element-fe48686 elementor-widget elementor-widget-image\" data-id=\"fe48686\" data-element_type=\"widget\" data-widget_type=\"image.default\">\n\t\t\t\t<div class=\"elementor-widget-container\">\n\t\t\t\t\t\t\t\t\t\t\t\t\t\t\t<img fetchpriority=\"high\" decoding=\"async\" width=\"850\" height=\"142\" src=\"https:\/\/www.ckiopodkowa.pl\/wp-content\/uploads\/2023\/05\/tt.jpg\" class=\"attachment-large size-large wp-image-10262\" alt=\"\" srcset=\"https:\/\/www.ckiopodkowa.pl\/wp-content\/uploads\/2023\/05\/tt.jpg 850w, https:\/\/www.ckiopodkowa.pl\/wp-content\/uploads\/2023\/05\/tt-600x100.jpg 600w, https:\/\/www.ckiopodkowa.pl\/wp-content\/uploads\/2023\/05\/tt-768x128.jpg 768w\" sizes=\"(max-width: 850px) 100vw, 850px\" \/>\t\t\t\t\t\t\t\t\t\t\t\t\t\t\t<\/div>\n\t\t\t\t<\/div>\n\t\t\t\t\t<\/div>\n\t\t<\/div>\n\t\t\t\t\t<\/div>\n\t\t<\/section>\n\t\t\t\t<\/div>\n\t\t","protected":false},"excerpt":{"rendered":"<p>W niedziel\u0119 4 czerwca o godz. 12:00 zapraszamy na wsp\u00f3lne \u015bwi\u0119towanie Dnia Dziecka. Przygotowali\u015bmy dla Was moc atrakcji. Zapraszamy wszystkie dzieci ma\u0142e i du\u017ce do wsp\u00f3lnej zabawy. Miejsce: plener przed Pa\u0142acykiem Kasyno. Wst\u0119p wolny! W programie: &#8211; spektakl muzyczny &#8222;Ptasie Wesele&#8221; w wykonaniu Teatrzyku S\u0142uchaj Uchem &#8211; godz. 12:30&#8211; warsztaty sportowe, graffiti, cyrkowe, artystyczne &#8211; [&hellip;]<\/p>\n","protected":false},"author":10,"featured_media":10190,"comment_status":"closed","ping_status":"closed","sticky":false,"template":"","format":"standard","meta":{"ocean_post_layout":"","ocean_both_sidebars_style":"","ocean_both_sidebars_content_width":0,"ocean_both_sidebars_sidebars_width":0,"ocean_sidebar":"0","ocean_second_sidebar":"0","ocean_disable_margins":"enable","ocean_add_body_class":"","ocean_shortcode_before_top_bar":"","ocean_shortcode_after_top_bar":"","ocean_shortcode_before_header":"","ocean_shortcode_after_header":"","ocean_has_shortcode":"","ocean_shortcode_after_title":"","ocean_shortcode_before_footer_widgets":"","ocean_shortcode_after_footer_widgets":"","ocean_shortcode_before_footer_bottom":"","ocean_shortcode_after_footer_bottom":"","ocean_display_top_bar":"default","ocean_display_header":"default","ocean_header_style":"","ocean_center_header_left_menu":"0","ocean_custom_header_template":"0","ocean_custom_logo":0,"ocean_custom_retina_logo":0,"ocean_custom_logo_max_width":0,"ocean_custom_logo_tablet_max_width":0,"ocean_custom_logo_mobile_max_width":0,"ocean_custom_logo_max_height":0,"ocean_custom_logo_tablet_max_height":0,"ocean_custom_logo_mobile_max_height":0,"ocean_header_custom_menu":"0","ocean_menu_typo_font_family":"0","ocean_menu_typo_font_subset":"","ocean_menu_typo_font_size":0,"ocean_menu_typo_font_size_tablet":0,"ocean_menu_typo_font_size_mobile":0,"ocean_menu_typo_font_size_unit":"px","ocean_menu_typo_font_weight":"","ocean_menu_typo_font_weight_tablet":"","ocean_menu_typo_font_weight_mobile":"","ocean_menu_typo_transform":"","ocean_menu_typo_transform_tablet":"","ocean_menu_typo_transform_mobile":"","ocean_menu_typo_line_height":0,"ocean_menu_typo_line_height_tablet":0,"ocean_menu_typo_line_height_mobile":0,"ocean_menu_typo_line_height_unit":"","ocean_menu_typo_spacing":0,"ocean_menu_typo_spacing_tablet":0,"ocean_menu_typo_spacing_mobile":0,"ocean_menu_typo_spacing_unit":"","ocean_menu_link_color":"","ocean_menu_link_color_hover":"","ocean_menu_link_color_active":"","ocean_menu_link_background":"","ocean_menu_link_hover_background":"","ocean_menu_link_active_background":"","ocean_menu_social_links_bg":"","ocean_menu_social_hover_links_bg":"","ocean_menu_social_links_color":"","ocean_menu_social_hover_links_color":"","ocean_disable_title":"default","ocean_disable_heading":"default","ocean_post_title":"","ocean_post_subheading":"","ocean_post_title_style":"","ocean_post_title_background_color":"","ocean_post_title_background":0,"ocean_post_title_bg_image_position":"","ocean_post_title_bg_image_attachment":"","ocean_post_title_bg_image_repeat":"","ocean_post_title_bg_image_size":"","ocean_post_title_height":0,"ocean_post_title_bg_overlay":0.5,"ocean_post_title_bg_overlay_color":"","ocean_disable_breadcrumbs":"default","ocean_breadcrumbs_color":"","ocean_breadcrumbs_separator_color":"","ocean_breadcrumbs_links_color":"","ocean_breadcrumbs_links_hover_color":"","ocean_display_footer_widgets":"default","ocean_display_footer_bottom":"default","ocean_custom_footer_template":"0","ocean_post_oembed":"","ocean_post_self_hosted_media":"","ocean_post_video_embed":"","ocean_link_format":"","ocean_link_format_target":"self","ocean_quote_format":"","ocean_quote_format_link":"post","ocean_gallery_link_images":"off","ocean_gallery_id":[],"footnotes":""},"categories":[26],"tags":[38,54,423,162,80,37,56,529],"class_list":["post-10091","post","type-post","status-publish","format-standard","has-post-thumbnail","hentry","category-aktualnosci","tag-centrum-kultury-i-inicjatyw-obywatelskich-w-podkowie-lesnej","tag-ckiio","tag-dla-dzieci","tag-dzien-dziecka","tag-palacyk-kasyno","tag-podkowa-lesna","tag-spektakl","tag-wielokulturowy","entry","has-media"],"yoast_head":"<!-- This site is optimized with the Yoast SEO Premium plugin v15.2.1 - https:\/\/yoast.com\/wordpress\/plugins\/seo\/ -->\n<title>Wielokulturowy Dzie\u0144 Dziecka - CKiO Podkowa Le\u015bna<\/title>\n<meta name=\"robots\" content=\"index, follow, max-snippet:-1, max-image-preview:large, max-video-preview:-1\" \/>\n<link rel=\"canonical\" href=\"https:\/\/www.ckiopodkowa.pl\/index.php\/2023\/05\/24\/wielokulturowy-dzien-dziecka\/\" \/>\n<meta property=\"og:locale\" content=\"pl_PL\" \/>\n<meta property=\"og:type\" content=\"article\" \/>\n<meta property=\"og:title\" content=\"Wielokulturowy Dzie\u0144 Dziecka - CKiO Podkowa Le\u015bna\" \/>\n<meta property=\"og:description\" content=\"W niedziel\u0119 4 czerwca o godz. 12:00 zapraszamy na wsp\u00f3lne \u015bwi\u0119towanie Dnia Dziecka. Przygotowali\u015bmy dla Was moc atrakcji. Zapraszamy wszystkie dzieci ma\u0142e i du\u017ce do wsp\u00f3lnej zabawy. Miejsce: plener przed Pa\u0142acykiem Kasyno. Wst\u0119p wolny! W programie: &#8211; spektakl muzyczny &#8222;Ptasie Wesele&#8221; w wykonaniu Teatrzyku S\u0142uchaj Uchem &#8211; godz. 12:30&#8211; warsztaty sportowe, graffiti, cyrkowe, artystyczne &#8211; [&hellip;]\" \/>\n<meta property=\"og:url\" content=\"https:\/\/www.ckiopodkowa.pl\/index.php\/2023\/05\/24\/wielokulturowy-dzien-dziecka\/\" \/>\n<meta property=\"og:site_name\" content=\"CKiO Podkowa Le\u015bna\" \/>\n<meta property=\"article:published_time\" content=\"2023-05-24T12:25:00+00:00\" \/>\n<meta property=\"article:modified_time\" content=\"2023-06-05T11:43:41+00:00\" \/>\n<meta property=\"og:image\" content=\"https:\/\/www.ckiopodkowa.pl\/wp-content\/uploads\/2023\/05\/1.png\" \/>\n\t<meta property=\"og:image:width\" content=\"1587\" \/>\n\t<meta property=\"og:image:height\" content=\"2245\" \/>\n<meta name=\"twitter:card\" content=\"summary_large_image\" \/>\n<meta name=\"twitter:label1\" content=\"Napisane przez\">\n\t<meta name=\"twitter:data1\" content=\"Paulina Soczewka\">\n\t<meta name=\"twitter:label2\" content=\"Szacowany czas czytania\">\n\t<meta name=\"twitter:data2\" content=\"1 minuta\">\n<script type=\"application\/ld+json\" class=\"yoast-schema-graph\">{\"@context\":\"https:\/\/schema.org\",\"@graph\":[{\"@type\":\"WebSite\",\"@id\":\"https:\/\/www.ckiopodkowa.pl\/#website\",\"url\":\"https:\/\/www.ckiopodkowa.pl\/\",\"name\":\"CKiO Podkowa Le\\u015bna\",\"description\":\"\",\"potentialAction\":[{\"@type\":\"SearchAction\",\"target\":\"https:\/\/www.ckiopodkowa.pl\/?s={search_term_string}\",\"query-input\":\"required name=search_term_string\"}],\"inLanguage\":\"pl-PL\"},{\"@type\":\"ImageObject\",\"@id\":\"https:\/\/www.ckiopodkowa.pl\/index.php\/2023\/05\/24\/wielokulturowy-dzien-dziecka\/#primaryimage\",\"inLanguage\":\"pl-PL\",\"url\":\"https:\/\/www.ckiopodkowa.pl\/wp-content\/uploads\/2023\/05\/1.png\",\"width\":1587,\"height\":2245},{\"@type\":\"WebPage\",\"@id\":\"https:\/\/www.ckiopodkowa.pl\/index.php\/2023\/05\/24\/wielokulturowy-dzien-dziecka\/#webpage\",\"url\":\"https:\/\/www.ckiopodkowa.pl\/index.php\/2023\/05\/24\/wielokulturowy-dzien-dziecka\/\",\"name\":\"Wielokulturowy Dzie\\u0144 Dziecka - CKiO Podkowa Le\\u015bna\",\"isPartOf\":{\"@id\":\"https:\/\/www.ckiopodkowa.pl\/#website\"},\"primaryImageOfPage\":{\"@id\":\"https:\/\/www.ckiopodkowa.pl\/index.php\/2023\/05\/24\/wielokulturowy-dzien-dziecka\/#primaryimage\"},\"datePublished\":\"2023-05-24T12:25:00+00:00\",\"dateModified\":\"2023-06-05T11:43:41+00:00\",\"author\":{\"@id\":\"https:\/\/www.ckiopodkowa.pl\/#\/schema\/person\/fe8183879faf2a5171bab7e34189804e\"},\"breadcrumb\":{\"@id\":\"https:\/\/www.ckiopodkowa.pl\/index.php\/2023\/05\/24\/wielokulturowy-dzien-dziecka\/#breadcrumb\"},\"inLanguage\":\"pl-PL\",\"potentialAction\":[{\"@type\":\"ReadAction\",\"target\":[\"https:\/\/www.ckiopodkowa.pl\/index.php\/2023\/05\/24\/wielokulturowy-dzien-dziecka\/\"]}]},{\"@type\":\"BreadcrumbList\",\"@id\":\"https:\/\/www.ckiopodkowa.pl\/index.php\/2023\/05\/24\/wielokulturowy-dzien-dziecka\/#breadcrumb\",\"itemListElement\":[{\"@type\":\"ListItem\",\"position\":1,\"item\":{\"@type\":\"WebPage\",\"@id\":\"https:\/\/www.ckiopodkowa.pl\/\",\"url\":\"https:\/\/www.ckiopodkowa.pl\/\",\"name\":\"Strona g\\u0142\\u00f3wna\"}},{\"@type\":\"ListItem\",\"position\":2,\"item\":{\"@type\":\"WebPage\",\"@id\":\"https:\/\/www.ckiopodkowa.pl\/index.php\/2023\/05\/24\/wielokulturowy-dzien-dziecka\/\",\"url\":\"https:\/\/www.ckiopodkowa.pl\/index.php\/2023\/05\/24\/wielokulturowy-dzien-dziecka\/\",\"name\":\"Wielokulturowy Dzie\\u0144 Dziecka\"}}]},{\"@type\":\"Person\",\"@id\":\"https:\/\/www.ckiopodkowa.pl\/#\/schema\/person\/fe8183879faf2a5171bab7e34189804e\",\"name\":\"Paulina Soczewka\",\"image\":{\"@type\":\"ImageObject\",\"@id\":\"https:\/\/www.ckiopodkowa.pl\/#personlogo\",\"inLanguage\":\"pl-PL\",\"url\":\"https:\/\/secure.gravatar.com\/avatar\/06768c0942b0d44629c19894f46ebfbeecb968e3d2029a19581a606d7c1453bb?s=96&d=mm&r=g\",\"caption\":\"Paulina Soczewka\"}}]}<\/script>\n<!-- \/ Yoast SEO Premium plugin. -->","_links":{"self":[{"href":"https:\/\/www.ckiopodkowa.pl\/index.php\/wp-json\/wp\/v2\/posts\/10091","targetHints":{"allow":["GET"]}}],"collection":[{"href":"https:\/\/www.ckiopodkowa.pl\/index.php\/wp-json\/wp\/v2\/posts"}],"about":[{"href":"https:\/\/www.ckiopodkowa.pl\/index.php\/wp-json\/wp\/v2\/types\/post"}],"author":[{"embeddable":true,"href":"https:\/\/www.ckiopodkowa.pl\/index.php\/wp-json\/wp\/v2\/users\/10"}],"replies":[{"embeddable":true,"href":"https:\/\/www.ckiopodkowa.pl\/index.php\/wp-json\/wp\/v2\/comments?post=10091"}],"version-history":[{"count":33,"href":"https:\/\/www.ckiopodkowa.pl\/index.php\/wp-json\/wp\/v2\/posts\/10091\/revisions"}],"predecessor-version":[{"id":10265,"href":"https:\/\/www.ckiopodkowa.pl\/index.php\/wp-json\/wp\/v2\/posts\/10091\/revisions\/10265"}],"wp:featuredmedia":[{"embeddable":true,"href":"https:\/\/www.ckiopodkowa.pl\/index.php\/wp-json\/wp\/v2\/media\/10190"}],"wp:attachment":[{"href":"https:\/\/www.ckiopodkowa.pl\/index.php\/wp-json\/wp\/v2\/media?parent=10091"}],"wp:term":[{"taxonomy":"category","embeddable":true,"href":"https:\/\/www.ckiopodkowa.pl\/index.php\/wp-json\/wp\/v2\/categories?post=10091"},{"taxonomy":"post_tag","embeddable":true,"href":"https:\/\/www.ckiopodkowa.pl\/index.php\/wp-json\/wp\/v2\/tags?post=10091"}],"curies":[{"name":"wp","href":"https:\/\/api.w.org\/{rel}","templated":true}]}}