{"id":10057,"date":"2023-05-11T15:23:22","date_gmt":"2023-05-11T13:23:22","guid":{"rendered":"https:\/\/www.ckiopodkowa.pl\/?p=10057"},"modified":"2023-05-12T15:26:19","modified_gmt":"2023-05-12T13:26:19","slug":"na-skrzydlach-wyobrazni-wystawa-rzezb-katarzyny-bulki-matlacz","status":"publish","type":"post","link":"https:\/\/www.ckiopodkowa.pl\/index.php\/2023\/05\/11\/na-skrzydlach-wyobrazni-wystawa-rzezb-katarzyny-bulki-matlacz\/","title":{"rendered":"Na skrzyd\u0142ach wyobra\u017ani &#8211; wystawa rze\u017ab Katarzyny Bu\u0142ki Mat\u0142acz"},"content":{"rendered":"\n<h2 class=\"wp-block-heading\" id=\"h-dom-no-7-przestrze-kameralna-oraz-katarzyna-artur-i-franciszek-tusi-scy-zapraszaj-na-wystaw-rze-b-katarzyny-bu-ki-mat-acz-na-skrzyd-ach-wyobra-ni-czyli-remedium-na-codzienno-po-czony-z-inauguracj-nowej-artystycznej-przestrzeni-na-kulturalnej-mapie-podkowy-le-nej-przy-ul-helenowskiej-7-wst-p-wolny\">Dom no 7 &#8211; Przestrze\u0144 Kameralna oraz Katarzyna, Artur i Franciszek Tusi\u0144scy zapraszaj\u0105 na wystaw\u0119 rze\u017ab Katarzyny Bu\u0142ki Mat\u0142acz &#8222;Na skrzyd\u0142ach wyobra\u017ani, czyli remedium na codzienno\u015b\u0107&#8221;, po\u0142\u0105czony z inauguracj\u0105 nowej, artystycznej przestrzeni na kulturalnej mapie Podkowy Le\u015bnej, przy ul. Helenowskiej 7. Wst\u0119p wolny. <\/h2>\n\n\n\n<p><strong>Wernisa\u017c wystawy w sobot\u0119 20 maja o godz. 17.00. <\/strong><\/p>\n\n\n\n<p><strong>Wst\u0119p na wernisa\u017c z zaproszeniami | Wst\u0119p na wystaw\u0119 wolny &#8211; rezerwacja termin\u00f3w zwiedzania poprzez formularz na stronie:\u00a0<a href=\"http:\/\/www.domnr7.pl\/\" target=\"_blank\" rel=\"noreferrer noopener\">www.domnr7.pl<\/a><\/strong><\/p>\n\n\n\n<p><strong>Ekspozycja czynna: 20 maja \u2013 18 czerwca 2023 \u00a0\u00a0\u00a0\u00a0\u00a0\u00a0\u00a0\u00a0<\/strong>\u00a0\u00a0\u00a0\u00a0\u00a0\u00a0\u00a0\u00a0\u00a0\u00a0\u00a0\u00a0\u00a0\u00a0\u00a0\u00a0\u00a0\u00a0\u00a0\u00a0\u00a0\u00a0\u00a0\u00a0\u00a0\u00a0\u00a0\u00a0\u00a0\u00a0\u00a0\u00a0\u00a0\u00a0\u00a0\u00a0\u00a0\u00a0\u00a0\u00a0\u00a0\u00a0\u00a0\u00a0\u00a0\u00a0\u00a0\u00a0\u00a0\u00a0\u00a0\u00a0\u00a0\u00a0\u00a0\u00a0\u00a0\u00a0\u00a0\u00a0\u00a0\u00a0\u00a0\u00a0\u00a0<\/p>\n\n\n\n<p><strong>Finisa\u017c wystawy: 18 czerwca, godz. 12.00-16.00<\/strong> | Wydarzenie towarzysz\u0105ce XIX Festiwalowi Otwarte Ogrody w Podkowie Le\u015bnej<\/p>\n\n\n\n<p>Kurator wystawy <strong>Sylwia Krzemianowska<\/strong><\/p>\n\n\n\n<p>Dom No 7 to miejsce o bogatej historii artystycznej, to tak\u017ce pierwsza prywatna galeria sztuki w Polsce, za\u0142o\u017cona w latach 50-tych ubieg\u0142ego stulecia przez wieloletnich w\u0142a\u015bcicieli wybitnych ceramik\u00f3w Hann\u0119 i Leszka Nowosielskich przy swoim atelier. Arty\u015bci zar\u00f3wno dom i ogr\u00f3d naznaczyli charakterem swojej tw\u00f3rczo\u015bci &#8211; wybrane unikatowe obiekty ceramiczne \u2013 obrazy i p\u0142askorze\u017aby mo\u017cemy podziwia\u0107 do dzi\u015b w nowej ods\u0142onie pracowni.<\/p>\n\n\n\n<p>Patronat Honorowy: <strong>Marsza\u0142ek Wojew\u00f3dztwa Mazowieckiego<\/strong> | <strong>Zarz\u0105d G\u0142\u00f3wny Zwi\u0105zku Polskich Artyst\u00f3w Plastyk\u00f3w<\/strong> | P<strong>ortal Artinfo.pl <\/strong>| <strong>Centrum Kultury i Inicjatyw Obywatelskich w Podkowie Le\u015bnej<\/strong><\/p>\n\n\n\n<p>Sponsorzy wydarzenia: Orka Team | Firma Kamieniarz Warszawski<\/p>\n\n\n\n<p><strong>KATARZYNA BU\u0141KA MAT\u0141ACZ<\/strong><\/p>\n\n\n\n<p>Katarzyna Bu\u0142ka Mat\u0142acz uko\u0144czy\u0142a Akademi\u0119 Sztuk Pi\u0119knych w Warszawie na Wydziale Rze\u017aby w 1991 roku. Studiowa\u0142a u profesor\u00f3w: G.Zem\u0142y, S. Kulona, J. Kucza, P. Gawrona, J. Pastwy i T. \u0141odziany.<\/p>\n\n\n\n<p>W 1996 roku otrzyma\u0142a Stypendium Ministerstwa Kultury i Sztuki.<br>Jest cz\u0142onkiem Zwi\u0105zku Polskich Artyst\u00f3w Plastyk\u00f3w w Warszawie oraz Francuskiego Stowarzyszenia Art&#8217;PAIR International.<\/p>\n\n\n\n<p>Credo artystki: \u201eStaram si\u0119 aby moje rze\u017aby mia\u0142y struktur\u0119 kontemplacyjn\u0105, sprzyjaj\u0105c\u0105 medytacji i g\u0142\u0119bszemu spojrzeniu w g\u0142\u0105b siebie. W swoich pracach pragn\u0119 otworzy\u0107 przestrze\u0144 dla dozna\u0144 duchowych i drzwi do teatru wyobra\u017ani, kt\u00f3rego scena jest jak kosmos- niesko\u0144czona.&#8221;<\/p>\n\n\n\n<p>Rze\u017abiarka w swojej pracy korzysta z techniki traconego wosku &#8211; metody odlewniczej znanej ju\u017c w staro\u017cytno\u015bci. Ten spos\u00f3b wykonywania artystycznych odlew\u00f3w z br\u0105zu wymaga wyj\u0105tkowej cierpliwo\u015bci i ogromnej precyzji. Po wielu latach eksperyment\u00f3w opracowa\u0142a r\u00f3wnie\u017c autorsk\u0105 technik\u0119 stapiania szk\u0142a w piecu wysokotemperaturowym.<br>Wykorzystuj\u0105c obie te techniki, tworzy unikatowe rze\u017aby w br\u0105zie i szkle, bogate w metafory i magiczne sploty. Ka\u017cda z jej rze\u017ab jest nasycona ukrytymi znaczeniami, tajemnicami i podtekstami.<\/p>\n\n\n\n<p>Rze\u017aby Katarzyny Bu\u0142ki Mat\u0142acz przeznaczone s\u0105 dla wra\u017cliwych odbiorc\u00f3w, kt\u00f3rzy pragn\u0105 kontemplowa\u0107 metafizyczny \u015bwiat wyobra\u017ani. Ka\u017cda rze\u017aba jest dzie\u0142em niepowtarzalnym i oryginalnym, jedynym w swoim rodzaju, wykonanym z niezwyk\u0142\u0105 staranno\u015bci\u0105 i szacunkiem dla odbiorcy.<\/p>\n\n\n\n<p>Artystka nawi\u0105zuje wyj\u0105tkow\u0105 relacj\u0119 z publiczno\u015bci\u0105. Jej rze\u017aby s\u0105 doskonale przyjmowane na rynku sztuki w Polsce i na \u015bwiecie, ciesz\u0105c si\u0119 uznaniem zar\u00f3wno w\u015br\u00f3d nowych nabywc\u00f3w jak i sta\u0142ych kolekcjoner\u00f3w.<br>Prace rze\u017abiarki znajduj\u0105 si\u0119 w kolekcjach znanych osobisto\u015bci \u015bwiata kultury i polityki. Jej tw\u00f3rczo\u015b\u0107 zosta\u0142a wyr\u00f3\u017cniona licznymi nagrodami, w tym:<\/p>\n\n\n\n<p>GRAND PRIX i Z\u0142oty Medal na Salon d&#8217;Automne Coubron w Pary\u017cu<br>za rze\u017ab\u0119 &#8222;Sen o Wenecji&#8221; (listopad &#8211; 2013 r.)<\/p>\n\n\n\n<p>Druga Nagroda oraz Nagroda Publiczno\u015bci na Salonie Wielkopolskim,<br>za rze\u017ab\u0119 ,,Carmen&#8221;- 2012 r.<\/p>\n\n\n\n<p>Udzia\u0142 w Fina\u0142owej Wystawie Pokonkursowej Summer Exhibition 2016 w Castle Gallery w Birmingham, zorganizowanej przez INSIGHT Building Creative Talent.<\/p>\n\n\n\n<p>Wyr\u00f3\u017cnienie w III Edycji Konkursu Sztuki \u201eNanoArt&#8221;, za rze\u017ab\u0119 \u201eNanocz\u0105steczka&#8221; (Galerie Roi Dore &#8211; Pary\u017c sierpie\u0144 &#8211; 2017 r.)<\/p>\n\n\n\n<p>Rze\u017aby Katarzyny Bu\u0142ki Mat\u0142acz znajduj\u0105 si\u0119 w prywatnych kolekcjach i galeriach na ca\u0142ym \u015bwiecie, m.in. w Austrii, Francji, Niemczech, Holandii, Wielkiej Brytanii, Stanach Zjednoczonych, Japonii, Polsce. Artystka tworzy tak\u017ce prace na zam\u00f3wienie wielu firm i jest autork\u0105 kilkudziesi\u0119ciu presti\u017cowych statuetek i nagr\u00f3d m. in.:<\/p>\n\n\n\n<p>HALL of FAME- najwa\u017cniejsza europejska nagroda dla najwybitniejszych bryd\u017cyst\u00f3w, wr\u0119czana przez European Bridge League w Lozannie.<\/p>\n\n\n\n<p>GAZELE BIZNESU- nagroda gospodarcza dziennika Puls Biznesu.<\/p>\n\n\n\n<p>PORTFEL WPROST- nagroda gospodarcza tygodnika WPROST,<\/p>\n\n\n\n<p>M\u0118SKA RZECZ- nagroda wr\u0119czana przez stacj\u0119 telewizyjn\u0105 TVN Turbo.<\/p>\n\n\n\n<p>ZWYK\u0141Y BOHATER- nagroda wr\u0119czana przez stacj\u0119 telewizyjn\u0105 TVN<\/p>\n\n\n\n<p>CHEMICZNE MARZENIE- nagroda opiniowana przez laureata Nagrody Nobla w dziedzinie fizyki Richarda Schrock&#8217;a i wr\u0119czana przez Polsk\u0105 Akademi\u0119 Nauk.<\/p>\n","protected":false},"excerpt":{"rendered":"<p>Dom no 7 &#8211; Przestrze\u0144 Kameralna oraz Katarzyna, Artur i Franciszek Tusi\u0144scy zapraszaj\u0105 na wystaw\u0119 rze\u017ab Katarzyny Bu\u0142ki Mat\u0142acz &#8222;Na skrzyd\u0142ach wyobra\u017ani, czyli remedium na codzienno\u015b\u0107&#8221;, po\u0142\u0105czony z inauguracj\u0105 nowej, artystycznej przestrzeni na kulturalnej mapie Podkowy Le\u015bnej, przy ul. Helenowskiej 7. Wst\u0119p wolny. Wernisa\u017c wystawy w sobot\u0119 20 maja o godz. 17.00. Wst\u0119p na wernisa\u017c [&hellip;]<\/p>\n","protected":false},"author":3,"featured_media":10059,"comment_status":"closed","ping_status":"closed","sticky":false,"template":"","format":"standard","meta":{"ocean_post_layout":"","ocean_both_sidebars_style":"","ocean_both_sidebars_content_width":0,"ocean_both_sidebars_sidebars_width":0,"ocean_sidebar":"0","ocean_second_sidebar":"0","ocean_disable_margins":"enable","ocean_add_body_class":"","ocean_shortcode_before_top_bar":"","ocean_shortcode_after_top_bar":"","ocean_shortcode_before_header":"","ocean_shortcode_after_header":"","ocean_has_shortcode":"","ocean_shortcode_after_title":"","ocean_shortcode_before_footer_widgets":"","ocean_shortcode_after_footer_widgets":"","ocean_shortcode_before_footer_bottom":"","ocean_shortcode_after_footer_bottom":"","ocean_display_top_bar":"default","ocean_display_header":"default","ocean_header_style":"","ocean_center_header_left_menu":"0","ocean_custom_header_template":"0","ocean_custom_logo":0,"ocean_custom_retina_logo":0,"ocean_custom_logo_max_width":0,"ocean_custom_logo_tablet_max_width":0,"ocean_custom_logo_mobile_max_width":0,"ocean_custom_logo_max_height":0,"ocean_custom_logo_tablet_max_height":0,"ocean_custom_logo_mobile_max_height":0,"ocean_header_custom_menu":"0","ocean_menu_typo_font_family":"0","ocean_menu_typo_font_subset":"","ocean_menu_typo_font_size":0,"ocean_menu_typo_font_size_tablet":0,"ocean_menu_typo_font_size_mobile":0,"ocean_menu_typo_font_size_unit":"px","ocean_menu_typo_font_weight":"","ocean_menu_typo_font_weight_tablet":"","ocean_menu_typo_font_weight_mobile":"","ocean_menu_typo_transform":"","ocean_menu_typo_transform_tablet":"","ocean_menu_typo_transform_mobile":"","ocean_menu_typo_line_height":0,"ocean_menu_typo_line_height_tablet":0,"ocean_menu_typo_line_height_mobile":0,"ocean_menu_typo_line_height_unit":"","ocean_menu_typo_spacing":0,"ocean_menu_typo_spacing_tablet":0,"ocean_menu_typo_spacing_mobile":0,"ocean_menu_typo_spacing_unit":"","ocean_menu_link_color":"","ocean_menu_link_color_hover":"","ocean_menu_link_color_active":"","ocean_menu_link_background":"","ocean_menu_link_hover_background":"","ocean_menu_link_active_background":"","ocean_menu_social_links_bg":"","ocean_menu_social_hover_links_bg":"","ocean_menu_social_links_color":"","ocean_menu_social_hover_links_color":"","ocean_disable_title":"default","ocean_disable_heading":"default","ocean_post_title":"","ocean_post_subheading":"","ocean_post_title_style":"","ocean_post_title_background_color":"","ocean_post_title_background":0,"ocean_post_title_bg_image_position":"","ocean_post_title_bg_image_attachment":"","ocean_post_title_bg_image_repeat":"","ocean_post_title_bg_image_size":"","ocean_post_title_height":0,"ocean_post_title_bg_overlay":0.5,"ocean_post_title_bg_overlay_color":"","ocean_disable_breadcrumbs":"default","ocean_breadcrumbs_color":"","ocean_breadcrumbs_separator_color":"","ocean_breadcrumbs_links_color":"","ocean_breadcrumbs_links_hover_color":"","ocean_display_footer_widgets":"default","ocean_display_footer_bottom":"default","ocean_custom_footer_template":"0","ocean_post_oembed":"","ocean_post_self_hosted_media":"","ocean_post_video_embed":"","ocean_link_format":"","ocean_link_format_target":"self","ocean_quote_format":"","ocean_quote_format_link":"post","ocean_gallery_link_images":"off","ocean_gallery_id":[],"footnotes":""},"categories":[26,19],"tags":[38,54,521,522,37,64],"class_list":["post-10057","post","type-post","status-publish","format-standard","has-post-thumbnail","hentry","category-aktualnosci","category-wystawy","tag-centrum-kultury-i-inicjatyw-obywatelskich-w-podkowie-lesnej","tag-ckiio","tag-dom-no-7","tag-katarzyna-bulka-matlacz","tag-podkowa-lesna","tag-wystawy","entry","has-media"],"yoast_head":"<!-- This site is optimized with the Yoast SEO Premium plugin v15.2.1 - https:\/\/yoast.com\/wordpress\/plugins\/seo\/ -->\n<title>Na skrzyd\u0142ach wyobra\u017ani - wystawa rze\u017ab Katarzyny Bu\u0142ki Mat\u0142acz - CKiO Podkowa Le\u015bna<\/title>\n<meta name=\"robots\" content=\"index, follow, max-snippet:-1, max-image-preview:large, max-video-preview:-1\" \/>\n<link rel=\"canonical\" href=\"https:\/\/www.ckiopodkowa.pl\/index.php\/2023\/05\/11\/na-skrzydlach-wyobrazni-wystawa-rzezb-katarzyny-bulki-matlacz\/\" \/>\n<meta property=\"og:locale\" content=\"pl_PL\" \/>\n<meta property=\"og:type\" content=\"article\" \/>\n<meta property=\"og:title\" content=\"Na skrzyd\u0142ach wyobra\u017ani - wystawa rze\u017ab Katarzyny Bu\u0142ki Mat\u0142acz - CKiO Podkowa Le\u015bna\" \/>\n<meta property=\"og:description\" content=\"Dom no 7 &#8211; Przestrze\u0144 Kameralna oraz Katarzyna, Artur i Franciszek Tusi\u0144scy zapraszaj\u0105 na wystaw\u0119 rze\u017ab Katarzyny Bu\u0142ki Mat\u0142acz &#8222;Na skrzyd\u0142ach wyobra\u017ani, czyli remedium na codzienno\u015b\u0107&#8221;, po\u0142\u0105czony z inauguracj\u0105 nowej, artystycznej przestrzeni na kulturalnej mapie Podkowy Le\u015bnej, przy ul. Helenowskiej 7. Wst\u0119p wolny. Wernisa\u017c wystawy w sobot\u0119 20 maja o godz. 17.00. Wst\u0119p na wernisa\u017c [&hellip;]\" \/>\n<meta property=\"og:url\" content=\"https:\/\/www.ckiopodkowa.pl\/index.php\/2023\/05\/11\/na-skrzydlach-wyobrazni-wystawa-rzezb-katarzyny-bulki-matlacz\/\" \/>\n<meta property=\"og:site_name\" content=\"CKiO Podkowa Le\u015bna\" \/>\n<meta property=\"article:published_time\" content=\"2023-05-11T13:23:22+00:00\" \/>\n<meta property=\"article:modified_time\" content=\"2023-05-12T13:26:19+00:00\" \/>\n<meta property=\"og:image\" content=\"https:\/\/www.ckiopodkowa.pl\/wp-content\/uploads\/2023\/05\/Dom-nr-7-otwarcie-plakat-scaled.jpg\" \/>\n\t<meta property=\"og:image:width\" content=\"1805\" \/>\n\t<meta property=\"og:image:height\" content=\"2560\" \/>\n<meta name=\"twitter:card\" content=\"summary_large_image\" \/>\n<meta name=\"twitter:label1\" content=\"Napisane przez\">\n\t<meta name=\"twitter:data1\" content=\"Micha\u0142 Burszta\">\n\t<meta name=\"twitter:label2\" content=\"Szacowany czas czytania\">\n\t<meta name=\"twitter:data2\" content=\"3 minuty\">\n<script type=\"application\/ld+json\" class=\"yoast-schema-graph\">{\"@context\":\"https:\/\/schema.org\",\"@graph\":[{\"@type\":\"WebSite\",\"@id\":\"https:\/\/www.ckiopodkowa.pl\/#website\",\"url\":\"https:\/\/www.ckiopodkowa.pl\/\",\"name\":\"CKiO Podkowa Le\\u015bna\",\"description\":\"\",\"potentialAction\":[{\"@type\":\"SearchAction\",\"target\":\"https:\/\/www.ckiopodkowa.pl\/?s={search_term_string}\",\"query-input\":\"required name=search_term_string\"}],\"inLanguage\":\"pl-PL\"},{\"@type\":\"ImageObject\",\"@id\":\"https:\/\/www.ckiopodkowa.pl\/index.php\/2023\/05\/11\/na-skrzydlach-wyobrazni-wystawa-rzezb-katarzyny-bulki-matlacz\/#primaryimage\",\"inLanguage\":\"pl-PL\",\"url\":\"https:\/\/www.ckiopodkowa.pl\/wp-content\/uploads\/2023\/05\/Dom-nr-7-otwarcie-plakat-scaled.jpg\",\"width\":1805,\"height\":2560},{\"@type\":\"WebPage\",\"@id\":\"https:\/\/www.ckiopodkowa.pl\/index.php\/2023\/05\/11\/na-skrzydlach-wyobrazni-wystawa-rzezb-katarzyny-bulki-matlacz\/#webpage\",\"url\":\"https:\/\/www.ckiopodkowa.pl\/index.php\/2023\/05\/11\/na-skrzydlach-wyobrazni-wystawa-rzezb-katarzyny-bulki-matlacz\/\",\"name\":\"Na skrzyd\\u0142ach wyobra\\u017ani - wystawa rze\\u017ab Katarzyny Bu\\u0142ki Mat\\u0142acz - CKiO Podkowa Le\\u015bna\",\"isPartOf\":{\"@id\":\"https:\/\/www.ckiopodkowa.pl\/#website\"},\"primaryImageOfPage\":{\"@id\":\"https:\/\/www.ckiopodkowa.pl\/index.php\/2023\/05\/11\/na-skrzydlach-wyobrazni-wystawa-rzezb-katarzyny-bulki-matlacz\/#primaryimage\"},\"datePublished\":\"2023-05-11T13:23:22+00:00\",\"dateModified\":\"2023-05-12T13:26:19+00:00\",\"author\":{\"@id\":\"https:\/\/www.ckiopodkowa.pl\/#\/schema\/person\/c86f9e496f06965599cdf61c3f0d7353\"},\"breadcrumb\":{\"@id\":\"https:\/\/www.ckiopodkowa.pl\/index.php\/2023\/05\/11\/na-skrzydlach-wyobrazni-wystawa-rzezb-katarzyny-bulki-matlacz\/#breadcrumb\"},\"inLanguage\":\"pl-PL\",\"potentialAction\":[{\"@type\":\"ReadAction\",\"target\":[\"https:\/\/www.ckiopodkowa.pl\/index.php\/2023\/05\/11\/na-skrzydlach-wyobrazni-wystawa-rzezb-katarzyny-bulki-matlacz\/\"]}]},{\"@type\":\"BreadcrumbList\",\"@id\":\"https:\/\/www.ckiopodkowa.pl\/index.php\/2023\/05\/11\/na-skrzydlach-wyobrazni-wystawa-rzezb-katarzyny-bulki-matlacz\/#breadcrumb\",\"itemListElement\":[{\"@type\":\"ListItem\",\"position\":1,\"item\":{\"@type\":\"WebPage\",\"@id\":\"https:\/\/www.ckiopodkowa.pl\/\",\"url\":\"https:\/\/www.ckiopodkowa.pl\/\",\"name\":\"Strona g\\u0142\\u00f3wna\"}},{\"@type\":\"ListItem\",\"position\":2,\"item\":{\"@type\":\"WebPage\",\"@id\":\"https:\/\/www.ckiopodkowa.pl\/index.php\/2023\/05\/11\/na-skrzydlach-wyobrazni-wystawa-rzezb-katarzyny-bulki-matlacz\/\",\"url\":\"https:\/\/www.ckiopodkowa.pl\/index.php\/2023\/05\/11\/na-skrzydlach-wyobrazni-wystawa-rzezb-katarzyny-bulki-matlacz\/\",\"name\":\"Na skrzyd\\u0142ach wyobra\\u017ani &#8211; wystawa rze\\u017ab Katarzyny Bu\\u0142ki Mat\\u0142acz\"}}]},{\"@type\":\"Person\",\"@id\":\"https:\/\/www.ckiopodkowa.pl\/#\/schema\/person\/c86f9e496f06965599cdf61c3f0d7353\",\"name\":\"Micha\\u0142 Burszta\",\"image\":{\"@type\":\"ImageObject\",\"@id\":\"https:\/\/www.ckiopodkowa.pl\/#personlogo\",\"inLanguage\":\"pl-PL\",\"url\":\"https:\/\/secure.gravatar.com\/avatar\/f1f4d167c304c69158a01101acd802fb2136a0a7ace154aa5a365dff7ecbce61?s=96&d=mm&r=g\",\"caption\":\"Micha\\u0142 Burszta\"}}]}<\/script>\n<!-- \/ Yoast SEO Premium plugin. -->","_links":{"self":[{"href":"https:\/\/www.ckiopodkowa.pl\/index.php\/wp-json\/wp\/v2\/posts\/10057","targetHints":{"allow":["GET"]}}],"collection":[{"href":"https:\/\/www.ckiopodkowa.pl\/index.php\/wp-json\/wp\/v2\/posts"}],"about":[{"href":"https:\/\/www.ckiopodkowa.pl\/index.php\/wp-json\/wp\/v2\/types\/post"}],"author":[{"embeddable":true,"href":"https:\/\/www.ckiopodkowa.pl\/index.php\/wp-json\/wp\/v2\/users\/3"}],"replies":[{"embeddable":true,"href":"https:\/\/www.ckiopodkowa.pl\/index.php\/wp-json\/wp\/v2\/comments?post=10057"}],"version-history":[{"count":2,"href":"https:\/\/www.ckiopodkowa.pl\/index.php\/wp-json\/wp\/v2\/posts\/10057\/revisions"}],"predecessor-version":[{"id":10060,"href":"https:\/\/www.ckiopodkowa.pl\/index.php\/wp-json\/wp\/v2\/posts\/10057\/revisions\/10060"}],"wp:featuredmedia":[{"embeddable":true,"href":"https:\/\/www.ckiopodkowa.pl\/index.php\/wp-json\/wp\/v2\/media\/10059"}],"wp:attachment":[{"href":"https:\/\/www.ckiopodkowa.pl\/index.php\/wp-json\/wp\/v2\/media?parent=10057"}],"wp:term":[{"taxonomy":"category","embeddable":true,"href":"https:\/\/www.ckiopodkowa.pl\/index.php\/wp-json\/wp\/v2\/categories?post=10057"},{"taxonomy":"post_tag","embeddable":true,"href":"https:\/\/www.ckiopodkowa.pl\/index.php\/wp-json\/wp\/v2\/tags?post=10057"}],"curies":[{"name":"wp","href":"https:\/\/api.w.org\/{rel}","templated":true}]}}